{"id":72511,"date":"2025-10-26T06:49:08","date_gmt":"2025-10-26T06:49:08","guid":{"rendered":"https:\/\/www.europesays.com\/fi\/72511\/"},"modified":"2025-10-26T06:49:08","modified_gmt":"2025-10-26T06:49:08","slug":"mies-turvautui-moottorisahaan-kajaanin-yossa-ei-olisi-kannattanut","status":"publish","type":"post","link":"https:\/\/www.europesays.com\/fi\/72511\/","title":{"rendered":"Mies turvautui moottorisahaan Kajaanin y\u00f6ss\u00e4 \u2013 Ei olisi kannattanut"},"content":{"rendered":"<p>Mies j\u00e4i kiinni verekselt\u00e4\u00e4n.<\/p>\n<p><img decoding=\"async\" class=\"image image-show image-preview\" src=\"https:\/\/www.europesays.com\/fi\/wp-content\/uploads\/2025\/10\/a6f62a0c9b123611d1664ea4cef26e345dd23a73dd61ed69903e7f519819d087.jpg\" alt=\"\"\/><img decoding=\"async\" class=\"image image-show\" src=\"https:\/\/www.europesays.com\/fi\/wp-content\/uploads\/2025\/10\/1761461348_964_a6f62a0c9b123611d1664ea4cef26e345dd23a73dd61ed69903e7f519819d087.jpg\" alt=\"\"\/><\/p>\n<p>Moottorisahastakaan ei ollut apua Kajaanin y\u00f6ss\u00e4. Kuvituskuva. AOP<\/p>\n<p class=\"paragraph\">Moottorisahamiehen aikeet Kajaanin y\u00f6ss\u00e4 eiv\u00e4t onnistuneet kuin elokuvissa.<\/p>\n<p class=\"paragraph\">\u201dKaksitahtibensiinille haiseva\u201d mies yritti murtautua paikalliseen kauppaan sunnuntain vastaisena y\u00f6n\u00e4 keskiy\u00f6n j\u00e4lkeen. Mies pinkaisi karkuun, kun poliisit saapuivat paikalle.<\/p>\n<p class=\"paragraph\">Poliisin mukaan tilanteessa k\u00e4ytiin lyhyt juoksukilpailu, jonka p\u00e4\u00e4tteeksi koirapartio sai miehen kiinni. H\u00e4net kuljetettiin poliisivankilaan.<\/p>\n<p class=\"paragraph\">Poliisin havaintojen mukaan mies oli rikkonut kaupan etuoven lasin. T\u00e4st\u00e4 ei kuitenkaan ollut miehelle apua liikkeeseen p\u00e4\u00e4semisess\u00e4, joten seuraavaksi k\u00e4yntiin p\u00e4r\u00e4hti moottorisaha.<\/p>\n<p class=\"paragraph\">Mies oli sahannut rei\u00e4n kaupan lastauslaiturin oveen, mutta poliisin mukaan t\u00e4m\u00e4k\u00e4\u00e4n ei tepsinyt. Poliisi ep\u00e4ilee miest\u00e4 rikoksesta.<\/p>\n","protected":false},"excerpt":{"rendered":"Mies j\u00e4i kiinni verekselt\u00e4\u00e4n. Moottorisahastakaan ei ollut apua Kajaanin y\u00f6ss\u00e4. Kuvituskuva. AOP Moottorisahamiehen aikeet Kajaanin y\u00f6ss\u00e4 eiv\u00e4t onnistuneet&hellip;\n","protected":false},"author":2,"featured_media":72512,"comment_status":"","ping_status":"","sticky":false,"template":"","format":"standard","meta":{"footnotes":""},"categories":[12],"tags":[35,22,23,26,27,33,31,30,17,55,53,24,25,28,29,15,18,21,122,54,52,32,19,20,16],"class_list":{"0":"post-72511","1":"post","2":"type-post","3":"status-publish","4":"format-standard","5":"has-post-thumbnail","7":"category-suomi","8":"tag-24h","9":"tag-breaking-news","10":"tag-breakingnews","11":"tag-featured-news","12":"tag-featurednews","13":"tag-fi","14":"tag-finland","15":"tag-finnish","16":"tag-headlines","17":"tag-lainvalvonta","18":"tag-laki-oikeus-ja-rikos","19":"tag-latest-news","20":"tag-latestnews","21":"tag-main-news","22":"tag-mainnews","23":"tag-news","24":"tag-otsikot","25":"tag-paauutiset","26":"tag-pelastaminen","27":"tag-pelastuspalvelut","28":"tag-poliisi","29":"tag-suomi","30":"tag-top-stories","31":"tag-topstories","32":"tag-uutiset"},"share_on_mastodon":{"url":"https:\/\/pubeurope.com\/@fi\/115439138622609941","error":""},"_links":{"self":[{"href":"https:\/\/www.europesays.com\/fi\/wp-json\/wp\/v2\/posts\/72511","targetHints":{"allow":["GET"]}}],"collection":[{"href":"https:\/\/www.europesays.com\/fi\/wp-json\/wp\/v2\/posts"}],"about":[{"href":"https:\/\/www.europesays.com\/fi\/wp-json\/wp\/v2\/types\/post"}],"author":[{"embeddable":true,"href":"https:\/\/www.europesays.com\/fi\/wp-json\/wp\/v2\/users\/2"}],"replies":[{"embeddable":true,"href":"https:\/\/www.europesays.com\/fi\/wp-json\/wp\/v2\/comments?post=72511"}],"version-history":[{"count":0,"href":"https:\/\/www.europesays.com\/fi\/wp-json\/wp\/v2\/posts\/72511\/revisions"}],"wp:featuredmedia":[{"embeddable":true,"href":"https:\/\/www.europesays.com\/fi\/wp-json\/wp\/v2\/media\/72512"}],"wp:attachment":[{"href":"https:\/\/www.europesays.com\/fi\/wp-json\/wp\/v2\/media?parent=72511"}],"wp:term":[{"taxonomy":"category","embeddable":true,"href":"https:\/\/www.europesays.com\/fi\/wp-json\/wp\/v2\/categories?post=72511"},{"taxonomy":"post_tag","embeddable":true,"href":"https:\/\/www.europesays.com\/fi\/wp-json\/wp\/v2\/tags?post=72511"}],"curies":[{"name":"wp","href":"https:\/\/api.w.org\/{rel}","templated":true}]}}