{"id":72513,"date":"2025-10-26T06:50:09","date_gmt":"2025-10-26T06:50:09","guid":{"rendered":"https:\/\/www.europesays.com\/fi\/72513\/"},"modified":"2025-10-26T06:50:09","modified_gmt":"2025-10-26T06:50:09","slug":"patrik-laine-kavi-leikkauksessa-julkaisi-nyt-legendaarisen-kommentin","status":"publish","type":"post","link":"https:\/\/www.europesays.com\/fi\/72513\/","title":{"rendered":"Patrik Laine k\u00e4vi leikkauksessa \u2013 Julkaisi nyt legendaarisen kommentin"},"content":{"rendered":"<p>Suomalaishy\u00f6kk\u00e4\u00e4j\u00e4 siteerasi Muhammad Alia.<\/p>\n<p><img decoding=\"async\" class=\"image image-show image-preview\" src=\"https:\/\/www.europesays.com\/fi\/wp-content\/uploads\/2025\/10\/1a4d126694af843c96ada5c106ffe1700cc7d7bd7c48ab22ed9adf968be1c2b7.jpg\" alt=\"\"\/><img decoding=\"async\" class=\"image image-show\" src=\"https:\/\/www.europesays.com\/fi\/wp-content\/uploads\/2025\/10\/1761461409_621_1a4d126694af843c96ada5c106ffe1700cc7d7bd7c48ab22ed9adf968be1c2b7.jpg\" alt=\"\"\/><\/p>\n<p>Patrik Laine k\u00e4vi leikkauksessa. AOP<\/p>\n<p class=\"paragraph\"><strong>Patrik Laine<\/strong> k\u00e4vi leikkauksessa lihasvamman vuoksi. Se pit\u00e4\u00e4 suomalaisen sivussa pelikentilt\u00e4 3\u20134 kuukautta.<\/p>\n<p class=\"paragraph\">Operaation j\u00e4lkeen laitahy\u00f6kk\u00e4\u00e4j\u00e4 jakoi <a href=\"https:\/\/www.instagram.com\/stories\/patriklaine\/?hl=fi\" rel=\"noopener nofollow\" target=\"_blank\">Instagramissa<\/a> nyrkkeilylegenda <strong>Muhammad Alin<\/strong> aikoinaan lausumat viisaat sanat:<\/p>\n<p class=\"paragraph\">\u2013 Et h\u00e4vi\u00e4, jos kaadut maahan. H\u00e4vi\u00e4t, jos j\u00e4\u00e4t maahan.<\/p>\n<p class=\"paragraph\">Laine viitannee t\u00e4ss\u00e4 omaan tilanteeseensa, sill\u00e4 entinen maalitykki on kokenut viime vuosina sek\u00e4 henkisesti ett\u00e4 fyysisesti todella kovia, mutta tullut silti aina takaisin.<\/p>\n<p class=\"paragraph\">Laineen puoliso <strong>Jordan Leigh Laine<\/strong> jakoi miehens\u00e4 viestin omalla <a href=\"https:\/\/www.instagram.com\/stories\/jordanleighlaine\/?hl=fi\" rel=\"noopener nofollow\" target=\"_blank\">Instagram-tilill\u00e4\u00e4n<\/a>.<\/p>\n<p class=\"paragraph\">\u2013 Olen aina ylpe\u00e4 sinnikkyydest\u00e4si. Kaadut seitsem\u00e4n kertaa, mutta nouset yl\u00f6s kahdeksan kertaa, Leigh kommentoi Montreal-pelurin asennetta.<\/p>\n<p class=\"paragraph\">Laine ehti pelata alkukaudella ennen loukkaantumistaan vain viisi ottelua teholla 0+1.<\/p>\n<p><script async src=\"\/\/www.instagram.com\/embed.js\"><\/script><\/p>\n","protected":false},"excerpt":{"rendered":"Suomalaishy\u00f6kk\u00e4\u00e4j\u00e4 siteerasi Muhammad Alia. Patrik Laine k\u00e4vi leikkauksessa. AOP Patrik Laine k\u00e4vi leikkauksessa lihasvamman vuoksi. Se pit\u00e4\u00e4 suomalaisen&hellip;\n","protected":false},"author":2,"featured_media":72514,"comment_status":"","ping_status":"","sticky":false,"template":"","format":"standard","meta":{"footnotes":""},"categories":[5],"tags":[35,722,22,23,26,27,33,31,30,17,3844,24,25,41,28,29,15,18,21,103,32,19,20,161,16],"class_list":{"0":"post-72513","1":"post","2":"type-post","3":"status-publish","4":"format-standard","5":"has-post-thumbnail","7":"category-otsikot","8":"tag-24h","9":"tag-amerikka","10":"tag-breaking-news","11":"tag-breakingnews","12":"tag-featured-news","13":"tag-featurednews","14":"tag-fi","15":"tag-finland","16":"tag-finnish","17":"tag-headlines","18":"tag-kamppailu-urheilu","19":"tag-latest-news","20":"tag-latestnews","21":"tag-liikunta-ja-urheilu","22":"tag-main-news","23":"tag-mainnews","24":"tag-news","25":"tag-otsikot","26":"tag-paauutiset","27":"tag-sosiaalikysymykset","28":"tag-suomi","29":"tag-top-stories","30":"tag-topstories","31":"tag-urheilutapahtumat","32":"tag-uutiset"},"share_on_mastodon":{"url":"https:\/\/pubeurope.com\/@fi\/115439142430604595","error":""},"_links":{"self":[{"href":"https:\/\/www.europesays.com\/fi\/wp-json\/wp\/v2\/posts\/72513","targetHints":{"allow":["GET"]}}],"collection":[{"href":"https:\/\/www.europesays.com\/fi\/wp-json\/wp\/v2\/posts"}],"about":[{"href":"https:\/\/www.europesays.com\/fi\/wp-json\/wp\/v2\/types\/post"}],"author":[{"embeddable":true,"href":"https:\/\/www.europesays.com\/fi\/wp-json\/wp\/v2\/users\/2"}],"replies":[{"embeddable":true,"href":"https:\/\/www.europesays.com\/fi\/wp-json\/wp\/v2\/comments?post=72513"}],"version-history":[{"count":0,"href":"https:\/\/www.europesays.com\/fi\/wp-json\/wp\/v2\/posts\/72513\/revisions"}],"wp:featuredmedia":[{"embeddable":true,"href":"https:\/\/www.europesays.com\/fi\/wp-json\/wp\/v2\/media\/72514"}],"wp:attachment":[{"href":"https:\/\/www.europesays.com\/fi\/wp-json\/wp\/v2\/media?parent=72513"}],"wp:term":[{"taxonomy":"category","embeddable":true,"href":"https:\/\/www.europesays.com\/fi\/wp-json\/wp\/v2\/categories?post=72513"},{"taxonomy":"post_tag","embeddable":true,"href":"https:\/\/www.europesays.com\/fi\/wp-json\/wp\/v2\/tags?post=72513"}],"curies":[{"name":"wp","href":"https:\/\/api.w.org\/{rel}","templated":true}]}}