{"id":72516,"date":"2025-10-26T07:02:08","date_gmt":"2025-10-26T07:02:08","guid":{"rendered":"https:\/\/www.europesays.com\/fi\/72516\/"},"modified":"2025-10-26T07:02:08","modified_gmt":"2025-10-26T07:02:08","slug":"talta-kauko-royhka-naytti-nuorena-martti-suosalolta-paljonpuhuva-reaktio","status":"publish","type":"post","link":"https:\/\/www.europesays.com\/fi\/72516\/","title":{"rendered":"T\u00e4lt\u00e4 Kauko R\u00f6yhk\u00e4 n\u00e4ytti nuorena &#8211; Martti Suosalolta paljonpuhuva reaktio"},"content":{"rendered":"<p>            Mika Heikkila\n        <\/p>\n<p class=\"subtitle \">Kauko muistelee el\u00e4m\u00e4ns\u00e4 k\u00e4\u00e4nnekohtaa sek\u00e4 \u00e4itins\u00e4 raivokohtauksia.<\/p>\n<p class=\"article-content article-content-width !bg-background\">12. helmikuuta 1959 syntyi Valkeakoskella muuan . Oulussa kasvanut nuorukainen tuli my\u00f6hemmin tunnetuksi muusikko-kirjailija .\u00a0<\/p>\n<p class=\"article-content article-content-width !bg-background\">Kaukon rock-ura on kest\u00e4nyt jo yli 45 vuotta. \u00c4skett\u00e4in h\u00e4n innostui muistelemaan nuoruusvuosiaan Instagramissa.\u00a0<\/p>\n<p>        <a itemprop=\"url\" href=\"https:\/\/www.seiska.fi\/kotimaa\/nain-tuomari-nurmio-vaikutti-kauko-royhkan-ensimmaiseen-soolokeikkaan-hande-on-vittumainen-jatka\/1179173\" rel=\"nofollow noopener\" target=\"_blank\"><\/p>\n<p class=\"section-date\">\n        <strong class=\"article-section\" data-section=\"kotimaa\"><br \/>\n            kotimaa<br \/>\n        <\/strong><br \/>\n        7.11.2023 07:00\n    <\/p>\n<p>N\u00e4in Tuomari Nurmio vaikutti Kauko R\u00f6yhk\u00e4n ensimm\u00e4iseen soolokeikkaan: \u201dHande on vittumainen j\u00e4tk\u00e4\u201d\n    <\/p>\n<p itemprop=\"description\" class=\"subtitle \">\n    Kauko ymm\u00e4rsi jo seitsem\u00e4nvuotiaana olevansa lahjakas kirjailija.\n<\/p>\n<p>        <\/a><\/p>\n<p>Rauha raivokohtauksilta<\/p>\n<p class=\"article-content article-content-width !bg-background\">Kauko kertoo pyrkineens\u00e4 aikoinaan sek\u00e4 kotikaupunkinsa Oulun ett\u00e4 Turun yliopistoon. H\u00e4net hyv\u00e4ksyttiin molempiin, mutta Turku historiallisine rakennuksineen veti muusikkoa puoleensa.\u00a0<\/p>\n<p>                <img decoding=\"async\" src=\"https:\/\/www.europesays.com\/fi\/wp-content\/uploads\/2025\/10\/1972382.webp\" width=\"576\" height=\"322\" alt=\"Kauko on julkaissut yli 20 studioalbumia.\" loading=\"lazy\" \/>            <\/p>\n<p>\n            Kauko on julkaissut yli 20 studioalbumia.<br \/>\n            Mika Heikkila\n        <\/p>\n<p class=\"article-content article-content-width !bg-background\">Lauralle-hitin laulaja muistelee lompsineensa asuntolaan matkalaukun sek\u00e4 kirjoituskilpailusta saamallaan 5000 markan palkkiolla hankkimiensa stereoiden kanssa.\u00a0<\/p>\n<p>        <a itemprop=\"url\" href=\"https:\/\/www.seiska.fi\/kotimaa\/kauko-royhka-joutui-opettelemaan-isaksi-keikkaelama-ja-naiset-olivat-vieneet-aikani\/1179152\" rel=\"nofollow noopener\" target=\"_blank\"><\/p>\n<p class=\"section-date\">\n        <strong class=\"article-section\" data-section=\"kotimaa\"><br \/>\n            kotimaa<br \/>\n        <\/strong><br \/>\n        5.11.2023 19:00\n    <\/p>\n<p>Kauko R\u00f6yhk\u00e4 joutui opettelemaan is\u00e4ksi: \u201dKeikkael\u00e4m\u00e4 ja naiset olivat vieneet aikani\u201d\n    <\/p>\n<p itemprop=\"description\" class=\"subtitle \">\n    Kauko eli railakasta muusikon el\u00e4m\u00e4\u00e4, kunnes silloinen puoliso Tuula synnytti 1996 esikoisensa.\n<\/p>\n<p>        <\/a><\/p>\n<p class=\"article-content article-content-width !bg-background\">\u2013\u00a0Oma k\u00e4mpp\u00e4 tuntui mahtavalta. En\u00e4\u00e4 minun ei tarvinnut siet\u00e4\u00e4 \u00e4idin raivokohtauksia, Kauko kirjoittaa maalaillen el\u00e4v\u00e4ist\u00e4 kuvaa vuosikymmenien takaa.\u00a0<\/p>\n<p class=\"article-content article-content-width !bg-background\">\u2013\u00a0Olin yksin vieraassa kaupungissa, enk\u00e4 tuntenut ket\u00e4\u00e4n. Mutta minulla oli 59 lp-levy\u00e4. Virittelin stereot kirjoitusp\u00f6yd\u00e4lle ja panin Velvet Undergroundin banaanilevyn soimaan.<\/p>\n<p>Punkkarit l\u00f6ytyiv\u00e4t kahvilasta<\/p>\n<p class=\"article-content article-content-width !bg-background\">Kauko kertoo l\u00e4hteneens\u00e4 tutustumaan kaupunkiin. H\u00e4n oli tavannut aiemmin Kuusrockissa turkulaisen henkil\u00f6n, jonka muisti kertoneen er\u00e4\u00e4st\u00e4 suositusta kahvilasta. Niinp\u00e4 Kauko suuntasi sinne.<\/p>\n<p>        <a itemprop=\"url\" href=\"https:\/\/www.seiska.fi\/kotimaa\/hotellijatkoilta-suoraan-synnytyssairaalaan-kauko-royhka-avautuu-railakkaasta-muusikon-elamasta\/1179133\" rel=\"nofollow noopener\" target=\"_blank\"><\/p>\n<p class=\"section-date\">\n        <strong class=\"article-section\" data-section=\"kotimaa\"><br \/>\n            kotimaa<br \/>\n        <\/strong><br \/>\n        4.11.2023 19:30\n    <\/p>\n<p>Hotellijatkoilta suoraan synnytyssairaalaan! Kauko R\u00f6yhk\u00e4 avautuu railakkaasta muusikon el\u00e4m\u00e4st\u00e4\n    <\/p>\n<p itemprop=\"description\" class=\"subtitle \">\n    Kauko on pitk\u00e4n linjan kirjailija ja muusikko, jonka ensiteos ja -albumi n\u00e4kiv\u00e4t p\u00e4iv\u00e4nvalon jo vuonna 1980.\n<\/p>\n<p>        <\/a><\/p>\n<p class=\"article-content article-content-width !bg-background\">Kahvilan p\u00f6yd\u00e4s\u00e4 l\u00f6ytyikin punk-henkinen poppoo. Likaisten kahvikuppien ja tumppien t\u00e4ytt\u00e4m\u00e4n tuhkakupin \u00e4\u00e4rell\u00e4 Kauko esitteli itsens\u00e4.<\/p>\n<p>                <img decoding=\"async\" src=\"https:\/\/www.europesays.com\/fi\/wp-content\/uploads\/2025\/10\/1972398.webp\" width=\"576\" height=\"720\" alt=\"Nykyisin Kauko tunnetaan rosoisesta lookistaan. Nuorempana h\u00e4nell\u00e4 ei kuitenkaan ollut partaa laisinkaan. Arkistokuva 2021.\" loading=\"lazy\" \/>            <\/p>\n<p>\n            Nykyisin Kauko tunnetaan rosoisesta lookistaan. Nuorempana h\u00e4nell\u00e4 ei kuitenkaan ollut partaa laisinkaan. Arkistokuva 2021.<br \/>\n            WWW.PASIMURTO.COM\n        <\/p>\n<p class=\"article-content article-content-width !bg-background\">\u2013\u00a0Sanoin: &#8221;Hei. Olen Kauko R\u00f6yhk\u00e4. Tulin juuri Oulusta. Teen musiikkia. Kuka haluaa tulla mun b\u00e4ndiin?&#8221;<\/p>\n<p>Innostunut Martti<\/p>\n<p class=\"article-content article-content-width !bg-background\">Kaukon julkaisusta l\u00f6ytyy kuva, jossa h\u00e4n makoilee s\u00e4ngyll\u00e4 valkoinen t-paita p\u00e4\u00e4ll\u00e4\u00e4n. K\u00e4siss\u00e4\u00e4n h\u00e4n pitelee kitaraa. Katse on tuima.<\/p>\n<p>        <a itemprop=\"url\" href=\"https:\/\/www.seiska.fi\/kotimaa\/oho-naita-kirjoja-lukee-kauko-royhka-minua-on-aina-kiinnostanut-salaiset-asiat\/319101\" rel=\"nofollow noopener\" target=\"_blank\"><\/p>\n<p class=\"section-date\">\n        <strong class=\"article-section\" data-section=\"kotimaa\"><br \/>\n            kotimaa<br \/>\n        <\/strong><br \/>\n        3.11.2021 06:01\n    <\/p>\n<p>Oho, n\u00e4it\u00e4 kirjoja lukee Kauko R\u00f6yhk\u00e4: \u201dMinua on aina kiinnostanut salaiset asiat\u201d\n    <\/p>\n<p>        <\/a><\/p>\n<p class=\"article-content article-content-width !bg-background\">Muusikon tarina on ker\u00e4nnyt satoja tykk\u00e4yksi\u00e4. My\u00f6s n\u00e4yttelij\u00e4  on vaikuttunut Kaukon kertomuksesta.\u00a0<\/p>\n<p class=\"article-content article-content-width !bg-background\">\u2013 Kuin katselisi el\u00e4v\u00e4\u00e4 kuvaa, kiitos! Martti kirjoittaa kommenttikent\u00e4ss\u00e4.\u00a0<\/p>\n<p class=\"italic m-italic article-content article-content-width !bg-background\">Jos upotus ei toimi, <a href=\"https:\/\/www.instagram.com\/p\/DQJwegBCM9Y\/\" target=\"_blank\" rel=\"nofollow noopener\">n\u00e4et\u00a0 julkaisun t\u00e4\u00e4lt\u00e4<\/a>.\u00a0<\/p>\n<p><script async src=\"\/\/www.instagram.com\/embed.js\"><\/script><\/p>\n","protected":false},"excerpt":{"rendered":"Mika Heikkila Kauko muistelee el\u00e4m\u00e4ns\u00e4 k\u00e4\u00e4nnekohtaa sek\u00e4 \u00e4itins\u00e4 raivokohtauksia. 12. helmikuuta 1959 syntyi Valkeakoskella muuan . Oulussa kasvanut&hellip;\n","protected":false},"author":2,"featured_media":72517,"comment_status":"","ping_status":"","sticky":false,"template":"","format":"standard","meta":{"footnotes":""},"categories":[136],"tags":[407,137,33,31,30,408,13175,6208,15845,47,7389,952,7157,32,15846,662,201,109],"class_list":{"0":"post-72516","1":"post","2":"type-post","3":"status-publish","4":"format-standard","5":"has-post-thumbnail","7":"category-julkkikset","8":"tag-celebrities","9":"tag-entertainment","10":"tag-fi","11":"tag-finland","12":"tag-finnish","13":"tag-julkkikset","14":"tag-kauko-royhka","15":"tag-kuva","16":"tag-martti-suosalo","17":"tag-musiikki","18":"tag-nuoruus","19":"tag-oulu","20":"tag-punk","21":"tag-suomi","22":"tag-tarina","23":"tag-turku","24":"tag-ura","25":"tag-viihde"},"share_on_mastodon":{"url":"https:\/\/pubeurope.com\/@fi\/115439189711140431","error":""},"_links":{"self":[{"href":"https:\/\/www.europesays.com\/fi\/wp-json\/wp\/v2\/posts\/72516","targetHints":{"allow":["GET"]}}],"collection":[{"href":"https:\/\/www.europesays.com\/fi\/wp-json\/wp\/v2\/posts"}],"about":[{"href":"https:\/\/www.europesays.com\/fi\/wp-json\/wp\/v2\/types\/post"}],"author":[{"embeddable":true,"href":"https:\/\/www.europesays.com\/fi\/wp-json\/wp\/v2\/users\/2"}],"replies":[{"embeddable":true,"href":"https:\/\/www.europesays.com\/fi\/wp-json\/wp\/v2\/comments?post=72516"}],"version-history":[{"count":0,"href":"https:\/\/www.europesays.com\/fi\/wp-json\/wp\/v2\/posts\/72516\/revisions"}],"wp:featuredmedia":[{"embeddable":true,"href":"https:\/\/www.europesays.com\/fi\/wp-json\/wp\/v2\/media\/72517"}],"wp:attachment":[{"href":"https:\/\/www.europesays.com\/fi\/wp-json\/wp\/v2\/media?parent=72516"}],"wp:term":[{"taxonomy":"category","embeddable":true,"href":"https:\/\/www.europesays.com\/fi\/wp-json\/wp\/v2\/categories?post=72516"},{"taxonomy":"post_tag","embeddable":true,"href":"https:\/\/www.europesays.com\/fi\/wp-json\/wp\/v2\/tags?post=72516"}],"curies":[{"name":"wp","href":"https:\/\/api.w.org\/{rel}","templated":true}]}}