{"id":72520,"date":"2025-10-26T07:09:07","date_gmt":"2025-10-26T07:09:07","guid":{"rendered":"https:\/\/www.europesays.com\/fi\/72520\/"},"modified":"2025-10-26T07:09:07","modified_gmt":"2025-10-26T07:09:07","slug":"mikael-granlund-ja-roope-hintz-loukkaantuivat-yon-nhl-kierroksella","status":"publish","type":"post","link":"https:\/\/www.europesays.com\/fi\/72520\/","title":{"rendered":"Mikael Granlund ja Roope Hintz loukkaantuivat y\u00f6n NHL-kierroksella"},"content":{"rendered":"<p>J\u00e4\u00e4kiekko|NHL:ss\u00e4 oli synkk\u00e4 suomalaisp\u00e4iv\u00e4.<\/p>\n<p class=\"article-body mb-nof-24 px-nof-16\">New York<\/p>\n<p class=\"article-body mb-nof-24 px-nof-16\">Anaheim Ducksin suomalaist\u00e4hti <a class=\"article-personlink\" href=\"https:\/\/www.hs.fi\/haku\/?query=Mikael%20Granlund\" rel=\"nofollow noopener\" target=\"_blank\">Mikael Granlund<\/a> loukkaantui ottelussa Tampa Bay Lightningia vastaan.<\/p>\n<p class=\"article-body mb-nof-24 px-nof-16\">Granlund, 33, j\u00e4tti ottelun kesken jo avauser\u00e4ss\u00e4 alavartalovamman vuoksi.<\/p>\n<p class=\"article-body mb-nof-24 px-nof-16\">H\u00e4n ehti pelata ottelussa vain yhdeks\u00e4n vaihtoa ja hieman yli kuusi minuuttia.<\/p>\n<p class=\"article-body mb-nof-24 px-nof-16\">Ottelun viimeiseksi j\u00e4\u00e4neess\u00e4 vaihdossaan Granlund spurttasi t\u00e4ydell\u00e4 voimalla paineistamaan keskialueella Tampan <a class=\"article-personlink\" href=\"https:\/\/www.hs.fi\/haku\/?query=Brayden%20Pointia\" rel=\"nofollow noopener\" target=\"_blank\">Brayden Pointia<\/a>, kunnes jotain tapahtui.<\/p>\n<p class=\"article-body mb-nof-24 px-nof-16\">Granlund lopetti potkimisen, painui kyykkyyn ja liukui Pointin ohi. Tilanteessa ei ollut mink\u00e4\u00e4nlaista kontaktia, joten vamma ilmeisesti syntyi t\u00e4ydess\u00e4 luistelussa.<\/p>\n<p class=\"article-body mb-nof-24 px-nof-16\">Granlund liukui vaihtoon. H\u00e4n ei pystynyt pelaamaan kiekkoa, joka ajautui suomalaisen eteen juuri, kun h\u00e4n oli nousemassa vaihtoaitioon. Granlund vaikutti k\u00e4rsiv\u00e4n kivuista.<\/p>\n<p class=\"article-body mb-nof-24 px-nof-16\">Granlund oli juuri \u00e4itynyt hurjaan pelivireeseen, sill\u00e4 Ducksin edellisess\u00e4 ottelussa h\u00e4n takoi Boston Bruinsia vastaan per\u00e4ti viisi (2+3) pistett\u00e4.<\/p>\n<p class=\"article-body mb-nof-24 px-nof-16\">H\u00e4nell\u00e4 on kasassa seitsem\u00e4st\u00e4 pelist\u00e4 tehot 2+6.<\/p>\n<p class=\"article-body mb-nof-24 px-nof-16\">Granlundin vamman vakavuudesta ei ole viel\u00e4 tietoa.<\/p>\n<p class=\"article-body mb-nof-24 px-nof-16\">Ducks h\u00e4visi Tampa Bay Lightningille lukemin 3\u20134.<\/p>\n<p class=\"article-body mb-nof-24 px-nof-16\">My\u00f6s <a class=\"article-personlink\" href=\"https:\/\/www.hs.fi\/haku\/?query=Roope%20Hintz\" rel=\"nofollow noopener\" target=\"_blank\">Roope Hintz<\/a> loukkasi itse\u00e4\u00e4n Suomen aikaa y\u00f6ll\u00e4 pelatun NHL-kierroksen aikana.<\/p>\n<p class=\"article-body mb-nof-24 px-nof-16\">Carolina Hurricanesin <a class=\"article-personlink\" href=\"https:\/\/www.hs.fi\/haku\/?query=Taylor%20Hall\" rel=\"nofollow noopener\" target=\"_blank\">Taylor Hall <\/a>rys\u00e4ytti todella painavan taklauksen suomalaishy\u00f6kk\u00e4\u00e4j\u00e4\u00e4n Starsin puolustusalueen kulmassa kolmannessa er\u00e4ss\u00e4.<\/p>\n<p class=\"article-body mb-nof-24 px-nof-16\">Hall sai taklauksesta kahden minuutin j\u00e4\u00e4hyn rynt\u00e4yksest\u00e4.<\/p>\n<p class=\"article-body mb-nof-24 px-nof-16\">Hintz j\u00e4i hetkeksi j\u00e4\u00e4n pintaan makaamaan, mutta nousi omin jaloin yl\u00f6s ja luisteli vaihtoaitioon. Hintz kuitenkin jatkoi suoraan matkaansa pukuhuoneen suojiin, josta h\u00e4n ei en\u00e4\u00e4 ottelun aikana palannut.<\/p>\n<p class=\"article-body mb-nof-24 px-nof-16\">Dallasin p\u00e4\u00e4valmentaja <a class=\"article-personlink\" href=\"https:\/\/www.hs.fi\/haku\/?query=Glen%20Gulutzan\" rel=\"nofollow noopener\" target=\"_blank\">Glen Gulutzan <\/a>kertoi ottelun j\u00e4lkeen, ett\u00e4 Hintzin tilaa arvioidaan yh\u00e4. H\u00e4nen loukkaantumisensa vakavuudesta ei siis ole viel\u00e4 tietoa.<\/p>\n<p class=\"article-body mb-nof-24 px-nof-16\">Dallas voitti kiihke\u00e4n kamppailun lukemin 3\u20132. Starsin sankari oli <a class=\"article-personlink\" href=\"https:\/\/www.hs.fi\/haku\/?query=Miro%20Heiskanen\" rel=\"nofollow noopener\" target=\"_blank\">Miro Heiskanen<\/a>, joka osui kahdesti. Maalit olivat Heiskaselle kauden ensimm\u00e4iset.<\/p>\n<p class=\"article-body mb-nof-24 px-nof-16\">Heiskasella oli osumissa tuuria, sill\u00e4 molemmilla kerroilla kiekko kimposi maaliin Carolinan pelaajan kautta.<\/p>\n<p class=\"article-body mb-nof-24 px-nof-16\"><a class=\"article-personlink\" href=\"https:\/\/www.hs.fi\/haku\/?query=Mikko%20Rantanen\" rel=\"nofollow noopener\" target=\"_blank\">Mikko Rantanen<\/a> sai viime kauden seuraansa vastaan kaksi sy\u00f6tt\u00f6pistett\u00e4, ja my\u00f6s Dallasin <a class=\"article-personlink\" href=\"https:\/\/www.hs.fi\/haku\/?query=Esa%20Lindell\" rel=\"nofollow noopener\" target=\"_blank\">Esa Lindell <\/a>sy\u00f6tti yhden maalin.<\/p>\n<p class=\"article-body mb-nof-24 px-nof-16\"><a class=\"article-personlink\" href=\"https:\/\/www.hs.fi\/haku\/?query=Sebastian%20Aho\" rel=\"nofollow noopener\" target=\"_blank\">Sebastian Aho <\/a>teki Carolinan toisen maalin.<\/p>\n<p class=\"article-body mb-nof-24 px-nof-16\">Voitto oli Dallasille t\u00e4rke\u00e4, sill\u00e4 joukkue oli ajautunut jo nelj\u00e4n pelin tappioputkeen.<\/p>\n<p class=\"article-body mb-nof-24 px-nof-16\">Starsilla on nyt loukkaantumishuolia. Sivussa ovat jo Hintzin lis\u00e4ksi hy\u00f6kk\u00e4\u00e4jist\u00e4 <a class=\"article-personlink\" href=\"https:\/\/www.hs.fi\/haku\/?query=Oscar%20B%C3%A4ck\" rel=\"nofollow noopener\" target=\"_blank\">Oscar B\u00e4ck<\/a>, <a class=\"article-personlink\" href=\"https:\/\/www.hs.fi\/haku\/?query=Matt%20Duchene\" rel=\"nofollow noopener\" target=\"_blank\">Matt Duchene<\/a> ja <a class=\"article-personlink\" href=\"https:\/\/www.hs.fi\/haku\/?query=Jamie%20Benn\" rel=\"nofollow noopener\" target=\"_blank\">Jamie Benn<\/a>.<\/p>\n<p class=\"article-body mb-nof-24 px-nof-16\">Suomalaisittain lauantai oli synkk\u00e4 p\u00e4iv\u00e4, sill\u00e4 Hintzin ja Granlundin lis\u00e4ksi my\u00f6s <a class=\"article-personlink\" href=\"https:\/\/www.hs.fi\/haku\/?query=Patrik%20Laineesta\" rel=\"nofollow noopener\" target=\"_blank\">Patrik Laineesta<\/a> kuului huonoja uutisia. Laine k\u00e4vi leikkauksessa ja on sivussa 3\u20134 kuukautta.<\/p>\n<p class=\"article-body mb-nof-24 px-nof-16\">Milanon talviolympialaiset pelataan helmikuussa.<\/p>\n<p>NHL-tulokset<\/p>\n<ul class=\"mb-nof-16 px-nof-16 article-unordered-list unordered-list\">\n<li class=\"unordered-list-item\">\n<p class=\"article-body\">Philadelphia-NY Islanders 4\u20133 vl.<\/p>\n<\/li>\n<li class=\"unordered-list-item\">\n<p class=\"article-body\">Boston-Colorado 3\u20132 (COL: Lehkonen 2+0)<\/p>\n<\/li>\n<li class=\"unordered-list-item\">\n<p class=\"article-body\">Tampa Bay\u2013Anaheim 4\u20133<\/p>\n<\/li>\n<li class=\"unordered-list-item\">\n<p class=\"article-body\">Toronto-Buffalo 4\u20133 (TOR: Maccelli 1+0)<\/p>\n<\/li>\n<li class=\"unordered-list-item\">\n<p class=\"article-body\">Florida-Vegas 3\u20130<\/p>\n<\/li>\n<li class=\"unordered-list-item\">\n<p class=\"article-body\">Minnesota-Utah 2\u20136<\/p>\n<\/li>\n<li class=\"unordered-list-item\">\n<p class=\"article-body\">Detroit-St. Louis 6\u20134<\/p>\n<\/li>\n<li class=\"unordered-list-item\">\n<p class=\"article-body\">Pittsburgh-Columbus 4\u20135 vl.<\/p>\n<\/li>\n<li class=\"unordered-list-item\">\n<p class=\"article-body\">Vancouver-Montreal 3\u20134 (MTL: Kapanen 0+1)<\/p>\n<\/li>\n<li class=\"unordered-list-item\">\n<p class=\"article-body\">Washington-Ottawa 1\u20137<\/p>\n<\/li>\n<li class=\"unordered-list-item\">\n<p class=\"article-body\">Dallas-Carolina 3\u20132 (DAL: Heiskanen 2+0, Rantanen 0+2, Lindell 0+1. CAR: Aho 1+0)<\/p>\n<\/li>\n<li class=\"unordered-list-item\">\n<p class=\"article-body\">Nashville-Los Angeles 5\u20134 vl. (LAK: Armia 1+1)<\/p>\n<\/li>\n<li class=\"unordered-list-item\">\n<p class=\"article-body\">Seattle-Edmonton 3\u20132<\/p>\n<\/li>\n<\/ul>\n","protected":false},"excerpt":{"rendered":"J\u00e4\u00e4kiekko|NHL:ss\u00e4 oli synkk\u00e4 suomalaisp\u00e4iv\u00e4. New York Anaheim Ducksin suomalaist\u00e4hti Mikael Granlund loukkaantui ottelussa Tampa Bay Lightningia vastaan. Granlund,&hellip;\n","protected":false},"author":2,"featured_media":72521,"comment_status":"","ping_status":"","sticky":false,"template":"","format":"standard","meta":{"footnotes":""},"categories":[158],"tags":[33,31,30,46,159,32,160],"class_list":{"0":"post-72520","1":"post","2":"type-post","3":"status-publish","4":"format-standard","5":"has-post-thumbnail","7":"category-urheilu","8":"tag-fi","9":"tag-finland","10":"tag-finnish","11":"tag-helsingin-sanomat","12":"tag-sports","13":"tag-suomi","14":"tag-urheilu"},"share_on_mastodon":{"url":"https:\/\/pubeurope.com\/@fi\/115439217290670422","error":""},"_links":{"self":[{"href":"https:\/\/www.europesays.com\/fi\/wp-json\/wp\/v2\/posts\/72520","targetHints":{"allow":["GET"]}}],"collection":[{"href":"https:\/\/www.europesays.com\/fi\/wp-json\/wp\/v2\/posts"}],"about":[{"href":"https:\/\/www.europesays.com\/fi\/wp-json\/wp\/v2\/types\/post"}],"author":[{"embeddable":true,"href":"https:\/\/www.europesays.com\/fi\/wp-json\/wp\/v2\/users\/2"}],"replies":[{"embeddable":true,"href":"https:\/\/www.europesays.com\/fi\/wp-json\/wp\/v2\/comments?post=72520"}],"version-history":[{"count":0,"href":"https:\/\/www.europesays.com\/fi\/wp-json\/wp\/v2\/posts\/72520\/revisions"}],"wp:featuredmedia":[{"embeddable":true,"href":"https:\/\/www.europesays.com\/fi\/wp-json\/wp\/v2\/media\/72521"}],"wp:attachment":[{"href":"https:\/\/www.europesays.com\/fi\/wp-json\/wp\/v2\/media?parent=72520"}],"wp:term":[{"taxonomy":"category","embeddable":true,"href":"https:\/\/www.europesays.com\/fi\/wp-json\/wp\/v2\/categories?post=72520"},{"taxonomy":"post_tag","embeddable":true,"href":"https:\/\/www.europesays.com\/fi\/wp-json\/wp\/v2\/tags?post=72520"}],"curies":[{"name":"wp","href":"https:\/\/api.w.org\/{rel}","templated":true}]}}