{"id":72526,"date":"2025-10-26T07:14:08","date_gmt":"2025-10-26T07:14:08","guid":{"rendered":"https:\/\/www.europesays.com\/fi\/72526\/"},"modified":"2025-10-26T07:14:08","modified_gmt":"2025-10-26T07:14:08","slug":"trump-allekirjoitti-kambodzan-ja-thaimaan-valisen-rauhansopimuksen","status":"publish","type":"post","link":"https:\/\/www.europesays.com\/fi\/72526\/","title":{"rendered":"Trump allekirjoitti Kambod\u017ean ja Thaimaan v\u00e4lisen rauhansopimuksen"},"content":{"rendered":"<p>Kaakkois-Aasia|Yhdysvaltain neuvottelijan mukaan kauppaneuvotteluissa Kiinan ja Yhdysvaltojen v\u00e4lill\u00e4 on edistytty.<\/p>\n<p>Lue tiivistelm\u00e4<\/p>\n<p>Tiivistelm\u00e4 on teko\u00e4lyn tekem\u00e4 ja ihmisen tarkistama.<\/p>\n<p class=\"article-body mb-nof-24 px-nof-16 sndp-summary-bullet-point-font\">Yhdysvaltain presidentti Donald Trump allekirjoitti Thaimaan ja Kambod\u017ean tulitaukosopimuksen Kuala Lumpurissa.<\/p>\n<p class=\"article-body mb-nof-24 px-nof-16 sndp-summary-bullet-point-font\">Trump osallistuu Aseanin huippukokoukseen Malesiassa ja tapaa Kiinan presidentin Xi Jinpingin Etel\u00e4-Koreassa.<\/p>\n<p class=\"article-body mb-nof-24 px-nof-16 sndp-summary-bullet-point-font\">Yhdysvaltojen kauppaneuvottelija kertoo Kiinan ja Yhdysvaltojen kauppaneuvotteluissa edistytyn.<\/p>\n<p class=\"article-body mb-nof-24 px-nof-16\">Yhdysvaltain presidentti <a class=\"article-personlink\" href=\"https:\/\/www.hs.fi\/haku\/?query=Donald%20Trump\" rel=\"nofollow noopener\" target=\"_blank\">Donald Trump<\/a> on allekirjoittanut Thaimaan ja Kambod\u017ean v\u00e4lisen tulitaukosopimuksen yhdess\u00e4 Thaimaan p\u00e4\u00e4ministeri <a class=\"article-personlink\" href=\"https:\/\/www.hs.fi\/haku\/?query=Anutin%20Charnvirakulin\" rel=\"nofollow noopener\" target=\"_blank\">Anutin Charnvirakulin<\/a> ja Kambod\u017ean p\u00e4\u00e4ministerin <a class=\"article-personlink\" href=\"https:\/\/www.hs.fi\/haku\/?query=Hun%20Manetin\" rel=\"nofollow noopener\" target=\"_blank\">Hun Manetin<\/a> kanssa Malesian p\u00e4\u00e4kaupungissa Kuala Lumpurissa.<\/p>\n<p class=\"article-body mb-nof-24 px-nof-16\">Mukana tilaisuudessa oli my\u00f6s Malesian p\u00e4\u00e4ministeri <a class=\"article-personlink\" href=\"https:\/\/www.hs.fi\/haku\/?query=Anwar%20Ibrahim\" rel=\"nofollow noopener\" target=\"_blank\">Anwar Ibrahim<\/a>.<\/p>\n<p class=\"article-body mb-nof-24 px-nof-16\">Viime kes\u00e4n\u00e4 Thaimaan ja Kambod\u017ean v\u00e4lille puhjenneessa konfliktissa kuoli yli 40 ihmist\u00e4 ja sadattuhannet joutuivat j\u00e4tt\u00e4m\u00e4\u00e4n kotinsa. Trump oli mukana v\u00e4litt\u00e4m\u00e4ss\u00e4 aselepoa maiden v\u00e4lille.<\/p>\n<p class=\"article-body mb-nof-24 px-nof-16\">Trump saapui sunnuntain vastaisena y\u00f6n\u00e4 Suomen aikaa Malesiaan, jossa h\u00e4nen on m\u00e4\u00e4r\u00e4 osallistua Kaakkois-Aasian maiden yhteisty\u00f6j\u00e4rjest\u00f6n Aseanin huippukokoukseen. Lis\u00e4ksi presidentti allekirjoitti kauppasopimuksen Malesian kanssa.<\/p>\n<p class=\"article-body mb-nof-24 px-nof-16\">Yhdysvaltalaislehti Politico <a class=\"article-genericlink\" href=\"https:\/\/www.politico.com\/news\/2025\/10\/06\/trump-seeks-peace-ceremony-spotlight-at-asean-summit-00595237\" rel=\"nofollow noopener\" target=\"_blank\">kertoi<\/a> hiljattain l\u00e4hteisiins\u00e4 pohjaten, ett\u00e4 Valkoinen talo olisi vaatinut Trumpin Asean-kokoukseen osallistumisen ehtona sit\u00e4, ett\u00e4 Trump johtaisi allekirjoitusseremoniaa. Valkoinen talo kiisti v\u00e4itteet lehdelle.<\/p>\n<p class=\"article-body mb-nof-24 px-nof-16\">Aasian-matkallaan Trumpin on tarkoitus vierailla Malesian lis\u00e4ksi ainakin Etel\u00e4-Koreassa ja Japanissa. Kyseess\u00e4 on Trumpin ensimm\u00e4inen matka Aasiaan sen j\u00e4lkeen, kun h\u00e4n aloitti toisen kautensa tammikuussa.<\/p>\n<p class=\"article-body mb-nof-24 px-nof-16\">Trumpin Aasian-matkan on m\u00e4\u00e4r\u00e4 huipentua Kiinan presidentti <a class=\"article-personlink\" href=\"https:\/\/www.hs.fi\/haku\/?query=Xi%20Jinpingin\" rel=\"nofollow noopener\" target=\"_blank\">Xi Jinpingin <\/a>tapaamiseen Etel\u00e4-Koreassa ensi viikolla j\u00e4rjestett\u00e4v\u00e4ss\u00e4 Aasian ja Tyynenmeren maiden talousj\u00e4rjest\u00f6n (Apec) huippukokouksessa.<\/p>\n<p class=\"article-body mb-nof-24 px-nof-16\">Yhdysvaltain kauppaneuvottelija <a class=\"article-personlink\" href=\"https:\/\/www.hs.fi\/haku\/?query=Jamieson%20Greer\" rel=\"nofollow noopener\" target=\"_blank\">Jamieson Greer<\/a> kertoi varhain sunnuntaiaamuna Suomen aikaa, ett\u00e4 Yhdysvallat ja Kiina ovat viimeistelem\u00e4ss\u00e4 kauppaneuvottelujen yksityiskohtia ennen presidenttien tapaamista Etel\u00e4-Koreassa. Greerin mukaan sopimusluonnos olisi siin\u00e4 vaiheessa, ett\u00e4 johtajat voisivat ottaa sen tarkasteluun ja p\u00e4\u00e4tt\u00e4\u00e4, hyv\u00e4ksyv\u00e4tk\u00f6 sen.<\/p>\n<p class=\"article-body mb-nof-24 px-nof-16\">Matkalla Malesiaan Trump kertoi toimittajille Air Force One -koneessaan, ett\u00e4 h\u00e4n toivoo voivansa neuvotella kattavan sopimuksen Xin kanssa. Trump lis\u00e4si odottavansa Kiinan tekev\u00e4n sopimuksen, jotta maa v\u00e4ltt\u00e4isi 100 prosentin tullit, joiden on m\u00e4\u00e4r\u00e4 tulla voimaan 1. marraskuuta.<\/p>\n","protected":false},"excerpt":{"rendered":"Kaakkois-Aasia|Yhdysvaltain neuvottelijan mukaan kauppaneuvotteluissa Kiinan ja Yhdysvaltojen v\u00e4lill\u00e4 on edistytty. Lue tiivistelm\u00e4 Tiivistelm\u00e4 on teko\u00e4lyn tekem\u00e4 ja ihmisen&hellip;\n","protected":false},"author":2,"featured_media":72527,"comment_status":"","ping_status":"","sticky":false,"template":"","format":"standard","meta":{"footnotes":""},"categories":[14],"tags":[22,23,26,27,33,31,30,17,46,24,25,28,29,15,18,21,32,19,20,56,16,59,60,61],"class_list":{"0":"post-72526","1":"post","2":"type-post","3":"status-publish","4":"format-standard","5":"has-post-thumbnail","7":"category-ulkomaat","8":"tag-breaking-news","9":"tag-breakingnews","10":"tag-featured-news","11":"tag-featurednews","12":"tag-fi","13":"tag-finland","14":"tag-finnish","15":"tag-headlines","16":"tag-helsingin-sanomat","17":"tag-latest-news","18":"tag-latestnews","19":"tag-main-news","20":"tag-mainnews","21":"tag-news","22":"tag-otsikot","23":"tag-paauutiset","24":"tag-suomi","25":"tag-top-stories","26":"tag-topstories","27":"tag-ulkomaat","28":"tag-uutiset","29":"tag-world","30":"tag-world-news","31":"tag-worldnews"},"share_on_mastodon":{"url":"https:\/\/pubeurope.com\/@fi\/115439236773965409","error":""},"_links":{"self":[{"href":"https:\/\/www.europesays.com\/fi\/wp-json\/wp\/v2\/posts\/72526","targetHints":{"allow":["GET"]}}],"collection":[{"href":"https:\/\/www.europesays.com\/fi\/wp-json\/wp\/v2\/posts"}],"about":[{"href":"https:\/\/www.europesays.com\/fi\/wp-json\/wp\/v2\/types\/post"}],"author":[{"embeddable":true,"href":"https:\/\/www.europesays.com\/fi\/wp-json\/wp\/v2\/users\/2"}],"replies":[{"embeddable":true,"href":"https:\/\/www.europesays.com\/fi\/wp-json\/wp\/v2\/comments?post=72526"}],"version-history":[{"count":0,"href":"https:\/\/www.europesays.com\/fi\/wp-json\/wp\/v2\/posts\/72526\/revisions"}],"wp:featuredmedia":[{"embeddable":true,"href":"https:\/\/www.europesays.com\/fi\/wp-json\/wp\/v2\/media\/72527"}],"wp:attachment":[{"href":"https:\/\/www.europesays.com\/fi\/wp-json\/wp\/v2\/media?parent=72526"}],"wp:term":[{"taxonomy":"category","embeddable":true,"href":"https:\/\/www.europesays.com\/fi\/wp-json\/wp\/v2\/categories?post=72526"},{"taxonomy":"post_tag","embeddable":true,"href":"https:\/\/www.europesays.com\/fi\/wp-json\/wp\/v2\/tags?post=72526"}],"curies":[{"name":"wp","href":"https:\/\/api.w.org\/{rel}","templated":true}]}}