{"id":72538,"date":"2025-10-26T07:36:10","date_gmt":"2025-10-26T07:36:10","guid":{"rendered":"https:\/\/www.europesays.com\/fi\/72538\/"},"modified":"2025-10-26T07:36:10","modified_gmt":"2025-10-26T07:36:10","slug":"mikko-leppilampi-paljasti-pelkonsa-huomenta-suomessa","status":"publish","type":"post","link":"https:\/\/www.europesays.com\/fi\/72538\/","title":{"rendered":"Mikko Leppilampi paljasti pelkonsa Huomenta Suomessa"},"content":{"rendered":"<p>Mikko Leppilampi kertoi tilanteestaan suorassa tv-l\u00e4hetyksess\u00e4.<\/p>\n<p><img decoding=\"async\" class=\"image image-show image-preview\" src=\"https:\/\/www.europesays.com\/fi\/wp-content\/uploads\/2025\/10\/ca2b6536d7f085b93fd77b6df2e72ac1955287bff180cf4ca2bb7f25708fc0b3.jpg\" alt=\"\"\/><img decoding=\"async\" class=\"image image-show\" src=\"https:\/\/www.europesays.com\/fi\/wp-content\/uploads\/2025\/10\/1761464170_43_ca2b6536d7f085b93fd77b6df2e72ac1955287bff180cf4ca2bb7f25708fc0b3.jpg\" alt=\"\"\/><\/p>\n<p>Mikko Leppilampi palasi julkisuuteen Huomenta Suomessa. JOONA RISSANEN<\/p>\n<p class=\"paragraph\">N\u00e4yttelij\u00e4-juontaja <strong>Mikko Leppilampi<\/strong>, 47, palasi ensi kertaa tv-kameroiden eteen <a href=\"https:\/\/www.mtv.fi\/video\/12d82b4aa0db23c86ed8\/sunnuntaina-26-lokakuuta\" rel=\"noopener nofollow\" target=\"_blank\">Huomenta Suomen<\/a> suorassa l\u00e4hetyksess\u00e4.<\/p>\n<p class=\"paragraph\">Leppilampi on viett\u00e4nyt hiljaiseloa vuoden 2024 kev\u00e4\u00e4st\u00e4 l\u00e4htien. Silloin h\u00e4n joutui valtaisan kohun keskelle, kun <a href=\"https:\/\/www.seiska.fi\/vain-seiskassa\/nyt-puhuu-hoitaja-mikko-leppilampi-sai-porttikiellon-kauneushoitolaan\/1363930\" rel=\"noopener nofollow\" target=\"_blank\">Seiska<\/a>-lehti kertoi, ett\u00e4 Leppilammen ep\u00e4ill\u00e4\u00e4n ahdistelleen naista asiakaspalvelutilanteessa Inarissa Ivalo-sarjan kuvausten aikana. Marraskuussa 2024 kuitenkin uutisoitiin, ettei Leppilampi saanut syytett\u00e4 seksuaalisesta ahdistelusta. <a href=\"https:\/\/www.iltalehti.fi\/viihdeuutiset\/e4ad4d5e-f183-4944-b764-74499b70cf18\" rel=\"nofollow noopener\" target=\"_blank\">Syytt\u00e4j\u00e4 teki syytt\u00e4m\u00e4tt\u00e4j\u00e4tt\u00e4misp\u00e4\u00e4t\u00f6ksen<\/a> asiassa, sill\u00e4 v\u00e4itetyst\u00e4 seksuaalisesta ahdistelusta ei ollut riitt\u00e4v\u00e4sti n\u00e4ytt\u00f6\u00e4.<\/p>\n<p class=\"paragraph\">Nyt Leppilampi teki paluun julkisuuteen ja kommentoi tilannettaan. <strong>Aki Linnanahde<\/strong> viittasi heti alkuun 1,5 vuoden poissaoloon julkisuudesta.<\/p>\n<p class=\"paragraph\">\u2013 Ymm\u00e4rr\u00e4n sen, ett\u00e4 viittaat t\u00e4h\u00e4n, ett\u00e4 jouduin kohun keskelle. Jos ajatellaan oikeudellista prosessia, jos sit\u00e4 haluaa kunnioittaa. Silloin en voi, enk\u00e4 halua keskustella muissa foorumeissa siit\u00e4, Mikko Leppilampi kommentoi tv-l\u00e4hetyksess\u00e4.<\/p>\n<p class=\"paragraph\">H\u00e4n sanoo halunneensa ottaa kohun keskell\u00e4 irtioton ja k\u00e4sitell\u00e4 tapahtunutta.<\/p>\n<p class=\"paragraph\">\u2013 Minulla on vastuu siit\u00e4, miten perheeni voi ja miten itse voi. En keksinyt parempaa ratkaisua kuin olla hiljaa.<\/p>\n<p class=\"paragraph\">Leppilampi kertoo halunneensa kunnioittaa ahdistelukohussa viranomaisten tutkintaprosessia. H\u00e4n sanoo kasvaneensa tv-kameroiden edess\u00e4 nuoruusvuotensa ja tajuavansa, ett\u00e4 kohu kiinnostaa.<\/p>\n<p class=\"paragraph\">\u2013 Olisin naiivi, jos en ymm\u00e4rt\u00e4isi, miksi se nostetaan. Se kiinnostaa ja se k\u00e4sitell\u00e4\u00e4n. Jos en siihen kommentoi, se narratiivi j\u00e4\u00e4 siihen. On asioita, joihin voi ja joihin ei voi vaikuttaa. Keskityn niihin, joihin voin vaikuttaa. Se kiinnostaa, vaikka olisi tullut p\u00e4\u00e4t\u00f6skin, h\u00e4n jatkaa.<\/p>\n<p class=\"paragraph\">N\u00e4yttelij\u00e4-juontaja kertoo pohtineensa, koska kohun k\u00e4sittely julkisesti loppuu.<\/p>\n<p class=\"paragraph\">\u2013 Pelk\u00e4\u00e4n vaan, ett\u00e4 mahdollistetaanko me kulttuuria, jossa oikeudellisen prosessin kunnioittaminen j\u00e4\u00e4 toissijaiseksi, ja voidaan tehd\u00e4 p\u00e4\u00e4t\u00f6s julkisuuden tasolla, Leppilampi sanoo.<\/p>\n<p class=\"paragraph\">\u2013 Sekin on sun oikeusturvaa, ett\u00e4 asia k\u00e4sitell\u00e4\u00e4n ja siit\u00e4 kysyt\u00e4\u00e4n t\u00e4ss\u00e4 suorassa l\u00e4hetyksess\u00e4, Aki Linnanahde huomauttaa ja kysyy onko Leppilammelle her\u00e4nnyt uusia ajatuksia julkisuustaukonsa aikana.<\/p>\n<p class=\"paragraph\">\u2013 Tulee ensiksi mieleen sana n\u00e4k\u00f6kulma ja perspektiivi, Leppilampi sanoo.<\/p>\n<p class=\"paragraph\">\u2013 Itse\u00e4\u00e4n tulee tarkasteltua eri n\u00e4k\u00f6kulmasta. Ne asiat, joita on horjahtanut pit\u00e4m\u00e4\u00e4n itsest\u00e4\u00e4nselvyyten\u00e4, ne nousevat kirkkaana esiin. Empatia on yksi yleisin voima, sen istuttaminen kaikkeen, enemp\u00e4\u00e4 ei tarvitse mietti\u00e4. Menn\u00e4 toisen tinkiin, h\u00e4n maalailee.<\/p>\n<p class=\"paragraph\">Mikko Leppilampi kertoo kiinnittyneens\u00e4 liikaa ty\u00f6identiteettiins\u00e4.<\/p>\n<p class=\"paragraph\">\u2013 Siit\u00e4 tuli mulle totuus. Rupesin peilaamaan minuuttani ty\u00f6identiteetist\u00e4ni, joka on ulkoa annettu. Se liittyy kokonaisuuteen. Sit tajuaakin, ett\u00e4 se on yhden langan varassa. Jos se vied\u00e4\u00e4n sulta, oletko rakentanut kaiken sen varaan ja putoatko perseellesi kaivon pohjaan, kunnes silm\u00e4 tottuu pime\u00e4\u00e4n, rupeat h\u00e4m\u00e4r\u00e4ss\u00e4 n\u00e4kem\u00e4\u00e4n ja l\u00f6ytyy uusi n\u00e4k\u00f6kulma, h\u00e4n aprikoi tv-l\u00e4hetyksess\u00e4.<\/p>\n<p class=\"paragraph\">Huomenta Suomessa k\u00e4sitell\u00e4\u00e4n Leppilammen uutta aluevaltausta: esiintymisvalmennusta. H\u00e4n kertoo halunneensa jakaa oppimaansa muillekin.<\/p>\n<p class=\"paragraph\">Aki Linnanahde kysyy, onko Mikko Leppilampea kysytty Tanssii t\u00e4htien kanssa -ohjelmaan takaisin, kun <strong>Vappu Pimi\u00e4<\/strong> l\u00e4htee sarjasta.<\/p>\n<p class=\"paragraph\">\u2013 Ei ole.<\/p>\n<p class=\"paragraph\">\u2013 Menisitk\u00f6 jos kysytt\u00e4isiin?<\/p>\n<p class=\"paragraph\">\u2013 Never say never. Toi formaatti on se suuri t\u00e4hti tuossa. Se el\u00e4\u00e4 ja on hyv\u00e4, ett\u00e4 se p\u00e4\u00e4see uusiutumaan, Leppilampi perustelee ja sanoo, ettei paluu TTK:hon olisi kovin kiinnostava vaihtoehto.<\/p>\n<p class=\"paragraph\"><a href=\"https:\/\/www.iltalehti.fi\/viihdeuutiset\/05f11f83-a399-4c39-bc0e-95b7bfa68e3d\" rel=\"nofollow noopener\" target=\"_blank\">Elokuussa Mikko Leppilampi kommentoi kohua yst\u00e4v\u00e4ns\u00e4 <strong>Vappu Pimi\u00e4n<\/strong> podcastissa.<\/a> Menestyksek\u00e4st\u00e4 uraa tehnyt t\u00e4hti kertoi, miten ty\u00f6t loppuivat kohun aikana kuin sein\u00e4\u00e4n.<\/p>\n<p class=\"paragraph\">\u2013 Ajattele se tilanne, kun kaikki se menee pois, et kelpaa mihink\u00e4\u00e4n. Kuin nopeasti tajuaa, ett\u00e4 ovet sulkeutuvat, tuolit k\u00e4\u00e4ntyv\u00e4t negatiivisella tavalla. Tunnistaa todella vahvasti sen, ett\u00e4 t\u00e4m\u00e4 on maailma, joka ei ole omissa k\u00e4siss\u00e4si, eik\u00e4 ole sinun valinnoistasi kiinni, Leppilampi pohti <a href=\"https:\/\/podimo.com\/fi\/shows\/valo-pimiassa?pc=fi_paid_30&amp;wpsrc=google&amp;wpcid=18182606789&amp;wpscid=174778357197&amp;wpcrid=732510579357&amp;wpkwid=aud-2172656343557:kwd-2397469742362&amp;wpkwn=valo%20pimi%C3%A4ss%C3%A4&amp;wpkmatch=b&amp;wpsnetn=g&amp;utm_source=google&amp;utm_medium=cpc&amp;utm_campaign=show&amp;utm_term=FI-VPIM\/?wpsrc=google&amp;wpcid=18182606789&amp;wpscid=174778357197&amp;wpcrid=732510579357&amp;wpkwid=aud-2172656343557:kwd-2397469742362&amp;wpkwn=valo%20pimi%C3%A4ss%C3%A4&amp;wpkmatch=b&amp;wpsnetn=g&amp;gad_source=1\" rel=\"noopener nofollow\" target=\"_blank\">Valo Pimi\u00e4ss\u00e4 -podcastissa<\/a>.<\/p>\n<p class=\"paragraph\">Leppilampi voitti vuonna 2004 parhaan miesp\u00e4\u00e4osan Jussi-palkinnon ensimm\u00e4isest\u00e4 elokuvaroolistaan Helmi\u00e4 ja sikoja -elokuvassa. Siit\u00e4 urkeni h\u00e4nelle monipuolinen viihdetaiteilijan ura, joka on pit\u00e4nyt sis\u00e4ll\u00e4\u00e4n niin tv-juontopestej\u00e4, elokuvia, musiikkia kuin rooleja tv-sarjoissakin. Leppilammen tunnetuimpiin t\u00f6ihin lukeutuvat tv-pesti Tanssii t\u00e4htien kanssa -ohjelmassa, ja roolit Paha maa ja H\u00e4rm\u00e4 -elokuvissa, sek\u00e4 Ivalo- ja Hautalehto-sarjoissa.<\/p>\n","protected":false},"excerpt":{"rendered":"Mikko Leppilampi kertoi tilanteestaan suorassa tv-l\u00e4hetyksess\u00e4. Mikko Leppilampi palasi julkisuuteen Huomenta Suomessa. JOONA RISSANEN N\u00e4yttelij\u00e4-juontaja Mikko Leppilampi, 47,&hellip;\n","protected":false},"author":2,"featured_media":72539,"comment_status":"","ping_status":"","sticky":false,"template":"","format":"standard","meta":{"footnotes":""},"categories":[130],"tags":[35,153,155,137,33,31,30,154,979,32,140,139,156,109],"class_list":{"0":"post-72538","1":"post","2":"type-post","3":"status-publish","4":"format-standard","5":"has-post-thumbnail","7":"category-viihde","8":"tag-24h","9":"tag-audiovisuaalinen-media","10":"tag-elokuvat","11":"tag-entertainment","12":"tag-fi","13":"tag-finland","14":"tag-finnish","15":"tag-nayttelijat-teatteri","16":"tag-sahkoinen-media","17":"tag-suomi","18":"tag-tv-ja-elokuvat","19":"tag-tv-ohjelmat","20":"tag-tv","21":"tag-viihde"},"share_on_mastodon":{"url":"https:\/\/pubeurope.com\/@fi\/115439323446374250","error":""},"_links":{"self":[{"href":"https:\/\/www.europesays.com\/fi\/wp-json\/wp\/v2\/posts\/72538","targetHints":{"allow":["GET"]}}],"collection":[{"href":"https:\/\/www.europesays.com\/fi\/wp-json\/wp\/v2\/posts"}],"about":[{"href":"https:\/\/www.europesays.com\/fi\/wp-json\/wp\/v2\/types\/post"}],"author":[{"embeddable":true,"href":"https:\/\/www.europesays.com\/fi\/wp-json\/wp\/v2\/users\/2"}],"replies":[{"embeddable":true,"href":"https:\/\/www.europesays.com\/fi\/wp-json\/wp\/v2\/comments?post=72538"}],"version-history":[{"count":0,"href":"https:\/\/www.europesays.com\/fi\/wp-json\/wp\/v2\/posts\/72538\/revisions"}],"wp:featuredmedia":[{"embeddable":true,"href":"https:\/\/www.europesays.com\/fi\/wp-json\/wp\/v2\/media\/72539"}],"wp:attachment":[{"href":"https:\/\/www.europesays.com\/fi\/wp-json\/wp\/v2\/media?parent=72538"}],"wp:term":[{"taxonomy":"category","embeddable":true,"href":"https:\/\/www.europesays.com\/fi\/wp-json\/wp\/v2\/categories?post=72538"},{"taxonomy":"post_tag","embeddable":true,"href":"https:\/\/www.europesays.com\/fi\/wp-json\/wp\/v2\/tags?post=72538"}],"curies":[{"name":"wp","href":"https:\/\/api.w.org\/{rel}","templated":true}]}}