{"id":72554,"date":"2025-10-26T08:02:07","date_gmt":"2025-10-26T08:02:07","guid":{"rendered":"https:\/\/www.europesays.com\/fi\/72554\/"},"modified":"2025-10-26T08:02:07","modified_gmt":"2025-10-26T08:02:07","slug":"linda-lampeniuksen-espanjan-koti-myynnissa-hulppea-hinta","status":"publish","type":"post","link":"https:\/\/www.europesays.com\/fi\/72554\/","title":{"rendered":"Linda Lampeniuksen Espanjan-koti myynniss\u00e4 &#8211; Hulppea hinta!"},"content":{"rendered":"<p>\n            (230525) &#8212; Helsinki, May 23, 2025 \u2013 Linda Lampenius performs in Kulttuuritalo in Helsinki, Finland, 23. May 2025. (Matti Matikainen\/Aller Media)<br \/>\n            Matti Matikainen\n        <\/p>\n<p class=\"subtitle \">Hulppea huvila etel\u00e4n l\u00e4mm\u00f6ss\u00e4 on myynniss\u00e4, muttei liiku pikkurahalla.<\/p>\n<p class=\"font-weight-bold m-font-weight-bold article-content article-content-width !bg-background\">Viulisti  ja h\u00e4nen puolisonsa  kakkoskoti Espanjassa on edelleen vailla ostajaa. Hulppea 250-neli\u00f6inen villa ei kuitenkaan vaihda omistajaa aivan pikkurahalla, vaikka kahdeksan kuukauden myyntity\u00f6n aikana hinnasta onkin sulanut pois yli 300 000 euroa.<\/p>\n<p class=\"article-content article-content-width !bg-background\"><a href=\"https:\/\/fuengirola.fi\/linda-lampenius-laittoi-nyt-espanjan-huvilansa-myyntiin-hintapyynto-18-miljoonaa-katso-video\/\" aria-label=\"Juttu Linda Lampeniuksen kakkoskodin myymisest\u00e4\" target=\"_blank\" rel=\"nofollow noopener\">Fuengirola.fi -sivusto<\/a> kertoi helmikuussa talon hintapyynn\u00f6n olevan 1 875 000 euroa.<\/p>\n<p class=\"article-content article-content-width !bg-background\">Nyt talo n\u00e4ytt\u00e4\u00e4 ilmoituksen perusteella halventuneen: sen hintapyynt\u00f6 on &#8221;en\u00e4\u00e4&#8221; 1 550 000 euroa.<\/p>\n<p class=\"article-content article-content-width !bg-background\">Hulppea talo sis\u00e4lt\u00e4\u00e4 myynti-ilmoituksen mukaan viisi makuuhuonetta ja yht\u00e4 monta kylpyhuonetta.<\/p>\n<p>        <a itemprop=\"url\" href=\"https:\/\/www.seiska.fi\/kotimaa\/linda-lampenius-myy-okykotiaan-espanjassa-tallainen-se-on\/1878083\" rel=\"nofollow noopener\" target=\"_blank\"><\/p>\n<p>\nT\u00e4llainen Espanjan-talo on\n<\/p>\n<p class=\"section-date\">\n        <strong class=\"article-section\" data-section=\"kotimaa\"><br \/>\n            kotimaa<br \/>\n        <\/strong><br \/>\n        24.7. 14:02\n    <\/p>\n<p>Linda Lampenius myy \u00f6kykotiaan Espanjassa \u2013 t\u00e4llainen se on\n    <\/p>\n<p itemprop=\"description\" class=\"subtitle \">\n    Lindan perheineen oli tarkoitus muuttaa Espanjaan, mutta toisin k\u00e4vi.\n<\/p>\n<p>        <\/a><\/p>\n<p class=\"article-content article-content-width !bg-background\">P\u00e4\u00e4rakennuksen lis\u00e4ksi kauppaan kuuluu 30-neli\u00f6inen vierasyksi\u00f6. Luontoisetuna talolla on upeat meri- ja vuoriston\u00e4k\u00f6alat.<\/p>\n<p>Suunnitelmat muuttuivat<\/p>\n<p class=\"article-content article-content-width !bg-background\">Linda on kertonut avoimesti syist\u00e4 talon myymisen takana.\u00a0<\/p>\n<p class=\"article-content article-content-width !bg-background\">Asianajajana tunnettu Martin p\u00e4\u00e4tti vaihtaa alaa, ja opiskelee t\u00e4ll\u00e4 hetkell\u00e4 poliisikoulussa Ruotsissa.\u00a0<\/p>\n<p>        <a itemprop=\"url\" href=\"https:\/\/www.seiska.fi\/kotimaa\/linda-lampenius-paljastus-martinista\/1880585\" rel=\"nofollow noopener\" target=\"_blank\"><\/p>\n<p>\nLinda Lampenius\n<\/p>\n<p class=\"section-date\">\n        <strong class=\"article-section\" data-section=\"kotimaa\"><br \/>\n            kotimaa<br \/>\n        <\/strong><br \/>\n        26.7. 18:30\n    <\/p>\n<p>Linda Lampenius: Paljastus Martinista\n    <\/p>\n<p itemprop=\"description\" class=\"subtitle \">\n    Lindan mies Martin vaihtoi juristista poliisiksi.\n<\/p>\n<p>        <\/a><\/p>\n<p class=\"article-content article-content-width !bg-background\">\u2013 Opinnot etenev\u00e4t loistavasti.<\/p>\n<p class=\"article-content article-content-width !bg-background\">\u2013 H\u00e4n on opiskellut puolitoista vuotta, ja h\u00e4nell\u00e4 on vuosi j\u00e4ljell\u00e4, niin h\u00e4n on valmis poliisi,\u00a0Linda kertoi Seiskalle hein\u00e4kuussa Martinin opinnoista.<\/p>\n<p class=\"article-content article-content-width !bg-background\">Huipputulojen romahdettua he ovat kuitenkin katsoneet parhaaksi laittaa Espanjan-kotinsa myyntiin.<\/p>\n<p>&#8221;Paratiisi maan p\u00e4\u00e4ll\u00e4&#8221;<\/p>\n<p class=\"article-content article-content-width !bg-background\">Lindan hein\u00e4kuussa <a href=\"https:\/\/www.instagram.com\/p\/DMe3zO_I4Bx\/\" aria-label=\"Lindan p\u00e4ivitys hein\u00e4kuussa\" target=\"_blank\" rel=\"nofollow noopener\">Instagramissa<\/a> julkaiseman videon mukaan kyseess\u00e4 on todellinen paratiisi maan p\u00e4\u00e4ll\u00e4.<\/p>\n<p class=\"article-content article-content-width !bg-background\">\u2013 Toivottavasti joku muu huolehtii tulevaisuudessa hyvin maanp\u00e4\u00e4llisest\u00e4 paratiisistamme, Linda toivoo jatkaen:<\/p>\n<p class=\"article-content article-content-width !bg-background\">\u2013 N\u00e4k\u00f6ala talosta on henke\u00e4salpaava. Vihreit\u00e4 laaksoja, V\u00e4limeri sek\u00e4 Afrikan rannikko.\u00a0<\/p>\n<p class=\"article-content article-content-width !bg-background\">Taloa v\u00e4litt\u00e4\u00e4 tv:st\u00e4 tuttu .<\/p>\n<p><script async src=\"\/\/www.instagram.com\/embed.js\"><\/script><\/p>\n","protected":false},"excerpt":{"rendered":"(230525) &#8212; Helsinki, May 23, 2025 \u2013 Linda Lampenius performs in Kulttuuritalo in Helsinki, Finland, 23. May 2025.&hellip;\n","protected":false},"author":2,"featured_media":72555,"comment_status":"","ping_status":"","sticky":false,"template":"","format":"standard","meta":{"footnotes":""},"categories":[130],"tags":[15853,542,137,1819,33,31,30,15852,5707,15851,32,109],"class_list":{"0":"post-72554","1":"post","2":"type-post","3":"status-publish","4":"format-standard","5":"has-post-thumbnail","7":"category-viihde","8":"tag-anne-ramsay","9":"tag-asuminen","10":"tag-entertainment","11":"tag-espanja","12":"tag-fi","13":"tag-finland","14":"tag-finnish","15":"tag-kiinteiston-myynti","16":"tag-linda-lampenius","17":"tag-martin-cullberg","18":"tag-suomi","19":"tag-viihde"},"share_on_mastodon":{"url":"https:\/\/pubeurope.com\/@fi\/115439425514436481","error":""},"_links":{"self":[{"href":"https:\/\/www.europesays.com\/fi\/wp-json\/wp\/v2\/posts\/72554","targetHints":{"allow":["GET"]}}],"collection":[{"href":"https:\/\/www.europesays.com\/fi\/wp-json\/wp\/v2\/posts"}],"about":[{"href":"https:\/\/www.europesays.com\/fi\/wp-json\/wp\/v2\/types\/post"}],"author":[{"embeddable":true,"href":"https:\/\/www.europesays.com\/fi\/wp-json\/wp\/v2\/users\/2"}],"replies":[{"embeddable":true,"href":"https:\/\/www.europesays.com\/fi\/wp-json\/wp\/v2\/comments?post=72554"}],"version-history":[{"count":0,"href":"https:\/\/www.europesays.com\/fi\/wp-json\/wp\/v2\/posts\/72554\/revisions"}],"wp:featuredmedia":[{"embeddable":true,"href":"https:\/\/www.europesays.com\/fi\/wp-json\/wp\/v2\/media\/72555"}],"wp:attachment":[{"href":"https:\/\/www.europesays.com\/fi\/wp-json\/wp\/v2\/media?parent=72554"}],"wp:term":[{"taxonomy":"category","embeddable":true,"href":"https:\/\/www.europesays.com\/fi\/wp-json\/wp\/v2\/categories?post=72554"},{"taxonomy":"post_tag","embeddable":true,"href":"https:\/\/www.europesays.com\/fi\/wp-json\/wp\/v2\/tags?post=72554"}],"curies":[{"name":"wp","href":"https:\/\/api.w.org\/{rel}","templated":true}]}}