{"id":72565,"date":"2025-10-26T08:21:07","date_gmt":"2025-10-26T08:21:07","guid":{"rendered":"https:\/\/www.europesays.com\/fi\/72565\/"},"modified":"2025-10-26T08:21:07","modified_gmt":"2025-10-26T08:21:07","slug":"ransistynyt-huoltoasema-onkin-maailmankuulun-arkkitehdin-luomus-sisalla-yha-arvohuonekalut-70-luvulta","status":"publish","type":"post","link":"https:\/\/www.europesays.com\/fi\/72565\/","title":{"rendered":"R\u00e4nsistynyt huoltoasema onkin maailmankuulun arkkitehdin luomus \u2013 Sis\u00e4ll\u00e4 yh\u00e4 arvohuonekalut 70-luvulta"},"content":{"rendered":"<p>Matti Suurosen 70-luvun Venturo-talo on myyt\u00e4v\u00e4n\u00e4.<\/p>\n<p><img decoding=\"async\" class=\"image image-show image-preview\" src=\"https:\/\/www.europesays.com\/fi\/wp-content\/uploads\/2025\/10\/ba2c6fc0a28148f4cbe3916797acb12e871ac28c6f588c7bf8ddc5d96d10da6c.jpg\" alt=\"\"\/><img decoding=\"async\" class=\"image image-show\" src=\"https:\/\/www.europesays.com\/fi\/wp-content\/uploads\/2025\/10\/1761466867_821_ba2c6fc0a28148f4cbe3916797acb12e871ac28c6f588c7bf8ddc5d96d10da6c.jpg\" alt=\"\"\/><\/p>\n<p>Ufo-kahvila edusti sis\u00e4lt\u00e4 70-luvun tyyli\u00e4 parhaimmillaan. Rakennuksen tyylin kruunasivat siihen sopivat huonekalut sek\u00e4 ikkunoiden takana aukeava j\u00e4rvimaisema.  Etel\u00e4-Karjalan museo<\/p>\n<p class=\"paragraph\">Luum\u00e4ell\u00e4 on myynniss\u00e4 entinen huoltoasema. Normaalisti huonokuntoiset ja vuosikymmeni\u00e4 k\u00e4ytt\u00e4m\u00e4tt\u00f6min\u00e4 olleet asemat eiv\u00e4t luultavasti her\u00e4tt\u00e4isi kummoista kiinnostusta, mutta t\u00e4m\u00e4n rakennuksen kohdalla tilanne on toinen. Rakennus on nimitt\u00e4in yksi maailmankuulun arkkitehti <strong>Matti Suurosen<\/strong> 70-luvulla suunnittelemista Venturo-taloista, joita valmistettiin 70-luvulla vain 19 kappaletta.<\/p>\n<p class=\"paragraph\">Rakennus on p\u00e4\u00e4ssyt huonoon kuntoon, sill\u00e4 kahvilatoiminta siin\u00e4 p\u00e4\u00e4ttyi jo 80-luvulla. Sen j\u00e4lkeen se on toiminut varastona, ja ikkunat paljastavat, ett\u00e4 sis\u00e4ll\u00e4 ovat yh\u00e4 alkuper\u00e4iset 70-luvun muovihuonekalut.<\/p>\n<p class=\"paragraph\">Rakennus oli vuosikymmeni\u00e4 yksityishenkil\u00f6n omistuksessa. Vain varastona toimineesta rakennuksesta tehtiinkin vuosittain kyselyit\u00e4 tai jopa ostotarjouksia, mutta omistaja ei joko myynyt tai pyysi liian korkeaa hintaa.<\/p>\n<p class=\"paragraph\">Omistaja kuitenkin kuoli muutama vuosi sitten, ja rakennus p\u00e4\u00e4tyi perikunnalle ja on nyt tulossa myyntiin.<\/p>\n<p class=\"paragraph\">\u2013\u2009Se tullaan myym\u00e4\u00e4n huutokaupassa Meklari.com -sivustolla. Kiinnostuneet ostajat voivat ottaa yhteytt\u00e4 jo nyt, vahvistaa <strong>Harri Boman<\/strong> myynti\u00e4 hoitavasta Kymrea Oy:st\u00e4.<\/p>\n<p class=\"paragraph\">Myynnin tiell\u00e4 on viel\u00e4 joitakin k\u00e4yt\u00e4nn\u00f6n j\u00e4rjestelyit\u00e4.<\/p>\n<p class=\"paragraph\">\u2013\u2009Selvit\u00e4mme esimerkiksi, onko museovirastolla jotain vaateita rakennukseen liittyen.<\/p>\n<p>Ufojen is\u00e4<\/p>\n<p class=\"paragraph\">Matti Suuronen nousi maailmanmaineeseen suunnittelemalla lujitemuovista Futuro-talon. Rakennus sai nopeasti lempinimen Ufo-talo, koska sen ulkon\u00e4k\u00f6 muistutti lent\u00e4v\u00e4\u00e4 lautasta. Futuro-taloja valmistettiin Suomessa 20, ja jos ulkomailla lisenssin my\u00f6t\u00e4 valmistetut Futurot lasketaan mukaan, nousee niiden kokonaism\u00e4\u00e4r\u00e4 noin sataan.<\/p>\n<p class=\"paragraph\">Yksi Suomessa valmistetuista Futuroista p\u00e4\u00e4tyi Luum\u00e4elle 1970, kun siin\u00e4 avattiin Ufo-kahvila. Kovin kauaa t\u00e4m\u00e4 Ufo ei kuitenkaan ollut laskeutuneena Etel\u00e4-Karjalaan, sill\u00e4 jo 1971 se myytiin eteenp\u00e4in ja se <a href=\"https:\/\/thefuturohouse.com\/Futuro-House-Poytya-Finland.html\" rel=\"noopener nofollow\" target=\"_blank\">p\u00e4\u00e4tyi P\u00f6yty\u00e4lle<\/a>.<\/p>\n<p class=\"paragraph\">Ufon vieress\u00e4 ollut laatikkomainen myym\u00e4l\u00e4rakennus sai j\u00e4\u00e4d\u00e4 paikalleen.<\/p>\n<p>Futuro-talo oli Luum\u00e4ell\u00e4 kahvila- ja baarik\u00e4yt\u00f6ss\u00e4 1970-1971.  Timo Pallasoja<\/p>\n<p class=\"paragraph\">Ufon paikalle tuli niin ik\u00e4\u00e4n Suurosen suunnittelema Venturo-talo, joka on pienemm\u00e4st\u00e4 tunnettuudestaan huolimatta yht\u00e4 harvinainen kuin kuuluisampi Futuro.<\/p>\n<p class=\"paragraph\">Vaikka Futuro-talo myytiin pois, j\u00e4i Ufo-kahvilan nimi k\u00e4ytt\u00f6\u00f6n, ja rakennus toimi my\u00f6s huoltoasemana. Sis\u00e4ll\u00e4 siell\u00e4 oli niin upeat aikakautensa kalusteet, ett\u00e4 nykyperspektiivist\u00e4 katsottuna kyse voisi olla yhdest\u00e4 aikakautensa kauneimmista huoltoasemista.<\/p>\n<p>Ufo-kahvila sellaisena kuin 70-luvulla autoilleet sen muistavat. Rakennus oli kauniilla paikalla, sill\u00e4 heti sen takana siint\u00e4v\u00e4t Kivij\u00e4rven kauniit maisemat.  Etel\u00e4-Karjalan museo<\/p>\n<p>Ufo toimi 70-luvulla huoltoasemana ja kahvilana.  Etel\u00e4-Karjalan museo<\/p>\n<p>Vaikka kahvilatoiminta p\u00e4\u00e4ttyi jo 80-luvun alussa, ovat alkuper\u00e4iset kalusteet yh\u00e4 tallessa Etel\u00e4-Karjalan museo<\/p>\n<p class=\"paragraph\">Kahvila vaihtoi omistajaa 80-luvulla, mutta kahvilatoiminta ei jatkunutkaan. <a href=\"https:\/\/esaimaalehtiartikkelit.fi\/2015\/07\/kahvitta-1980-luvulta\/\" rel=\"noopener nofollow\" target=\"_blank\">Etel\u00e4-Saimaan mukaan<\/a> mukana oli huonoa onneakin, sill\u00e4 uuden omistajan kahvilanpit\u00e4j\u00e4ksi palkkaama henkil\u00f6 joutui liikenneonnettomuuteen ennen avajaisia. Omistaja my\u00f6s lehden mukaan koki, ett\u00e4 Luum\u00e4en kunta ei halunnut h\u00e4nest\u00e4 kilpailijaa vieress\u00e4 toimineelle Luum\u00e4en Motellille.<\/p>\n<p class=\"paragraph\">Kahvila ei koskaan auennut, vaan rakennus j\u00e4i pelk\u00e4ksi varastoksi yli nelj\u00e4n vuosikymmenen ajaksi.<\/p>\n<p class=\"paragraph\">Futurot tiedet\u00e4\u00e4n todella arvokkaiksi ja niist\u00e4 on maksettu jopa satoja tuhansia euroja. Nyt myyntiin tulevan Venturon arvoa on todella vaikea arvioida, koska n\u00e4it\u00e4 on tehty niin v\u00e4h\u00e4n ja myyty niin harvoin.<\/p>\n<p>Kahvilatoiminta loppui Venturossa jo 80-luvun alussa.  Timo Ravi<\/p>\n<p class=\"paragraph\">Arkkitehtuurimuseon arkistonhoitaja <strong>Elina Standertskj\u00f6ld<\/strong> kertoi <a href=\"https:\/\/esaimaalehtiartikkelit.fi\/2015\/07\/kahvitta-1980-luvulta\/\" rel=\"noopener nofollow\" target=\"_blank\">Etel\u00e4-Saimaalle 2015<\/a>, ett\u00e4 voidaan puhua huomattavan arvokkaasta kokonaisuudesta.<\/p>\n<p class=\"paragraph\">\u2014 Jos alkuper\u00e4iset huonekalut ovat siell\u00e4 olemassa ja interi\u00f6\u00f6ri on s\u00e4ilynyt, se voi olla todella arvokas.<\/p>\n<p class=\"paragraph\">N\u00e4in todella on. Sis\u00e4ll\u00e4 ovat alkuper\u00e4iset muovihuonekalut, joita jotkut ulkoa tai kuvista katsoneet ovat saattaneet luulla legendaarisen <strong>Yrj\u00f6 Kukkapuron<\/strong> luomuksiksi.<\/p>\n<p class=\"paragraph\">\u2013\u2009Ne eiv\u00e4t ole Kukkapuron vaan Matti Suurosen itsens\u00e4 suunnittelemia, Boman kertoo.<\/p>\n<p class=\"paragraph\">\u2013\u2009Kukkapuron tuolien jaloissa oli nelj\u00e4 sakaraa ja n\u00e4iss\u00e4 Suurosen suunnittelemissa kolme, h\u00e4n kertoo.<\/p>\n<p>Omistaja k\u00e4ytti rakennushistoriallisesti arvokasta Venturoa pelkk\u00e4n\u00e4 varastona.  Timo Ravi<\/p>\n<p class=\"paragraph\">Jo ilman huonekaluja rakennus olisi arvokas.<\/p>\n<p class=\"paragraph\">\u2014 Venturot ovat aivan yht\u00e4 arvokkaita kuin Futurot. Futuro oli hankalampi. K\u00e4yt\u00e4nn\u00f6llisi\u00e4 Venturoita oli asuntoina ja bensa-asemien kahviloina, Standertskj\u00f6ld kertoi Etel\u00e4-Saimaalle.<\/p>\n<p class=\"paragraph\">Vuosien laiminly\u00f6nnit n\u00e4kyv\u00e4t kuitenkin siin\u00e4, ett\u00e4 rakennus on ulkopinnoiltaan huonossa kunnossa ja vaatii entis\u00f6inti\u00e4. Ja se maksaa.<\/p>\n<p class=\"paragraph\">\u2013\u2009Kahvila pit\u00e4isi ehdottomasti pelastaa. Tosin sen aikaista muovia on hirve\u00e4n vaikea entis\u00f6id\u00e4, Standertskj\u00f6ld kommentoi 10 vuotta sitten. Nyt aikaa on kulunut ja rakennus entist\u00e4 huonommassa kunnossa, joten entis\u00f6innist\u00e4 on tulossa entist\u00e4 haastavampi ja kalliimpi urakka.<\/p>\n<p>Sis\u00e4ll\u00e4 olevat alkuper\u00e4iset huonekalut lis\u00e4\u00e4v\u00e4t rakennuksen kiinnostavuutta.  Timo Ravi<\/p>\n<p>Alkuper\u00e4inen vuoden 1970 Ufo-kylttikin on yh\u00e4 tallessa ikkunalasien takana.  Timo Ravi<\/p>\n<p class=\"paragraph\">Iltalehti kertoi hiljaittain 80-luvun suurimmasta suomalaisesta liikenneasemasta, joka on t\u00e4ll\u00e4 hetkell\u00e4 autiotalona. Lue aiheesta lis\u00e4\u00e4 <a href=\"https:\/\/www.iltalehti.fi\/autouutiset\/8c6d995b-9a26-40a5-8ef6-3427b01d62ed\" rel=\"nofollow noopener\" target=\"_blank\">t\u00e4\u00e4lt\u00e4<\/a>.<\/p>\n<p class=\"paragraph\">Kuvateksti\u00e4 korjattu kello 9.36. Artikkelin toisen kuvan ottajan sukunimi on Pallasoja, ei Pallasvuo.<\/p>\n","protected":false},"excerpt":{"rendered":"Matti Suurosen 70-luvun Venturo-talo on myyt\u00e4v\u00e4n\u00e4. Ufo-kahvila edusti sis\u00e4lt\u00e4 70-luvun tyyli\u00e4 parhaimmillaan. Rakennuksen tyylin kruunasivat siihen sopivat huonekalut&hellip;\n","protected":false},"author":2,"featured_media":72566,"comment_status":"","ping_status":"","sticky":false,"template":"","format":"standard","meta":{"footnotes":""},"categories":[135],"tags":[35,389,387,388,390,137,33,31,30,2870,2349,3723,900,2331,32,394,393,391,392,109],"class_list":{"0":"post-72565","1":"post","2":"type-post","3":"status-publish","4":"format-standard","5":"has-post-thumbnail","7":"category-taiteet-ja-suunnittelu","8":"tag-24h","9":"tag-arts","10":"tag-arts-and-design","11":"tag-artsanddesign","12":"tag-design","13":"tag-entertainment","14":"tag-fi","15":"tag-finland","16":"tag-finnish","17":"tag-kaupankaynti","18":"tag-myynti","19":"tag-ravintolat","20":"tag-ruoka","21":"tag-ruoka-ja-juoma","22":"tag-suomi","23":"tag-suunnittelu","24":"tag-taiteet","25":"tag-taiteet-ja-suunnittelu","26":"tag-taiteetsuunnittelu","27":"tag-viihde"},"share_on_mastodon":{"url":"https:\/\/pubeurope.com\/@fi\/115439500276462065","error":""},"_links":{"self":[{"href":"https:\/\/www.europesays.com\/fi\/wp-json\/wp\/v2\/posts\/72565","targetHints":{"allow":["GET"]}}],"collection":[{"href":"https:\/\/www.europesays.com\/fi\/wp-json\/wp\/v2\/posts"}],"about":[{"href":"https:\/\/www.europesays.com\/fi\/wp-json\/wp\/v2\/types\/post"}],"author":[{"embeddable":true,"href":"https:\/\/www.europesays.com\/fi\/wp-json\/wp\/v2\/users\/2"}],"replies":[{"embeddable":true,"href":"https:\/\/www.europesays.com\/fi\/wp-json\/wp\/v2\/comments?post=72565"}],"version-history":[{"count":0,"href":"https:\/\/www.europesays.com\/fi\/wp-json\/wp\/v2\/posts\/72565\/revisions"}],"wp:featuredmedia":[{"embeddable":true,"href":"https:\/\/www.europesays.com\/fi\/wp-json\/wp\/v2\/media\/72566"}],"wp:attachment":[{"href":"https:\/\/www.europesays.com\/fi\/wp-json\/wp\/v2\/media?parent=72565"}],"wp:term":[{"taxonomy":"category","embeddable":true,"href":"https:\/\/www.europesays.com\/fi\/wp-json\/wp\/v2\/categories?post=72565"},{"taxonomy":"post_tag","embeddable":true,"href":"https:\/\/www.europesays.com\/fi\/wp-json\/wp\/v2\/tags?post=72565"}],"curies":[{"name":"wp","href":"https:\/\/api.w.org\/{rel}","templated":true}]}}