{"id":72594,"date":"2025-10-26T09:02:07","date_gmt":"2025-10-26T09:02:07","guid":{"rendered":"https:\/\/www.europesays.com\/fi\/72594\/"},"modified":"2025-10-26T09:02:07","modified_gmt":"2025-10-26T09:02:07","slug":"ruotsissa-ammuskelu-teinipoika-kuoli-toinen-loukkaantui-vakavasti-uutissuomalainen","status":"publish","type":"post","link":"https:\/\/www.europesays.com\/fi\/72594\/","title":{"rendered":"Ruotsissa ammuskelu \u2013\u2009teinipoika kuoli, toinen loukkaantui vakavasti | Uutissuomalainen"},"content":{"rendered":"<p>Teini-ik\u00e4inen poika kuoli lauantai-iltana ammuskelussa Ruotsin G\u00e4vless\u00e4, kertoo muun muassa <a href=\"https:\/\/www.svt.se\/nyheter\/lokalt\/gavleborg\/stor-polisinsats-i-gavle-efter-larm-om-smallar\" rel=\"nofollow noopener\" target=\"_blank\">SVT<\/a>. Lis\u00e4ksi toinen nuori loukkaantui vakavasti.<\/p>\n<p>Ammuskelu tapahtui Bryn\u00e4sin asuinalueella kahdeksan aikoihin illalla. Poliisin tiedottajan <strong>Magnus Jansson Klarinin<\/strong> mukaan tapauksen ep\u00e4ill\u00e4\u00e4n liittyv\u00e4n jengirikollisuuteen.<\/p>\n<p>Ep\u00e4ilty\u00e4 tekij\u00e4\u00e4 tai tekij\u00f6it\u00e4 ei ole saatu kiinni. Poliisi tutkii tapausta murhana ja murhan yrityksen\u00e4.<\/p>\n<p>Kolme viikkoa sitten G\u00e4vlen keskustassa ammuttiin kuutta ihmist\u00e4. Poliisi pid\u00e4tti rikospaikan l\u00e4helt\u00e4 13-vuotiaan pojan. Poliisi tutkii mahdollisia yhteyksi\u00e4 ampumisten v\u00e4lill\u00e4.<\/p>\n","protected":false},"excerpt":{"rendered":"Teini-ik\u00e4inen poika kuoli lauantai-iltana ammuskelussa Ruotsin G\u00e4vless\u00e4, kertoo muun muassa SVT. Lis\u00e4ksi toinen nuori loukkaantui vakavasti. Ammuskelu tapahtui&hellip;\n","protected":false},"author":2,"featured_media":72595,"comment_status":"","ping_status":"","sticky":false,"template":"","format":"standard","meta":{"footnotes":""},"categories":[5],"tags":[22,23,26,27,33,31,30,15854,17,2455,683,55,24,25,28,29,15,18,21,54,52,103,32,19,20,16],"class_list":{"0":"post-72594","1":"post","2":"type-post","3":"status-publish","4":"format-standard","5":"has-post-thumbnail","7":"category-otsikot","8":"tag-breaking-news","9":"tag-breakingnews","10":"tag-featured-news","11":"tag-featurednews","12":"tag-fi","13":"tag-finland","14":"tag-finnish","15":"tag-gavle","16":"tag-headlines","17":"tag-hengenvaara-ja-loukkaantuminen","18":"tag-kuolema","19":"tag-lainvalvonta","20":"tag-latest-news","21":"tag-latestnews","22":"tag-main-news","23":"tag-mainnews","24":"tag-news","25":"tag-otsikot","26":"tag-paauutiset","27":"tag-pelastuspalvelut","28":"tag-poliisi","29":"tag-sosiaalikysymykset","30":"tag-suomi","31":"tag-top-stories","32":"tag-topstories","33":"tag-uutiset"},"share_on_mastodon":{"url":"https:\/\/pubeurope.com\/@fi\/115439661431140691","error":""},"_links":{"self":[{"href":"https:\/\/www.europesays.com\/fi\/wp-json\/wp\/v2\/posts\/72594","targetHints":{"allow":["GET"]}}],"collection":[{"href":"https:\/\/www.europesays.com\/fi\/wp-json\/wp\/v2\/posts"}],"about":[{"href":"https:\/\/www.europesays.com\/fi\/wp-json\/wp\/v2\/types\/post"}],"author":[{"embeddable":true,"href":"https:\/\/www.europesays.com\/fi\/wp-json\/wp\/v2\/users\/2"}],"replies":[{"embeddable":true,"href":"https:\/\/www.europesays.com\/fi\/wp-json\/wp\/v2\/comments?post=72594"}],"version-history":[{"count":0,"href":"https:\/\/www.europesays.com\/fi\/wp-json\/wp\/v2\/posts\/72594\/revisions"}],"wp:featuredmedia":[{"embeddable":true,"href":"https:\/\/www.europesays.com\/fi\/wp-json\/wp\/v2\/media\/72595"}],"wp:attachment":[{"href":"https:\/\/www.europesays.com\/fi\/wp-json\/wp\/v2\/media?parent=72594"}],"wp:term":[{"taxonomy":"category","embeddable":true,"href":"https:\/\/www.europesays.com\/fi\/wp-json\/wp\/v2\/categories?post=72594"},{"taxonomy":"post_tag","embeddable":true,"href":"https:\/\/www.europesays.com\/fi\/wp-json\/wp\/v2\/tags?post=72594"}],"curies":[{"name":"wp","href":"https:\/\/api.w.org\/{rel}","templated":true}]}}