{"id":72598,"date":"2025-10-26T09:21:09","date_gmt":"2025-10-26T09:21:09","guid":{"rendered":"https:\/\/www.europesays.com\/fi\/72598\/"},"modified":"2025-10-26T09:21:09","modified_gmt":"2025-10-26T09:21:09","slug":"kevin-de-bruyne-laukoi-maalin-sitten-tuli-itku","status":"publish","type":"post","link":"https:\/\/www.europesays.com\/fi\/72598\/","title":{"rendered":"Kevin De Bruyne laukoi maalin \u2013 sitten tuli itku"},"content":{"rendered":"<p>Jalkapallo|Napolin t\u00e4htipelaaja onnistui rangaistuspotkusta mutta loukkasi itse\u00e4\u00e4n.<\/p>\n<p class=\"article-body mb-nof-24 px-nof-16\">Napolin keskikent\u00e4n t\u00e4htipelaaja <a class=\"article-personlink\" href=\"https:\/\/www.hs.fi\/haku\/?query=Kevin%20De%20Bruyne\" rel=\"nofollow noopener\" target=\"_blank\">Kevin De Bruyne<\/a> laukoi rangaistuspotkun lauantain Serie A:n ottelussa Interi\u00e4 vastaan.<\/p>\n<p class=\"article-body mb-nof-24 px-nof-16\">Pallo meni maaliin, mutta kaikki ei ollut hyvin. De Bruyne l\u00e4hti juhlimaan osumaansa, mutta tajusi nopeasti, mit\u00e4 oli tapahtunut. H\u00e4nelle oli tullut potkutilanteessa takareisivamma.<\/p>\n<p class=\"article-body mb-nof-24 px-nof-16\">De Bruyne kyynelehti joukkuekavereidensa keskell\u00e4.<\/p>\n<p class=\"article-body mb-nof-24 px-nof-16\">Ottelua oli pelattu siin\u00e4 vaiheessa v\u00e4h\u00e4n yli puoli tuntia. De Bruyne joutui j\u00e4tt\u00e4m\u00e4\u00e4n kent\u00e4n.<\/p>\n<p><img decoding=\"async\" src=\"https:\/\/www.europesays.com\/fi\/wp-content\/uploads\/2025\/10\/1761470468_107_468.jpg\" alt=\"Kevin De Bruyne laukoi rangaistuspotkun...\" class=\"_Img_1rerz_1\" style=\"aspect-ratio:1.5011727912431587\" loading=\"eager\"\/><\/p>\n<p class=\"article-picture-caption\">Kevin De Bruyne laukoi rangaistuspotkun&#8230; Kuva:\u00a0MATTEO CIAMBELLI \/ Reuters<\/p>\n<p><img decoding=\"async\" src=\"https:\/\/www.europesays.com\/fi\/wp-content\/uploads\/2025\/10\/1761470469_610_468.jpg\" alt=\"...mutta sitten otti takareidest\u00e4.\" class=\"_Img_1rerz_1\" style=\"aspect-ratio:1.5\" loading=\"eager\"\/><\/p>\n<p class=\"article-picture-caption\">&#8230;mutta sitten otti takareidest\u00e4. Kuva:\u00a0Domenico Cippitelli \/ Zuma \/ MVPhotos<\/p>\n<p><img decoding=\"async\" src=\"https:\/\/www.europesays.com\/fi\/wp-content\/uploads\/2025\/10\/1761470469_180_468.jpg\" alt=\"Napolin huoltajat auttoivat De Bruynen pelikent\u00e4lt\u00e4.\" class=\"_Img_1rerz_1\" style=\"aspect-ratio:1.5\" loading=\"eager\"\/><\/p>\n<p class=\"article-picture-caption\">Napolin huoltajat auttoivat De Bruynen pelikent\u00e4lt\u00e4. Kuva:\u00a0Allshotlive \/ Zuma \/ MVPhotos<\/p>\n<p><img decoding=\"async\" src=\"https:\/\/www.europesays.com\/fi\/wp-content\/uploads\/2025\/10\/1761470469_221_468.jpg\" alt=\"Belgialainen joutui seuraamaan ottelua loppuun vaihtopenkilt\u00e4 reisi vahvasti teipattuna.\" class=\"_Img_1rerz_1\" style=\"aspect-ratio:1.5\" loading=\"eager\"\/><\/p>\n<p class=\"article-picture-caption\">Belgialainen joutui seuraamaan ottelua loppuun vaihtopenkilt\u00e4 reisi vahvasti teipattuna. Kuva:\u00a0Felice De Martino \/ Zuma \/ MVPhotos<\/p>\n<p class=\"article-body mb-nof-24 px-nof-16\">Napoli voitti ottelun maalein 3\u20131 ja nousi sarjan k\u00e4rkeen.<\/p>\n<p class=\"article-body mb-nof-24 px-nof-16\">De Bruyne siirtyi Napoliin t\u00e4ksi kaudeksi Manchester Cityst\u00e4, jota h\u00e4n edusti 2015\u20132025.<\/p>\n<p class=\"article-body mb-nof-24 px-nof-16\">34-vuotiasta belgialaist\u00e4hte\u00e4 pidet\u00e4\u00e4n yhten\u00e4 Valioliigan kautta aikain parhaista pelaajista, mutta h\u00e4n on k\u00e4rsinyt viime vuosina loukkaantumisista.<\/p>\n<p class=\"article-body mb-nof-24 px-nof-16\">H\u00e4n k\u00e4rsi pahasta takareisivammasta esimerkiksi my\u00f6s 2023. Silloin vamma vaati leikkaushoitoa ja pelaaja oli pitk\u00e4\u00e4n poissa pelikentilt\u00e4.<\/p>\n<p class=\"article-body mb-nof-24 px-nof-16\">Joidenkin arvioiden mukaan pelivastuun pakollinen v\u00e4heneminen oli yksi syist\u00e4, jonka takia De Bruyne joutui l\u00e4htem\u00e4\u00e4n Cityst\u00e4.<\/p>\n<p class=\"article-body mb-nof-24 px-nof-16\">Napolissa on kulkenut vahvasti. Keskikentt\u00e4pelaaja on pelannut Serie A:n kuluvalla kaudella kahdeksan ottelua ja tehnyt nelj\u00e4 maalia.<\/p>\n","protected":false},"excerpt":{"rendered":"Jalkapallo|Napolin t\u00e4htipelaaja onnistui rangaistuspotkusta mutta loukkasi itse\u00e4\u00e4n. Napolin keskikent\u00e4n t\u00e4htipelaaja Kevin De Bruyne laukoi rangaistuspotkun lauantain Serie A:n&hellip;\n","protected":false},"author":2,"featured_media":72599,"comment_status":"","ping_status":"","sticky":false,"template":"","format":"standard","meta":{"footnotes":""},"categories":[158],"tags":[33,31,30,46,159,32,160],"class_list":{"0":"post-72598","1":"post","2":"type-post","3":"status-publish","4":"format-standard","5":"has-post-thumbnail","7":"category-urheilu","8":"tag-fi","9":"tag-finland","10":"tag-finnish","11":"tag-helsingin-sanomat","12":"tag-sports","13":"tag-suomi","14":"tag-urheilu"},"share_on_mastodon":{"url":"https:\/\/pubeurope.com\/@fi\/115439736432240305","error":""},"_links":{"self":[{"href":"https:\/\/www.europesays.com\/fi\/wp-json\/wp\/v2\/posts\/72598","targetHints":{"allow":["GET"]}}],"collection":[{"href":"https:\/\/www.europesays.com\/fi\/wp-json\/wp\/v2\/posts"}],"about":[{"href":"https:\/\/www.europesays.com\/fi\/wp-json\/wp\/v2\/types\/post"}],"author":[{"embeddable":true,"href":"https:\/\/www.europesays.com\/fi\/wp-json\/wp\/v2\/users\/2"}],"replies":[{"embeddable":true,"href":"https:\/\/www.europesays.com\/fi\/wp-json\/wp\/v2\/comments?post=72598"}],"version-history":[{"count":0,"href":"https:\/\/www.europesays.com\/fi\/wp-json\/wp\/v2\/posts\/72598\/revisions"}],"wp:featuredmedia":[{"embeddable":true,"href":"https:\/\/www.europesays.com\/fi\/wp-json\/wp\/v2\/media\/72599"}],"wp:attachment":[{"href":"https:\/\/www.europesays.com\/fi\/wp-json\/wp\/v2\/media?parent=72598"}],"wp:term":[{"taxonomy":"category","embeddable":true,"href":"https:\/\/www.europesays.com\/fi\/wp-json\/wp\/v2\/categories?post=72598"},{"taxonomy":"post_tag","embeddable":true,"href":"https:\/\/www.europesays.com\/fi\/wp-json\/wp\/v2\/tags?post=72598"}],"curies":[{"name":"wp","href":"https:\/\/api.w.org\/{rel}","templated":true}]}}