{"id":72612,"date":"2025-10-26T09:43:09","date_gmt":"2025-10-26T09:43:09","guid":{"rendered":"https:\/\/www.europesays.com\/fi\/72612\/"},"modified":"2025-10-26T09:43:09","modified_gmt":"2025-10-26T09:43:09","slug":"illalla-tvssa-rocky-ei-olekaan-nyrkkeilysankarin-oikea-nimi-kasikirjoitus-paljasti-syntymanimen","status":"publish","type":"post","link":"https:\/\/www.europesays.com\/fi\/72612\/","title":{"rendered":"Illalla tv:ss\u00e4: Rocky ei olekaan nyrkkeilysankarin oikea nimi \u2013 k\u00e4sikirjoitus paljasti syntym\u00e4nimen"},"content":{"rendered":"<p>Illalla voi katsella televisiosta elokuvan Rockyn uusintaottelu (1979).<\/p>\n<p>Vaikka Rocky Balboa j\u00e4\u00e4kin tuomari\u00e4\u00e4nin maailmanmestari Apollo Creedin taakse, h\u00e4n nousee silti moraaliseksi voittajaksi. El\u00e4m\u00e4 n\u00e4ytt\u00e4\u00e4 valoisalta \u2013 rakastava vaimo, uusi koti ja vauva tulossa. Mutta voisiko kunnianhimo ja menestyksen himo ajaa h\u00e4net vaaralliselle tielle \u2013 jopa menett\u00e4m\u00e4\u00e4n kaiken, mit\u00e4 h\u00e4n on saavuttanut?<\/p>\n<p>N\u00e4yttelij\u00f6in\u00e4 <strong>Sylvester Stallone<\/strong>, <strong>Talia Shire<\/strong>, <strong>Burt Young<\/strong>, <strong>Carl Weathers<\/strong> sek\u00e4 <strong>Burgess Meredith<\/strong>. Ohjaajana <strong>Sylvester Stallone<\/strong>.<\/p>\n<p>Er\u00e4\u00e4ss\u00e4 k\u00e4sikirjoitusversiossa n\u00e4hd\u00e4\u00e4n takauma, jossa Rocky kohtaa valmentajansa Mickeyn \u2013 ja siin\u00e4 paljastuu my\u00f6s yll\u00e4tt\u00e4v\u00e4 yksityiskohta: Rockyn oikea nimi on Robert.<\/p>\n<p>Elokuva sai kriitikoilta yleisesti ottaen my\u00f6nteisi\u00e4 arvosteluja. Jatko-osa sai kehuja hahmoista, loppuratkaisusta ja Stallonen roolisuorituksesta.<\/p>\n<p>Rockyn uusintaottelu oli vuoden 1979 kolmanneksi tuottoisin elokuva. Edelle kiriv\u00e4t vain Kramer vastaan Kramer ja Luojan t\u00e4hden paetkaa! (The Amityville Horror).<\/p>\n<p>Elokuvan kriitikkomittari Rotten Tomatoesissa on luvussa 70. Leffa on my\u00f6s MTV Katsomossa. Alla traileri.<\/p>\n<ul class=\"wp-block-list\">\n<li>Su 26.10.2025 klo 23.45 \u00b7 MTV Sub<\/li>\n<\/ul>\n<p>Lue my\u00f6s: <a href=\"https:\/\/www.episodi.fi\/uutiset\/siinahan-on-nuori-rocky-sylvester-stallonea-esittavasta-anthony-ippolitosta-julkaistiin-kuva\/\" title=\"Siin\u00e4h\u00e4n on nuori Rocky! \u2013 Sylvester Stallonea esitt\u00e4v\u00e4st\u00e4 Anthony Ippolitosta julkaistiin kuva\" class=\"underline-custom !font-montserrat !font-bold !underline-offset-4 !decoration-4 !decoration-episodi-blue !text-md\" rel=\"nofollow noopener\" target=\"_blank\">Siin\u00e4h\u00e4n on nuori Rocky! \u2013 Sylvester Stallonea esitt\u00e4v\u00e4st\u00e4 Anthony Ippolitosta julkaistiin kuva<\/a><\/p>\n<p>Lue my\u00f6s: <a href=\"https:\/\/www.episodi.fi\/uutiset\/tiesitko-sylvester-stallone-karsi-karun-onnettomuuden-rocky-iin-yhteydessa-kipu-oli-hirvea\/\" title=\"Tiesitk\u00f6? Sylvester Stallone k\u00e4rsi karun onnettomuuden Rocky II:n yhteydess\u00e4: \u201dKipu oli hirve\u00e4\u201d\" class=\"underline-custom !font-montserrat !font-bold !underline-offset-4 !decoration-4 !decoration-episodi-blue !text-md\" rel=\"nofollow noopener\" target=\"_blank\">Tiesitk\u00f6? Sylvester Stallone k\u00e4rsi karun onnettomuuden Rocky II:n yhteydess\u00e4: \u201dKipu oli hirve\u00e4\u201d<\/a><\/p>\n<p>Lue my\u00f6s: <a href=\"https:\/\/www.episodi.fi\/uutiset\/sylvester-stallonen-vaimo-aiheutti-trans-puheillaan-kohun\/\" title=\"Sylvester Stallonen vaimo aiheutti trans-puheillaan kohun\" class=\"underline-custom !font-montserrat !font-bold !underline-offset-4 !decoration-4 !decoration-episodi-blue !text-md\" rel=\"nofollow noopener\" target=\"_blank\">Sylvester Stallonen vaimo aiheutti trans-puheillaan kohun<\/a><\/p>\n<p>Lue my\u00f6s: <a href=\"https:\/\/www.episodi.fi\/uutiset\/talta-nayttaa-nuori-stallone-rocky-elokuvan-tekemisesta-kertovasta-leffasta-julkaistiin-ensimmainen-kuva\/\" title=\"T\u00e4lt\u00e4 n\u00e4ytt\u00e4\u00e4 nuori Stallone \u2013 Rocky-elokuvan tekemisest\u00e4 kertovasta leffasta julkaistiin ensimm\u00e4inen kuva\" class=\"underline-custom !font-montserrat !font-bold !underline-offset-4 !decoration-4 !decoration-episodi-blue !text-md\" rel=\"nofollow noopener\" target=\"_blank\">T\u00e4lt\u00e4 n\u00e4ytt\u00e4\u00e4 nuori Stallone \u2013 Rocky-elokuvan tekemisest\u00e4 kertovasta leffasta julkaistiin ensimm\u00e4inen kuva<\/a><\/p>\n<p><img loading=\"lazy\" decoding=\"async\" alt=\"YouTube video\" width=\"480\" height=\"360\" data-pin-nopin=\"true\" nopin=\"nopin\" class=\"perfmatters-lazy\" src=\"https:\/\/www.europesays.com\/fi\/wp-content\/uploads\/2025\/10\/1761471789_382_hqdefault.jpg\"\/><\/p>\n<p>L\u00e4hde: <a href=\"https:\/\/en.wikipedia.org\/wiki\/List_of_Rocky_characters\" target=\"_blank\" rel=\"noreferrer noopener nofollow\">Wikipedia<\/a>, <a href=\"https:\/\/en.wikipedia.org\/wiki\/Rocky_II\" target=\"_blank\" rel=\"noreferrer noopener nofollow\">Wikipedia<\/a>, <a href=\"https:\/\/www.boxofficemojo.com\/year\/world\/1979\/\" target=\"_blank\" rel=\"noreferrer noopener nofollow\">Box Office Mojo<\/a><\/p>\n<p>Lue my\u00f6s: <a href=\"https:\/\/www.episodi.fi\/uutiskirje\/?uutiskirjemainos=tekstilinkkimainos\" title=\"Tilaa Episodin uutiskirje ja voit voittaa leffalippuja! Nappaa tv-vinkit suoraan s\u00e4hk\u00f6postiin t\u00e4st\u00e4.\" class=\"underline-custom !font-montserrat !font-bold !underline-offset-4 !decoration-4 !decoration-episodi-blue !text-md\" rel=\"nofollow noopener\" target=\"_blank\">Tilaa Episodin uutiskirje ja voit voittaa leffalippuja! Nappaa katseluvinkit suoraan s\u00e4hk\u00f6postiin t\u00e4st\u00e4.<\/a><\/p>\n","protected":false},"excerpt":{"rendered":"Illalla voi katsella televisiosta elokuvan Rockyn uusintaottelu (1979). Vaikka Rocky Balboa j\u00e4\u00e4kin tuomari\u00e4\u00e4nin maailmanmestari Apollo Creedin taakse, h\u00e4n&hellip;\n","protected":false},"author":2,"featured_media":72613,"comment_status":"","ping_status":"","sticky":false,"template":"","format":"standard","meta":{"footnotes":""},"categories":[133],"tags":[137,33,31,30,32,206,139,156,109],"class_list":{"0":"post-72612","1":"post","2":"type-post","3":"status-publish","4":"format-standard","5":"has-post-thumbnail","7":"category-televisiot","8":"tag-entertainment","9":"tag-fi","10":"tag-finland","11":"tag-finnish","12":"tag-suomi","13":"tag-televisiot","14":"tag-tv-ohjelmat","15":"tag-tv","16":"tag-viihde"},"share_on_mastodon":{"url":"https:\/\/pubeurope.com\/@fi\/115439822708243810","error":""},"_links":{"self":[{"href":"https:\/\/www.europesays.com\/fi\/wp-json\/wp\/v2\/posts\/72612","targetHints":{"allow":["GET"]}}],"collection":[{"href":"https:\/\/www.europesays.com\/fi\/wp-json\/wp\/v2\/posts"}],"about":[{"href":"https:\/\/www.europesays.com\/fi\/wp-json\/wp\/v2\/types\/post"}],"author":[{"embeddable":true,"href":"https:\/\/www.europesays.com\/fi\/wp-json\/wp\/v2\/users\/2"}],"replies":[{"embeddable":true,"href":"https:\/\/www.europesays.com\/fi\/wp-json\/wp\/v2\/comments?post=72612"}],"version-history":[{"count":0,"href":"https:\/\/www.europesays.com\/fi\/wp-json\/wp\/v2\/posts\/72612\/revisions"}],"wp:featuredmedia":[{"embeddable":true,"href":"https:\/\/www.europesays.com\/fi\/wp-json\/wp\/v2\/media\/72613"}],"wp:attachment":[{"href":"https:\/\/www.europesays.com\/fi\/wp-json\/wp\/v2\/media?parent=72612"}],"wp:term":[{"taxonomy":"category","embeddable":true,"href":"https:\/\/www.europesays.com\/fi\/wp-json\/wp\/v2\/categories?post=72612"},{"taxonomy":"post_tag","embeddable":true,"href":"https:\/\/www.europesays.com\/fi\/wp-json\/wp\/v2\/tags?post=72612"}],"curies":[{"name":"wp","href":"https:\/\/api.w.org\/{rel}","templated":true}]}}