{"id":72625,"date":"2025-10-26T10:06:13","date_gmt":"2025-10-26T10:06:13","guid":{"rendered":"https:\/\/www.europesays.com\/fi\/72625\/"},"modified":"2025-10-26T10:06:13","modified_gmt":"2025-10-26T10:06:13","slug":"sara-parikka-on-nyt-neljan-lapsen-aiti","status":"publish","type":"post","link":"https:\/\/www.europesays.com\/fi\/72625\/","title":{"rendered":"Sara Parikka on nyt nelj\u00e4n lapsen \u00e4iti."},"content":{"rendered":"<p>Nelj\u00e4nnen lapsensa muutama viikko sitten synnytt\u00e4nyt somet\u00e4hti <strong>Sara Parikka <\/strong>on tehnyt jo useamman julkaisun vauvastaan. H\u00e4n on kertonut esimerkiksi, kuinka perheen muut lapset auttavat mielell\u00e4\u00e4n vauvan hoidossa.<\/p>\n<p>Nyt Sara kertoo tuoreimmassa julkaisussaan tarkemmin, miten vauvan kanssa on mennyt. Jotain vauva-ajoista on h\u00e4nelt\u00e4 ollut unohduksissa. Jotain oppia on tullut mieleen my\u00f6s niist\u00e4 ajoista, kun perheen muut lapset olivat vauvoja.<\/p>\n<p>Lue my\u00f6s: <a href=\"https:\/\/www.como.fi\/uutiset\/sara-parikka-jakoi-kuvia-vastasyntyneesta-vauvastaan-talta-han-nayttaa\/\" title=\"Sara Parikka jakoi kuvia vastasyntyneest\u00e4 vauvastaan \u2013 t\u00e4lt\u00e4 h\u00e4n n\u00e4ytt\u00e4\u00e4\" class=\"underline-custom !font-montserrat !font-bold !underline-offset-4 !decoration-4 !decoration-red-600 !text-md\" rel=\"nofollow noopener\" target=\"_blank\">Sara Parikka jakoi kuvia vastasyntyneest\u00e4 vauvastaan \u2013 t\u00e4lt\u00e4 h\u00e4n n\u00e4ytt\u00e4\u00e4<\/a><\/p>\n<p>\u2013 Vaikka t\u00e4m\u00e4 on mun nelj\u00e4s vauva, niin tietyt jutut olin melkein unohtanut. El\u00e4m\u00e4 vastasyntyneen kanssa on ollut muun muassa: Tunteellista\u2026el\u00e4m\u00e4n suurin ihme. Niin ihanaa ja herkist\u00e4v\u00e4\u00e4. Jos nyt vois vaan pullottaa t\u00e4m\u00e4n tuoksun ja pys\u00e4hty\u00e4 hetkeen, paljastaa Sara.<\/p>\n<p>Sara kaipaa jo liikuntaa<\/p>\n<p>Nelj\u00e4n lapsen \u00e4iti kertoo tiet\u00e4v\u00e4ns\u00e4 jo, kuinka vauva-ajat ovat nopeasti ohi. H\u00e4n kuvailee ajan olevan my\u00f6s intensiivist\u00e4, koska h\u00e4n huolehtii p\u00e4\u00e4osin vauvan ravinnosta. My\u00f6s fyysinen puoli tulee julkaisussa esille.<\/p>\n<p>\u2013 Pit\u00e4is keskitty\u00e4 etenkin yl\u00e4selk\u00e4\u00e4n ja imetysergonomiaan. Odotan jo, ett\u00e4 p\u00e4\u00e4sen jossain vaiheessa liikunnan pariin. Nyt oon l\u00e4hinn\u00e4 k\u00e4ynyt vaunuk\u00e4velyill\u00e4, toteaa Sara.<\/p>\n<p>Sara kertoo unien j\u00e4\u00e4neen v\u00e4hille, joka on vaikuttanut muun muassa muistiin.<\/p>\n<p>\u2013 P\u00e4\u00e4 ei mainaa pysy\u00e4 mukana.. v\u00e4h\u00e4isempi unim\u00e4\u00e4r\u00e4 ja t\u00e4ysi fokus vauvassa vie kaistaa yll\u00e4tt\u00e4v\u00e4n paljon. Muistelen usein, ett\u00e4 mit\u00e4 pitik\u00e4\u00e4n sanoa\/tehd\u00e4 seuraavaksi, h\u00e4n paljastaa.<\/p>\n<p>Saran mukaan perheell\u00e4 ei ole mit\u00e4\u00e4n rytmi\u00e4, vaan vauva kulkee perheen mukana, milloin miss\u00e4kin.<\/p>\n<p>Jos upotus ei n\u00e4y, avaa se auki <a href=\"https:\/\/www.instagram.com\/p\/DQQ7OKUDcP3\/?utm_source=ig_web_copy_link&amp;igsh=MzRlODBiNWFlZA==\" target=\"_blank\" rel=\"noreferrer noopener nofollow\">t\u00e4st\u00e4<\/a>.<\/p>\n<p>Perheess\u00e4 on nyt kolme tytt\u00f6\u00e4 ja yksi poika<\/p>\n<p>Parikoiden uusin tulokas on poika. Perheen muut lapset ovat tytt\u00f6j\u00e4. He ovat syntyneet vuosina 2014, 2015 ja 2020. Sara on kertonut nuorimman tytt\u00e4rens\u00e4 k\u00e4yv\u00e4n viskarissa, joka on esiopetuksen kaltaista toimintaa. Kaksi vanhempaa tyt\u00e4rt\u00e4 k\u00e4yv\u00e4t alakoulua. <\/p>\n<p>\u2013 Life lately\u2026vastasyntynyt vauva, innokkaat siskot, syksyn ekat viile\u00e4t p\u00e4iv\u00e4t, lohileiv\u00e4t ja voisilm\u00e4pullat\u2026takan l\u00e4mmitys, lautapelej\u00e4, ihania l\u00e4heisi\u00e4, kauniita viestej\u00e4, upeita kukkia ja valtaisa onni, kertoi Sara perheen el\u00e4m\u00e4st\u00e4 vauvan juuri saapuessa kotiin.<\/p>\n<p>Perheelle on tullut paljon onnitteluita uudesta tulokkaasta.<\/p>\n<p>\u2013 Ihanaa vauvakupla aikaa koko perheelle, toivottaa joku.<\/p>\n<p>\u2013 Voi vauvakuplan melkein voi tuoksutella t\u00e4nne asti! totesi er\u00e4s.<\/p>\n<p>Jos upotus ei n\u00e4y, avaa se auki <a href=\"https:\/\/www.instagram.com\/p\/DPb0z5uDOdm\/?utm_source=ig_web_copy_link&amp;igsh=MzRlODBiNWFlZA==\" target=\"_blank\" rel=\"noreferrer noopener nofollow\">t\u00e4st\u00e4<\/a>.<\/p>\n<p>Lue my\u00f6s: <a href=\"https:\/\/www.como.fi\/tilaa-comon-uutiskirje\/\" title=\"Tilaa Comon uutiskirje ja tied\u00e4t mist\u00e4 kahvitauolla puhutaan! Nappaa kotimaan tv-vinkit ja puheenaiheet suoraan s\u00e4hk\u00f6postiin t\u00e4st\u00e4.\" class=\"underline-custom !font-montserrat !font-bold !underline-offset-4 !decoration-4 !decoration-red-600 !text-md\" rel=\"nofollow noopener\" target=\"_blank\">Tilaa Comon uutiskirje ja tied\u00e4t mist\u00e4 kahvitauolla puhutaan! Nappaa kotimaan tv-vinkit ja puheenaiheet suoraan s\u00e4hk\u00f6postiin t\u00e4st\u00e4.<\/a><\/p>\n<p>\t\t\t\t<script async src=\"\/\/www.instagram.com\/embed.js\"><\/script><\/p>\n","protected":false},"excerpt":{"rendered":"Nelj\u00e4nnen lapsensa muutama viikko sitten synnytt\u00e4nyt somet\u00e4hti Sara Parikka on tehnyt jo useamman julkaisun vauvastaan. H\u00e4n on kertonut&hellip;\n","protected":false},"author":2,"featured_media":72626,"comment_status":"","ping_status":"","sticky":false,"template":"","format":"standard","meta":{"footnotes":""},"categories":[136],"tags":[407,137,33,31,30,408,5401,32,109],"class_list":{"0":"post-72625","1":"post","2":"type-post","3":"status-publish","4":"format-standard","5":"has-post-thumbnail","7":"category-julkkikset","8":"tag-celebrities","9":"tag-entertainment","10":"tag-fi","11":"tag-finland","12":"tag-finnish","13":"tag-julkkikset","14":"tag-sara-parikka","15":"tag-suomi","16":"tag-viihde"},"share_on_mastodon":{"url":"https:\/\/pubeurope.com\/@fi\/115439913070295095","error":""},"_links":{"self":[{"href":"https:\/\/www.europesays.com\/fi\/wp-json\/wp\/v2\/posts\/72625","targetHints":{"allow":["GET"]}}],"collection":[{"href":"https:\/\/www.europesays.com\/fi\/wp-json\/wp\/v2\/posts"}],"about":[{"href":"https:\/\/www.europesays.com\/fi\/wp-json\/wp\/v2\/types\/post"}],"author":[{"embeddable":true,"href":"https:\/\/www.europesays.com\/fi\/wp-json\/wp\/v2\/users\/2"}],"replies":[{"embeddable":true,"href":"https:\/\/www.europesays.com\/fi\/wp-json\/wp\/v2\/comments?post=72625"}],"version-history":[{"count":0,"href":"https:\/\/www.europesays.com\/fi\/wp-json\/wp\/v2\/posts\/72625\/revisions"}],"wp:featuredmedia":[{"embeddable":true,"href":"https:\/\/www.europesays.com\/fi\/wp-json\/wp\/v2\/media\/72626"}],"wp:attachment":[{"href":"https:\/\/www.europesays.com\/fi\/wp-json\/wp\/v2\/media?parent=72625"}],"wp:term":[{"taxonomy":"category","embeddable":true,"href":"https:\/\/www.europesays.com\/fi\/wp-json\/wp\/v2\/categories?post=72625"},{"taxonomy":"post_tag","embeddable":true,"href":"https:\/\/www.europesays.com\/fi\/wp-json\/wp\/v2\/tags?post=72625"}],"curies":[{"name":"wp","href":"https:\/\/api.w.org\/{rel}","templated":true}]}}