{"id":72643,"date":"2025-10-26T10:40:09","date_gmt":"2025-10-26T10:40:09","guid":{"rendered":"https:\/\/www.europesays.com\/fi\/72643\/"},"modified":"2025-10-26T10:40:09","modified_gmt":"2025-10-26T10:40:09","slug":"mandimai-sundberg-avoimena-syomishairiotaustasta-ja-hyvinvoinnista","status":"publish","type":"post","link":"https:\/\/www.europesays.com\/fi\/72643\/","title":{"rendered":"Mandimai Sundberg avoimena sy\u00f6mish\u00e4iri\u00f6taustasta ja hyvinvoinnista"},"content":{"rendered":"<p>            Timo Korhonen\n        <\/p>\n<p class=\"subtitle \">Olet mit\u00e4 sy\u00f6t -ohjelmassa n\u00e4ht\u00e4v\u00e4 Mandimai avautuu keho- ja ruokasuhteestaan.<\/p>\n<p class=\"article-content article-content-width !bg-background\">Tubettaja , 25, parantui yhdeks\u00e4n vuotta sitten sy\u00f6mish\u00e4iri\u00f6st\u00e4.<\/p>\n<p class=\"font-weight-bold m-font-weight-bold article-content article-content-width !bg-background\">Video: Julkkisten erikoiset urheiluv\u00e4lineet.<\/p>\n<p class=\"article-content article-content-width !bg-background\">Sen j\u00e4lkeen h\u00e4n pystyi sy\u00f6m\u00e4\u00e4n tasapainoisesti, mutta hiljalleen h\u00e4n alkoi menn\u00e4 my\u00f6s toiseen \u00e4\u00e4rip\u00e4\u00e4h\u00e4n ja nauttia herkkuja.<\/p>\n<p class=\"article-content article-content-width !bg-background\">\u2013 En halunnut kielt\u00e4\u00e4 itselt\u00e4ni mit\u00e4\u00e4n, koska tiesin, millainen helvetti se sitten taas voi olla.<\/p>\n<p class=\"article-content article-content-width !bg-background\">Olet mit\u00e4 sy\u00f6t -ohjelmassa mukana oleva Mandimai paljasti lehdist\u00f6tilaisuudessa, ett\u00e4 h\u00e4nen ruokap\u00f6yt\u00e4\u00e4ns\u00e4 kuuluivat niin mutakakut kuin sipsitkin.<\/p>\n<p class=\"article-content article-content-width !bg-background\">\u2013 Lasten saamisen j\u00e4lkeen aikaa on ollut arkisin viel\u00e4 v\u00e4hemm\u00e4n esimerkiksi ruuanlaittoon. Olen huono kokkaamaan, koska poltan aina kaiken pohjaan, ja kanasta paistan rutikuivaa pel\u00e4ten sen j\u00e4\u00e4v\u00e4n raa&#8217;aksi.<\/p>\n<p class=\"article-content article-content-width !bg-background\">Kahden pienen lapsen \u00e4iti joutui tilanteeseen, jossa h\u00e4nen ruokansa ravintoarvot olivat hyvin kehnot.\u00a0<\/p>\n<p class=\"article-content article-content-width !bg-background\">\u2013 Olin v\u00e4syneempi ja tuntui helpommalta tarttua sipsipussiin. Ty\u00f6kiireiden ja huonojen y\u00f6unien vuoksi olin oravanpy\u00f6r\u00e4ss\u00e4.<\/p>\n<p class=\"article-content article-content-width !bg-background\">\u2013 Minulla oli my\u00f6s vatsan kanssa ongelmia, joista olin huolestunut. En ollut uskaltanut menn\u00e4 l\u00e4\u00e4k\u00e4riin. Ohjelmassa sitten selvi\u00e4\u00e4, mit\u00e4 ongelmilleni tehd\u00e4\u00e4n.<\/p>\n<p>        <a itemprop=\"url\" href=\"https:\/\/www.seiska.fi\/kotimaa\/mandimai-sundberg-palkkasi-aitinsa-ja-loysi-tilanteesta-yllattavan-hyodyn-ihan-kuin-angelina-jolie\/1955506\" rel=\"nofollow noopener\" target=\"_blank\"><\/p>\n<p>\nMandimai palkkasi \u00e4itins\u00e4\n<\/p>\n<p class=\"section-date\">\n        <strong class=\"article-section\" data-section=\"kotimaa\"><br \/>\n            kotimaa<br \/>\n        <\/strong><br \/>\n        9.10. 08:58\n    <\/p>\n<p>Mandimai Sundberg palkkasi \u00e4itins\u00e4 ja l\u00f6ysi tilanteesta yll\u00e4tt\u00e4v\u00e4n hy\u00f6dyn: &#8221;Ihan kuin Angelina Jolie&#8221;\n    <\/p>\n<p itemprop=\"description\" class=\"subtitle \">\n    Mandimai ja Teija-\u00e4iti kertovat Seiskalle, kuinka yhdess\u00e4 ty\u00f6skentely on sujunut. Lis\u00e4ksi he paljastavat, millaista herkkua someseuraajille on luvassa tulevaisuudessa.\n<\/p>\n<p>        <\/a><\/p>\n<p>Opettelen armollisuutta<\/p>\n<p class=\"article-content article-content-width !bg-background\">Olet mit\u00e4 sy\u00f6t -kuvauksissa Mandimai oppi paljon keho- ja ruokasuhteestaan. H\u00e4nest\u00e4 on tullut armollisempi itse\u00e4\u00e4n kohtaan raskauksien ja \u00e4idiksi tulemisen my\u00f6t\u00e4.<\/p>\n<p class=\"article-content article-content-width !bg-background\">\u2013 Osaan suhtautua esimerkiksi raskausarpiin armollisemmin. Ja raskaudet ovat olleet el\u00e4m\u00e4ni parasta aikaa. Rakastin kehoani silloin eniten.<\/p>\n<p class=\"article-content article-content-width !bg-background\">\u2013 Minua peloteltiin, ett\u00e4 koska minulla on ollut anoreksia, saattaisi nousta pintaan kaikenlaisia triggereit\u00e4 kehon muuttuessa raskauden my\u00f6t\u00e4. Minulle tuli varmaankin 20 kiloa lis\u00e4\u00e4 painoa, mutta olin silti todella lempe\u00e4 itselleni. Haluan yh\u00e4 panostaa siihen, ett\u00e4 samanlainen suhtautuminen kehooni jatkuisi.<\/p>\n<p>                <img decoding=\"async\" src=\"https:\/\/www.europesays.com\/fi\/wp-content\/uploads\/2025\/10\/1968952.webp\" width=\"576\" height=\"720\" alt=\"Mandimai on suosittu tubettaja, jolla on 226 000 tilaajaa Youtube-kanavallaan.\" loading=\"lazy\" \/>            <\/p>\n<p>\n            Mandimai on suosittu tubettaja, jolla on 226 000 tilaajaa Youtube-kanavallaan.<br \/>\n            Timo Korhonen\n        <\/p>\n<p>        <a itemprop=\"url\" href=\"https:\/\/www.seiska.fi\/terveys\/petolliset-tahden-rankat-muistot-psykiatriselta-osastolta\/1924972\" rel=\"nofollow noopener\" target=\"_blank\"><\/p>\n<p>\nPetolliset-t\u00e4hti\n<\/p>\n<p class=\"section-date\">\n        <strong class=\"article-section\" data-section=\"terveys\"><br \/>\n            terveys<br \/>\n        <\/strong><br \/>\n        9.9. 16:30\n    <\/p>\n<p>Petolliset-t\u00e4hden rankat muistot psykiatriselta osastolta\n    <\/p>\n<p itemprop=\"description\" class=\"subtitle \">\n    Somevaikuttaja kertoo avoimesta kokemuksistaan.\n<\/p>\n<p>        <\/a><\/p>\n<p>Leikkimielist\u00e4 liikuntaa<\/p>\n<p class=\"article-content article-content-width !bg-background\">T\u00e4ll\u00e4 hetkell\u00e4 Mandimain arki koostuu sis\u00e4ll\u00f6ntuotannon lis\u00e4ksi lapsien kanssa olemisesta sek\u00e4 liikunnasta. H\u00e4n yhdist\u00e4\u00e4 kaverit ja hyvinvoinnin.<\/p>\n<p class=\"article-content article-content-width !bg-background\">\u2013 Minun on suhtauduttava urheiluun leikin kautta ja otettava siihen kavereita mukaan. K\u00e4yn esimerkiksi ryhm\u00e4liikuntatunneilla. Silloin saan paremmin aikaiseksi. En n\u00e4e itse\u00e4ni hampaat irvess\u00e4 juoksemassa ja sosiaalinen el\u00e4m\u00e4 on minulle t\u00e4rke\u00e4\u00e4.<\/p>\n<p class=\"article-content article-content-width !bg-background\">\u2013 Kun \u00e4iti voi hyvin, lapsetkin voivat hyvin, Mandimai uskoo.<\/p>\n<p>        <a itemprop=\"url\" href=\"https:\/\/www.seiska.fi\/kotimaa\/vau-mandimai-paljasti-mittavan-muodonmuutoksensa\/1851945\" rel=\"nofollow noopener\" target=\"_blank\"><\/p>\n<p>\nVau!\n<\/p>\n<p class=\"section-date\">\n        <strong class=\"article-section\" data-section=\"kotimaa\"><br \/>\n            kotimaa<br \/>\n        <\/strong><br \/>\n        30.6. 09:58\n    <\/p>\n<p>Vau! Mandimai paljasti mittavan muodonmuutoksensa\n    <\/p>\n<p itemprop=\"description\" class=\"subtitle \">\n    Mandimai on muuttunut kuin silm\u00e4nr\u00e4p\u00e4yksess\u00e4. Todellisuudessa hommaan on kulunut kuitenkin tunteja.\n<\/p>\n<p>        <\/a><\/p>\n<p>Ulkon\u00e4k\u00f6paineet yleisi\u00e4<\/p>\n<p class=\"article-content article-content-width !bg-background\">Julkisessa ty\u00f6ss\u00e4 Mandimai on kokenut ulkon\u00e4k\u00f6paineita uransa aikana. Paineita ilmenee kausittain erityisesti silloin, kun Mandimai on v\u00e4synyt tai stressaantunut.<\/p>\n<p class=\"article-content article-content-width !bg-background\">\u2013 Somealalla ne ovat varmasti monilla l\u00e4sn\u00e4. Editoin useita tunteja p\u00e4iv\u00e4ss\u00e4 videoita, joissa esiinnyn. Silloin tulen kriittisemm\u00e4ksi itse\u00e4ni kohtaan.<\/p>\n<p class=\"article-content article-content-width !bg-background\">\u2013 En ole kokenut somekiusaamista ja saan paljon kivoja kommentteja somessa. Ne tuovat lis\u00e4\u00e4 itsevarmuutta ja hyv\u00e4ksynn\u00e4n tunnetta.<\/p>\n<p>Unelmoin omakotitalosta<\/p>\n<p class=\"article-content article-content-width !bg-background\">Mandimai haaveilee perheen yhteisest\u00e4 omistusannosta kihlattunsa\u00a0 kanssa.<\/p>\n<p class=\"article-content article-content-width !bg-background\">\u2013 Haluaisin omakotitalon ja seitsem\u00e4npaikkaisen auton, jotta voisi kyydit\u00e4 kavereita ja lapsia.<\/p>\n<p class=\"article-content article-content-width !bg-background\">\u2013 Olen kiinnostunut my\u00f6s muista tv-formaateista sek\u00e4 podcasteista, aiemmin Petollisissakin n\u00e4hty Mandimai kertoo.<\/p>\n","protected":false},"excerpt":{"rendered":"Timo Korhonen Olet mit\u00e4 sy\u00f6t -ohjelmassa n\u00e4ht\u00e4v\u00e4 Mandimai avautuu keho- ja ruokasuhteestaan. Tubettaja , 25, parantui yhdeks\u00e4n vuotta&hellip;\n","protected":false},"author":2,"featured_media":72644,"comment_status":"","ping_status":"","sticky":false,"template":"","format":"standard","meta":{"footnotes":""},"categories":[130],"tags":[15863,137,33,31,30,13463,4177,32,7594,167,6457,109],"class_list":{"0":"post-72643","1":"post","2":"type-post","3":"status-publish","4":"format-standard","5":"has-post-thumbnail","7":"category-viihde","8":"tag-elias-jalovaara","9":"tag-entertainment","10":"tag-fi","11":"tag-finland","12":"tag-finnish","13":"tag-mandimai-sundberg","14":"tag-olet-mita-syot","15":"tag-suomi","16":"tag-syomishairio","17":"tag-terveys","18":"tag-ulkonakopaineet","19":"tag-viihde"},"share_on_mastodon":{"url":"https:\/\/pubeurope.com\/@fi\/115440046909652614","error":""},"_links":{"self":[{"href":"https:\/\/www.europesays.com\/fi\/wp-json\/wp\/v2\/posts\/72643","targetHints":{"allow":["GET"]}}],"collection":[{"href":"https:\/\/www.europesays.com\/fi\/wp-json\/wp\/v2\/posts"}],"about":[{"href":"https:\/\/www.europesays.com\/fi\/wp-json\/wp\/v2\/types\/post"}],"author":[{"embeddable":true,"href":"https:\/\/www.europesays.com\/fi\/wp-json\/wp\/v2\/users\/2"}],"replies":[{"embeddable":true,"href":"https:\/\/www.europesays.com\/fi\/wp-json\/wp\/v2\/comments?post=72643"}],"version-history":[{"count":0,"href":"https:\/\/www.europesays.com\/fi\/wp-json\/wp\/v2\/posts\/72643\/revisions"}],"wp:featuredmedia":[{"embeddable":true,"href":"https:\/\/www.europesays.com\/fi\/wp-json\/wp\/v2\/media\/72644"}],"wp:attachment":[{"href":"https:\/\/www.europesays.com\/fi\/wp-json\/wp\/v2\/media?parent=72643"}],"wp:term":[{"taxonomy":"category","embeddable":true,"href":"https:\/\/www.europesays.com\/fi\/wp-json\/wp\/v2\/categories?post=72643"},{"taxonomy":"post_tag","embeddable":true,"href":"https:\/\/www.europesays.com\/fi\/wp-json\/wp\/v2\/tags?post=72643"}],"curies":[{"name":"wp","href":"https:\/\/api.w.org\/{rel}","templated":true}]}}