{"id":72678,"date":"2025-10-26T11:35:06","date_gmt":"2025-10-26T11:35:06","guid":{"rendered":"https:\/\/www.europesays.com\/fi\/72678\/"},"modified":"2025-10-26T11:35:06","modified_gmt":"2025-10-26T11:35:06","slug":"16-vuotias-poika-paatyi-mystisesti-aitinsa-verkkopankkiin-ja-siita-alkoi-tapahtumasarja-joka-johti-s-pankin-jattisakkoihin-talous","status":"publish","type":"post","link":"https:\/\/www.europesays.com\/fi\/72678\/","title":{"rendered":"16-vuotias poika p\u00e4\u00e4tyi mystisesti \u00e4itins\u00e4 verkkopankkiin ja siit\u00e4 alkoi tapahtumasarja, joka johti S-Pankin j\u00e4ttisakkoihin | Talous"},"content":{"rendered":"<p class=\"aw-1gybjub aw-1p7kakr ghpEtB jtovHP yle__article__paragraph\">S-Pankille m\u00e4\u00e4r\u00e4ttiin Finanssivalvonnan historian ylivoimaisesti suurin 7,7 miljoonan euron seuraamusmaksu.<\/p>\n<p class=\"aw-1gybjub aw-1p7kakr ghpEtB jtovHP yle__article__paragraph\">Nyt se kertoo hakevansa hallinto-oikeudesta kriteerej\u00e4 tietoturvalle liittyen henkil\u00f6tietojen k\u00e4sittelyyn, uusien toiminnallisuuksien testaukseen ja my\u00f6s siihen miten piilevi\u00e4 haavoittuvuuksia arvioidaan juridisesti.<\/p>\n<p class=\"aw-1gybjub aw-1p7kakr ghpEtB jtovHP yle__article__paragraph\">\u2013 Vastaavia ratkaisuja ei ole tehty aikaisemmin. T\u00e4llaisella tulkintak\u00e4yt\u00e4nn\u00f6ll\u00e4 on laajoja vaikutuksia, lakiasiainjohtaja <strong class=\"aw-ak79eh KyCXm yle__article__strong\">Jussi Sokka<\/strong> kertoo Ylelle s\u00e4hk\u00f6postitse.<\/p>\n<p class=\"aw-1gybjub aw-1p7kakr ghpEtB jtovHP yle__article__paragraph\">My\u00f6s apulaistietosuojavaltuutettu <strong class=\"aw-ak79eh KyCXm yle__article__strong\">Annina Hautala<\/strong> n\u00e4kee laajemman yhteiskunnallisen merkityksen.<\/p>\n<p class=\"aw-1gybjub aw-1p7kakr ghpEtB jtovHP yle__article__paragraph\">\u2013 Kun teemme p\u00e4\u00e4t\u00f6ksi\u00e4, ja kun mahdollisten valituskierrosten j\u00e4lkeen ne saavat lainvoiman, niist\u00e4 syntyy ratkaisuk\u00e4yt\u00e4nt\u00f6\u00e4, joita muidenkin henkil\u00f6tietoa k\u00e4ytt\u00e4vien organisaatioiden on hyv\u00e4 seurata.<\/p>\n<p class=\"aw-1gybjub aw-1p7kakr ghpEtB jtovHP yle__article__paragraph\">Finanssivalvonnassa S-Pankin s\u00e4nktio n\u00e4hd\u00e4\u00e4n yksitt\u00e4istapauksena.<\/p>\n<p class=\"aw-1gybjub aw-1p7kakr ghpEtB jtovHP yle__article__paragraph\">\u2013 Ei t\u00e4ss\u00e4 ole tehty mit\u00e4\u00e4n linjanvetoa tulevaisuuteen. Kaikki tapaukset k\u00e4sitell\u00e4\u00e4n aina yksitt\u00e4istapauksia, sanoo yksik\u00f6np\u00e4\u00e4llikk\u00f6 <strong class=\"aw-ak79eh KyCXm yle__article__strong\">Janne H\u00e4yrynen<\/strong>.<\/p>\n<p class=\"aw-1gybjub aw-1p7kakr ghpEtB jtovHP yle__article__paragraph\">H\u00e4n korostaa, ett\u00e4 rangaistusta ei annettu siit\u00e4, ett\u00e4 ohjelmoinnissa oli virhe.<\/p>\n<p class=\"aw-1gybjub aw-1p7kakr ghpEtB jtovHP yle__article__paragraph\">\u2013 Emme ole sanktioineet t\u00e4ss\u00e4 sit\u00e4, ett\u00e4 virhe on p\u00e4\u00e4ssyt tuotantoon. Kyse on siit\u00e4, ett\u00e4 heill\u00e4 ei ollut riitt\u00e4vi\u00e4 prosesseja ennalta ehk\u00e4isem\u00e4\u00e4n niit\u00e4, eik\u00e4 sille, miten asioita l\u00e4hdet\u00e4\u00e4n korjaamaan.<\/p>\n<p class=\"aw-1gybjub aw-1p7kakr ghpEtB jtovHP yle__article__paragraph\">H\u00e4yrysen ja Hautalan mukaan isoilta yrityksilt\u00e4 vaaditaan enemm\u00e4n kuin pienilt\u00e4. Lis\u00e4ksi S-Pankin tapauksessa oli kyse vahvasta tunnistautumisesta, jota voidaan pit\u00e4\u00e4 yhten\u00e4 kriittisimmist\u00e4 toiminnallisuuksista finanssimarkkinoiden luotettavuuden kannalta.<\/p>\n","protected":false},"excerpt":{"rendered":"S-Pankille m\u00e4\u00e4r\u00e4ttiin Finanssivalvonnan historian ylivoimaisesti suurin 7,7 miljoonan euron seuraamusmaksu. Nyt se kertoo hakevansa hallinto-oikeudesta kriteerej\u00e4 tietoturvalle liittyen&hellip;\n","protected":false},"author":2,"featured_media":72679,"comment_status":"","ping_status":"","sticky":false,"template":"","format":"standard","meta":{"footnotes":""},"categories":[76],"tags":[79,77,33,31,30,15872,32,78,735,4670,13148],"class_list":{"0":"post-72678","1":"post","2":"type-post","3":"status-publish","4":"format-standard","5":"has-post-thumbnail","7":"category-talous","8":"tag-business","9":"tag-economy","10":"tag-fi","11":"tag-finland","12":"tag-finnish","13":"tag-s-pankki","14":"tag-suomi","15":"tag-talous","16":"tag-tietoturva","17":"tag-tietoturva-aukko","18":"tag-verkkopankit"},"share_on_mastodon":{"url":"https:\/\/pubeurope.com\/@fi\/115440263164193887","error":""},"_links":{"self":[{"href":"https:\/\/www.europesays.com\/fi\/wp-json\/wp\/v2\/posts\/72678","targetHints":{"allow":["GET"]}}],"collection":[{"href":"https:\/\/www.europesays.com\/fi\/wp-json\/wp\/v2\/posts"}],"about":[{"href":"https:\/\/www.europesays.com\/fi\/wp-json\/wp\/v2\/types\/post"}],"author":[{"embeddable":true,"href":"https:\/\/www.europesays.com\/fi\/wp-json\/wp\/v2\/users\/2"}],"replies":[{"embeddable":true,"href":"https:\/\/www.europesays.com\/fi\/wp-json\/wp\/v2\/comments?post=72678"}],"version-history":[{"count":0,"href":"https:\/\/www.europesays.com\/fi\/wp-json\/wp\/v2\/posts\/72678\/revisions"}],"wp:featuredmedia":[{"embeddable":true,"href":"https:\/\/www.europesays.com\/fi\/wp-json\/wp\/v2\/media\/72679"}],"wp:attachment":[{"href":"https:\/\/www.europesays.com\/fi\/wp-json\/wp\/v2\/media?parent=72678"}],"wp:term":[{"taxonomy":"category","embeddable":true,"href":"https:\/\/www.europesays.com\/fi\/wp-json\/wp\/v2\/categories?post=72678"},{"taxonomy":"post_tag","embeddable":true,"href":"https:\/\/www.europesays.com\/fi\/wp-json\/wp\/v2\/tags?post=72678"}],"curies":[{"name":"wp","href":"https:\/\/api.w.org\/{rel}","templated":true}]}}