{"id":72714,"date":"2025-10-26T12:31:11","date_gmt":"2025-10-26T12:31:11","guid":{"rendered":"https:\/\/www.europesays.com\/fi\/72714\/"},"modified":"2025-10-26T12:31:11","modified_gmt":"2025-10-26T12:31:11","slug":"kaksi-henkiloa-ylitti-itarajan-laittomasti-anoivat-turvapaikkaa","status":"publish","type":"post","link":"https:\/\/www.europesays.com\/fi\/72714\/","title":{"rendered":"Kaksi henkil\u00f6\u00e4 ylitti it\u00e4rajan laittomasti \u2013 Anoivat turvapaikkaa"},"content":{"rendered":"<p>Tapausta tutkitaan valtionrajarikoksena.<\/p>\n<p><img decoding=\"async\" class=\"image image-show image-preview\" src=\"https:\/\/www.europesays.com\/fi\/wp-content\/uploads\/2025\/10\/d1ff7dac3452e6f63393ff4466f78ef0372f5846d60f9f6aa48792e4664cd835.jpg\" alt=\"\"\/><img decoding=\"async\" class=\"image image-show\" src=\"https:\/\/www.europesays.com\/fi\/wp-content\/uploads\/2025\/10\/1761481871_920_d1ff7dac3452e6f63393ff4466f78ef0372f5846d60f9f6aa48792e4664cd835.jpg\" alt=\"\"\/><\/p>\n<p>Rajavartiosto suoritti kiinnioton Ilomantsissa. Kuvituskuva. Timur Yilmaz<\/p>\n<p class=\"paragraph\">Pohjois-Karjalan rajavartiosto tiedottaa ottaneensa kiinni lauantai-iltana Ilomantsissa kaksi ulkomaalaista henkil\u00f6\u00e4.<\/p>\n<p class=\"paragraph\">Henkil\u00f6t ovat anoneet Suomesta turvapaikkaa. Heid\u00e4n kiinniottonsa sujui rajavartioston mukaan rauhallisesti.<\/p>\n<p class=\"paragraph\">Henkil\u00f6t ylittiv\u00e4t rajan maaston kautta It\u00e4pisteen alueella. Rajavartiosto kertoo tavoittaneensa henkil\u00f6t valvontahavaintojen ja sivulliselta saadun tiedon avulla.<\/p>\n<p class=\"paragraph\">Rajavartiosto on aloittanut esitutkinnan ep\u00e4illyst\u00e4 valtionrajarikoksesta. Rajavartiosto kertoo olleensa tapauksesta yhteydess\u00e4 Ven\u00e4j\u00e4n puolelle Suoj\u00e4rven alueen rajavaltuutettuun.<\/p>\n","protected":false},"excerpt":{"rendered":"Tapausta tutkitaan valtionrajarikoksena. Rajavartiosto suoritti kiinnioton Ilomantsissa. Kuvituskuva. Timur Yilmaz Pohjois-Karjalan rajavartiosto tiedottaa ottaneensa kiinni lauantai-iltana Ilomantsissa kaksi&hellip;\n","protected":false},"author":2,"featured_media":72715,"comment_status":"","ping_status":"","sticky":false,"template":"","format":"standard","meta":{"footnotes":""},"categories":[5],"tags":[35,22,23,26,27,33,31,30,17,55,53,24,25,28,29,15,18,21,52,4281,32,19,20,4280,16],"class_list":{"0":"post-72714","1":"post","2":"type-post","3":"status-publish","4":"format-standard","5":"has-post-thumbnail","7":"category-otsikot","8":"tag-24h","9":"tag-breaking-news","10":"tag-breakingnews","11":"tag-featured-news","12":"tag-featurednews","13":"tag-fi","14":"tag-finland","15":"tag-finnish","16":"tag-headlines","17":"tag-lainvalvonta","18":"tag-laki-oikeus-ja-rikos","19":"tag-latest-news","20":"tag-latestnews","21":"tag-main-news","22":"tag-mainnews","23":"tag-news","24":"tag-otsikot","25":"tag-paauutiset","26":"tag-poliisi","27":"tag-poliisitoimi-ja-rajojen-vartiointi","28":"tag-suomi","29":"tag-top-stories","30":"tag-topstories","31":"tag-ulkoasiain-hallinto-maanpuolustus-ja-jarjestystoimi","32":"tag-uutiset"},"share_on_mastodon":{"url":"https:\/\/pubeurope.com\/@fi\/115440483324092555","error":""},"_links":{"self":[{"href":"https:\/\/www.europesays.com\/fi\/wp-json\/wp\/v2\/posts\/72714","targetHints":{"allow":["GET"]}}],"collection":[{"href":"https:\/\/www.europesays.com\/fi\/wp-json\/wp\/v2\/posts"}],"about":[{"href":"https:\/\/www.europesays.com\/fi\/wp-json\/wp\/v2\/types\/post"}],"author":[{"embeddable":true,"href":"https:\/\/www.europesays.com\/fi\/wp-json\/wp\/v2\/users\/2"}],"replies":[{"embeddable":true,"href":"https:\/\/www.europesays.com\/fi\/wp-json\/wp\/v2\/comments?post=72714"}],"version-history":[{"count":0,"href":"https:\/\/www.europesays.com\/fi\/wp-json\/wp\/v2\/posts\/72714\/revisions"}],"wp:featuredmedia":[{"embeddable":true,"href":"https:\/\/www.europesays.com\/fi\/wp-json\/wp\/v2\/media\/72715"}],"wp:attachment":[{"href":"https:\/\/www.europesays.com\/fi\/wp-json\/wp\/v2\/media?parent=72714"}],"wp:term":[{"taxonomy":"category","embeddable":true,"href":"https:\/\/www.europesays.com\/fi\/wp-json\/wp\/v2\/categories?post=72714"},{"taxonomy":"post_tag","embeddable":true,"href":"https:\/\/www.europesays.com\/fi\/wp-json\/wp\/v2\/tags?post=72714"}],"curies":[{"name":"wp","href":"https:\/\/api.w.org\/{rel}","templated":true}]}}