{"id":72731,"date":"2025-10-26T13:14:08","date_gmt":"2025-10-26T13:14:08","guid":{"rendered":"https:\/\/www.europesays.com\/fi\/72731\/"},"modified":"2025-10-26T13:14:08","modified_gmt":"2025-10-26T13:14:08","slug":"ben-stiller-otti-kantaa-etuoikeutettua-elamaa-elaviin-hollywoodin-nepovauvoihin-sehan-on-myyntivaltti","status":"publish","type":"post","link":"https:\/\/www.europesays.com\/fi\/72731\/","title":{"rendered":"Ben Stiller otti kantaa etuoikeutettua el\u00e4m\u00e4\u00e4 el\u00e4viin Hollywoodin &#8221;nepovauvoihin&#8221; \u2013 \u201dSeh\u00e4n on myyntivaltti\u201d"},"content":{"rendered":"<p>N\u00e4yttelij\u00e4, ohjaaja ja tuottaja <strong>Ben Stiller<\/strong> kertoi, ett\u00e4 on kokenut \u201dnepovauva\u201d-syyt\u00f6ksi\u00e4 my\u00f6s omalla kohdallaan.<\/p>\n<p>\u201cLuulen, ett\u00e4 se on v\u00e4h\u00e4n kuin se Brat Pack -juttu, eik\u00f6? New York Magazine loi termin, ja siit\u00e4 tuli ilmi\u00f6\u201d.<\/p>\n<p>\u201dSe on osa inhimillisyytt\u00e4 ja el\u00e4m\u00e4\u00e4. On aina ollut. V\u00e4h\u00e4n kuin ostaisit Stradivarius-viulun, joka on ollut suvussa satoja vuosia. Seh\u00e4n on myyntivaltti\u201d.<\/p>\n<p>\u201cTied\u00e4n, ett\u00e4 on muitakin n\u00e4k\u00f6kulmia, mutta minulle se tarkoitti, ett\u00e4 kasvoin keskustellen n\u00e4ist\u00e4 asioista vanhempieni kanssa. N\u00e4in l\u00e4helt\u00e4 alamme pime\u00e4n puolen, stressin ja sen, miten se vaikuttaa ihmissuhteisiin\u201d.<\/p>\n<p>\u201dN\u00e4et sen lapsena hyvin l\u00e4helt\u00e4 \u2014 ja silti haluat silti ryhty\u00e4 siihen\u201d, Stiller lausui The Howard Stern Show\u2019ssa.<\/p>\n<p>Lue my\u00f6s: <a href=\"https:\/\/www.episodi.fi\/uutiset\/oscar-palkitun-marvel-tahden-tytar-tiedan-etta-elan-etuoikeutettua-elamaa\/\" title=\"Oscar-palkitun Marvel-t\u00e4hden tyt\u00e4r: \u201dTied\u00e4n, ett\u00e4 el\u00e4n etuoikeutettua el\u00e4m\u00e4\u00e4\u201d\" class=\"underline-custom !font-montserrat !font-bold !underline-offset-4 !decoration-4 !decoration-episodi-blue !text-md\" rel=\"nofollow noopener\" target=\"_blank\">Oscar-palkitun Marvel-t\u00e4hden tyt\u00e4r: \u201dTied\u00e4n, ett\u00e4 el\u00e4n etuoikeutettua el\u00e4m\u00e4\u00e4\u201d<\/a><\/p>\n<p>Lue my\u00f6s: <a href=\"https:\/\/www.episodi.fi\/uutiset\/stellan-skarsgardin-13-vuotiasta-poikaa-kiusataan-koulussa-isansa-takia\/\" title=\"Stellan Skarsg\u00e5rdin 13-vuotiasta poikaa kiusataan koulussa is\u00e4ns\u00e4 takia\" class=\"underline-custom !font-montserrat !font-bold !underline-offset-4 !decoration-4 !decoration-episodi-blue !text-md\" rel=\"nofollow noopener\" target=\"_blank\">Stellan Skarsg\u00e5rdin 13-vuotiasta poikaa kiusataan koulussa is\u00e4ns\u00e4 takia<\/a><\/p>\n<p>Lue my\u00f6s: <a href=\"https:\/\/www.episodi.fi\/uutiset\/pretty-woman-tahden-veljentytar-yrittaa-muuttaa-kasitysta-nepovauvoista-en-ole-viela-saanut-roolia-sukunimen-takia-mutta-kyllakin-menettanyt-muutaman\/\" title=\"Pretty Woman -t\u00e4hden veljentyt\u00e4r yritt\u00e4\u00e4 muuttaa k\u00e4sityst\u00e4 \u201dnepovauvoista\u201d \u2013 \u201dViel\u00e4 en ole saanut roolia sukunimeni takia, mutta menett\u00e4nyt kyll\u00e4kin muutaman\u201d\" class=\"underline-custom !font-montserrat !font-bold !underline-offset-4 !decoration-4 !decoration-episodi-blue !text-md\" rel=\"nofollow noopener\" target=\"_blank\">Pretty Woman -t\u00e4hden veljentyt\u00e4r yritt\u00e4\u00e4 muuttaa k\u00e4sityst\u00e4 \u201dnepovauvoista\u201d \u2013 \u201dViel\u00e4 en ole saanut roolia sukunimeni takia, mutta menett\u00e4nyt kyll\u00e4kin muutaman\u201d<\/a><\/p>\n<p>Nepovauva (\u201dnepo baby\u201d) tarkoittaa henkil\u00f6\u00e4, joka on saanut etua urallaan esimerkiksi kuuluisten tai vaikutusvaltaisten vanhempien ansiosta.<\/p>\n<p>\u201dBrat Pack\u201d oli nimitys nuorille n\u00e4yttelij\u00f6ille, joka esiintyi teineille suunnatuissa kasvutarinoissa ja draamoissa 1980-luvulla. <\/p>\n<p>\u201dBrat Packiin\u201d laskettiin mm. <strong>Emilio Estevez, Anthony Michael Hall, Rob Lowe, Andrew McCarthy, Demi Moore, Judd Nelson, Molly Ringwald <\/strong>ja <strong>Ally Sheedy<\/strong>. Tunnetuimpia \u201dBrat Pack\u201d -elokuvia ovat esimerkiksi The Breakfast Club (1985) ja Treffit Elmossa (1985).<\/p>\n<p>Ben Stillerin is\u00e4 <strong>Jerry Stiller<\/strong> (1927\u20132020) teki pitk\u00e4n uran teatterissa, tv-sarjoissa ja elokuvissa.<\/p>\n<p>Monet muistavat h\u00e4net mm. Seinfeld-sarjan Frank Costanzana.<\/p>\n<p>L\u00e4hde: <a href=\"https:\/\/deadline.com\/2025\/10\/ben-stiller-nepo-baby-criticism-selling-point-1236597157\/\" rel=\"nofollow noopener\" target=\"_blank\">Deadline<\/a><\/p>\n<p>Lue my\u00f6s: <a href=\"https:\/\/www.episodi.fi\/uutiskirje\/?uutiskirjemainos=tekstilinkkimainos\" title=\"Tilaa Episodin uutiskirje ja voit voittaa leffalippuja! Nappaa tv-vinkit suoraan s\u00e4hk\u00f6postiin t\u00e4st\u00e4.\" class=\"underline-custom !font-montserrat !font-bold !underline-offset-4 !decoration-4 !decoration-episodi-blue !text-md\" rel=\"nofollow noopener\" target=\"_blank\">Tilaa Episodin uutiskirje ja voit voittaa leffalippuja! Nappaa katseluvinkit suoraan s\u00e4hk\u00f6postiin t\u00e4st\u00e4.<\/a><\/p>\n","protected":false},"excerpt":{"rendered":"N\u00e4yttelij\u00e4, ohjaaja ja tuottaja Ben Stiller kertoi, ett\u00e4 on kokenut \u201dnepovauva\u201d-syyt\u00f6ksi\u00e4 my\u00f6s omalla kohdallaan. \u201cLuulen, ett\u00e4 se on&hellip;\n","protected":false},"author":2,"featured_media":47476,"comment_status":"","ping_status":"","sticky":false,"template":"","format":"standard","meta":{"footnotes":""},"categories":[131],"tags":[5108,155,137,33,173,31,30,172,15880,32,109],"class_list":{"0":"post-72731","1":"post","2":"type-post","3":"status-publish","4":"format-standard","5":"has-post-thumbnail","7":"category-elokuvat","8":"tag-ben-stiller","9":"tag-elokuvat","10":"tag-entertainment","11":"tag-fi","12":"tag-film","13":"tag-finland","14":"tag-finnish","15":"tag-movies","16":"tag-nepovauvat","17":"tag-suomi","18":"tag-viihde"},"share_on_mastodon":{"url":"https:\/\/pubeurope.com\/@fi\/115440652342388930","error":""},"_links":{"self":[{"href":"https:\/\/www.europesays.com\/fi\/wp-json\/wp\/v2\/posts\/72731","targetHints":{"allow":["GET"]}}],"collection":[{"href":"https:\/\/www.europesays.com\/fi\/wp-json\/wp\/v2\/posts"}],"about":[{"href":"https:\/\/www.europesays.com\/fi\/wp-json\/wp\/v2\/types\/post"}],"author":[{"embeddable":true,"href":"https:\/\/www.europesays.com\/fi\/wp-json\/wp\/v2\/users\/2"}],"replies":[{"embeddable":true,"href":"https:\/\/www.europesays.com\/fi\/wp-json\/wp\/v2\/comments?post=72731"}],"version-history":[{"count":0,"href":"https:\/\/www.europesays.com\/fi\/wp-json\/wp\/v2\/posts\/72731\/revisions"}],"wp:featuredmedia":[{"embeddable":true,"href":"https:\/\/www.europesays.com\/fi\/wp-json\/wp\/v2\/media\/47476"}],"wp:attachment":[{"href":"https:\/\/www.europesays.com\/fi\/wp-json\/wp\/v2\/media?parent=72731"}],"wp:term":[{"taxonomy":"category","embeddable":true,"href":"https:\/\/www.europesays.com\/fi\/wp-json\/wp\/v2\/categories?post=72731"},{"taxonomy":"post_tag","embeddable":true,"href":"https:\/\/www.europesays.com\/fi\/wp-json\/wp\/v2\/tags?post=72731"}],"curies":[{"name":"wp","href":"https:\/\/api.w.org\/{rel}","templated":true}]}}