{"id":72815,"date":"2025-10-26T15:27:11","date_gmt":"2025-10-26T15:27:11","guid":{"rendered":"https:\/\/www.europesays.com\/fi\/72815\/"},"modified":"2025-10-26T15:27:11","modified_gmt":"2025-10-26T15:27:11","slug":"heidi-foxellilta-parisuhdepaljastus-mun-viimeisin-ostos","status":"publish","type":"post","link":"https:\/\/www.europesays.com\/fi\/72815\/","title":{"rendered":"Heidi Foxellilta parisuhdepaljastus &#8211; &#8221;Mun viimeisin ostos&#8221;"},"content":{"rendered":"<p>Hyvink\u00e4\u00e4n ammuskelussa haavoittunut <strong>Heidi Foxell<\/strong> kertoo el\u00e4m\u00e4st\u00e4\u00e4n v\u00e4lill\u00e4 hyvin avoimesti. T\u00e4ll\u00e4 kerralla h\u00e4nen somejulkaisussaan on aiheena h\u00e4nen k\u00e4yt\u00f6ksens\u00e4, joka liittyy samalla h\u00e4nen parisuhteeseensa.<\/p>\n<p>\u2013 El\u00e4m\u00e4 Heidi Foxellin impulsiivisuuden kanssa voi olla eritt\u00e4in hauskaa tai hyvin raskasta. Tyls\u00e4\u00e4 ei ainakaan tule, aloittaa Heidi julkaisunsa.<\/p>\n<p>Heidi kertoo tekev\u00e4ns\u00e4 usein ostoksia keskustelematta ensin niiden hankinnasta puolisonsa <strong>Nooran<\/strong> kanssa. H\u00e4n mainitsee julkaisussaan niist\u00e4 muutaman.<\/p>\n<p>\u2013 Noora on meinaan tullut muutaman kerran kotiin jos jonkinlaisen \u201dyll\u00e4tyksen\u201d luo. Olen mm. ostanut omin p\u00e4in j\u00e4ttitelkkarin, arvotaulun ja viimeisimp\u00e4n\u00e4 lomamatkan, paljastaa Heidi.<\/p>\n<p>Julkaisu liittyy samalla Madeiraan, jossa Heidi on lomailemassa puolisonsa kanssa.<\/p>\n<p>\u2013 Mun viimeisin ostos on ollut ehk\u00e4 sekop\u00e4isin, kun meinin ostaan Habitare messuilta lomamatkan Madeiralle, lukee julkaisussa seuraavaksi.<\/p>\n<p>Lue my\u00f6s: <a href=\"https:\/\/www.como.fi\/uutiset\/heidi-foxell-yllatti-itsensa-onnistuin-melkein-oon-juonut-vaan-yhden\/\" title=\"Heidi Foxell yll\u00e4tti itsens\u00e4 \u2013 \u201dOnnistuin melkein, oon juonut vaan yhden\u201d\" class=\"underline-custom !font-montserrat !font-bold !underline-offset-4 !decoration-4 !decoration-red-600 !text-md\" rel=\"nofollow noopener\" target=\"_blank\">Heidi Foxell yll\u00e4tti itsens\u00e4 \u2013 \u201dOnnistuin melkein, oon juonut vaan yhden\u201d<\/a><\/p>\n<p>Heidin mukaan h\u00e4n oli keskustellut Nooran kanssa aiemmin Madeiran lomasta, vaikka hankkikin sen omin p\u00e4in.<\/p>\n<p>\u2013 Jostain syyst\u00e4 Noora on halunnut viimeaikoina puhua parisuhteen peruspelis\u00e4\u00e4nn\u00f6ist\u00e4, mist\u00e4h\u00e4n t\u00e4m\u00e4 kumpuaa. Kiitos muru kun l\u00e4hdit mut seuraksi lomalle, saa Noora kiitosta.<\/p>\n<p>Julkaisussa on mukana kolme kuvaa, jossa rakastuneelta vaikuttava pari on lomailemassa Madeiralla.<\/p>\n<p>Jos upotus ei n\u00e4y, avaa se auki <a href=\"https:\/\/www.instagram.com\/p\/DQRIQDHDYM2\/?utm_source=ig_web_copy_link&amp;igsh=MzRlODBiNWFlZA==\" target=\"_blank\" rel=\"noreferrer noopener nofollow\">t\u00e4st\u00e4<\/a>.<\/p>\n<p>Lue my\u00f6s: <a href=\"https:\/\/www.como.fi\/tilaa-comon-uutiskirje\/\" title=\"Tilaa Comon uutiskirje ja tied\u00e4t mist\u00e4 kahvitauolla puhutaan! Nappaa kotimaan tv-vinkit ja puheenaiheet suoraan s\u00e4hk\u00f6postiin t\u00e4st\u00e4.\" class=\"underline-custom !font-montserrat !font-bold !underline-offset-4 !decoration-4 !decoration-red-600 !text-md\" rel=\"nofollow noopener\" target=\"_blank\">Tilaa Comon uutiskirje ja tied\u00e4t mist\u00e4 kahvitauolla puhutaan! Nappaa kotimaan tv-vinkit ja puheenaiheet suoraan s\u00e4hk\u00f6postiin t\u00e4st\u00e4.<\/a><\/p>\n<p>\t\t\t\t<script async src=\"\/\/www.instagram.com\/embed.js\"><\/script><\/p>\n","protected":false},"excerpt":{"rendered":"Hyvink\u00e4\u00e4n ammuskelussa haavoittunut Heidi Foxell kertoo el\u00e4m\u00e4st\u00e4\u00e4n v\u00e4lill\u00e4 hyvin avoimesti. T\u00e4ll\u00e4 kerralla h\u00e4nen somejulkaisussaan on aiheena h\u00e4nen k\u00e4yt\u00f6ksens\u00e4,&hellip;\n","protected":false},"author":2,"featured_media":72816,"comment_status":"","ping_status":"","sticky":false,"template":"","format":"standard","meta":{"footnotes":""},"categories":[130],"tags":[137,33,31,30,2894,32,109],"class_list":{"0":"post-72815","1":"post","2":"type-post","3":"status-publish","4":"format-standard","5":"has-post-thumbnail","7":"category-viihde","8":"tag-entertainment","9":"tag-fi","10":"tag-finland","11":"tag-finnish","12":"tag-heidi-foxell","13":"tag-suomi","14":"tag-viihde"},"share_on_mastodon":{"url":"https:\/\/pubeurope.com\/@fi\/115441175323318130","error":""},"_links":{"self":[{"href":"https:\/\/www.europesays.com\/fi\/wp-json\/wp\/v2\/posts\/72815","targetHints":{"allow":["GET"]}}],"collection":[{"href":"https:\/\/www.europesays.com\/fi\/wp-json\/wp\/v2\/posts"}],"about":[{"href":"https:\/\/www.europesays.com\/fi\/wp-json\/wp\/v2\/types\/post"}],"author":[{"embeddable":true,"href":"https:\/\/www.europesays.com\/fi\/wp-json\/wp\/v2\/users\/2"}],"replies":[{"embeddable":true,"href":"https:\/\/www.europesays.com\/fi\/wp-json\/wp\/v2\/comments?post=72815"}],"version-history":[{"count":0,"href":"https:\/\/www.europesays.com\/fi\/wp-json\/wp\/v2\/posts\/72815\/revisions"}],"wp:featuredmedia":[{"embeddable":true,"href":"https:\/\/www.europesays.com\/fi\/wp-json\/wp\/v2\/media\/72816"}],"wp:attachment":[{"href":"https:\/\/www.europesays.com\/fi\/wp-json\/wp\/v2\/media?parent=72815"}],"wp:term":[{"taxonomy":"category","embeddable":true,"href":"https:\/\/www.europesays.com\/fi\/wp-json\/wp\/v2\/categories?post=72815"},{"taxonomy":"post_tag","embeddable":true,"href":"https:\/\/www.europesays.com\/fi\/wp-json\/wp\/v2\/tags?post=72815"}],"curies":[{"name":"wp","href":"https:\/\/api.w.org\/{rel}","templated":true}]}}