{"id":72821,"date":"2025-10-26T15:32:07","date_gmt":"2025-10-26T15:32:07","guid":{"rendered":"https:\/\/www.europesays.com\/fi\/72821\/"},"modified":"2025-10-26T15:32:07","modified_gmt":"2025-10-26T15:32:07","slug":"poliisi-etsii-kadonneita-14-ja-15-vuotiaita-jotka-liikkuvat-mahdollisesti-autolla","status":"publish","type":"post","link":"https:\/\/www.europesays.com\/fi\/72821\/","title":{"rendered":"Poliisi etsii kadonneita 14- ja 15-vuotiaita, jotka liikkuvat mahdollisesti autolla"},"content":{"rendered":"<p>Hankasalmi|Poliisin mukaan nuoriin ei ole saatu yhteytt\u00e4 lauantain ja sunnuntain v\u00e4lisen y\u00f6n j\u00e4lkeen.<\/p>\n<p class=\"article-body mb-nof-24 px-nof-16\">Poliisi etsii kahta kadonnutta nuorta, jotka ovat kadonneet Hankasalmelta aamuy\u00f6ll\u00e4, Keski-Suomen poliisi kertoo <a class=\"article-genericlink\" href=\"https:\/\/poliisi.fi\/-\/poliisi-etsii-keski-suomessa-kadonneita-nuoria\" rel=\"nofollow noopener\" target=\"_blank\">tiedotteessaan<\/a> sunnuntaina.<\/p>\n<p class=\"article-body mb-nof-24 px-nof-16\">Toinen kadonneista on 14-vuotias tytt\u00f6 ja toinen 15-vuotias poika. Heihin ei ole saatu yhteytt\u00e4 lauantain ja sunnuntain v\u00e4lisen y\u00f6n j\u00e4lkeen.<\/p>\n<p class=\"article-body mb-nof-24 px-nof-16\">Nuorten ep\u00e4ill\u00e4\u00e4n poliisin mukaan liikkuvan mahdollisesti punaisella Seat Exeo -henkil\u00f6autolla.<\/p>\n<p class=\"article-body mb-nof-24 px-nof-16\">L\u00e4hiomaiset ovat huolissaan nuorista, tiedotteessa kirjoitetaan.<\/p>\n<p class=\"article-body mb-nof-24 px-nof-16\">Poliisi pyyt\u00e4\u00e4 ilmoittamaan kaikki tuoreet havainnot nuorista suoraan h\u00e4t\u00e4numeroon 112.<\/p>\n","protected":false},"excerpt":{"rendered":"Hankasalmi|Poliisin mukaan nuoriin ei ole saatu yhteytt\u00e4 lauantain ja sunnuntain v\u00e4lisen y\u00f6n j\u00e4lkeen. Poliisi etsii kahta kadonnutta nuorta,&hellip;\n","protected":false},"author":2,"featured_media":83,"comment_status":"","ping_status":"","sticky":false,"template":"","format":"standard","meta":{"footnotes":""},"categories":[12],"tags":[22,23,26,27,33,31,30,17,46,24,25,28,29,15,18,21,32,19,20,16],"class_list":{"0":"post-72821","1":"post","2":"type-post","3":"status-publish","4":"format-standard","5":"has-post-thumbnail","7":"category-suomi","8":"tag-breaking-news","9":"tag-breakingnews","10":"tag-featured-news","11":"tag-featurednews","12":"tag-fi","13":"tag-finland","14":"tag-finnish","15":"tag-headlines","16":"tag-helsingin-sanomat","17":"tag-latest-news","18":"tag-latestnews","19":"tag-main-news","20":"tag-mainnews","21":"tag-news","22":"tag-otsikot","23":"tag-paauutiset","24":"tag-suomi","25":"tag-top-stories","26":"tag-topstories","27":"tag-uutiset"},"share_on_mastodon":{"url":"https:\/\/pubeurope.com\/@fi\/115441195040327440","error":""},"_links":{"self":[{"href":"https:\/\/www.europesays.com\/fi\/wp-json\/wp\/v2\/posts\/72821","targetHints":{"allow":["GET"]}}],"collection":[{"href":"https:\/\/www.europesays.com\/fi\/wp-json\/wp\/v2\/posts"}],"about":[{"href":"https:\/\/www.europesays.com\/fi\/wp-json\/wp\/v2\/types\/post"}],"author":[{"embeddable":true,"href":"https:\/\/www.europesays.com\/fi\/wp-json\/wp\/v2\/users\/2"}],"replies":[{"embeddable":true,"href":"https:\/\/www.europesays.com\/fi\/wp-json\/wp\/v2\/comments?post=72821"}],"version-history":[{"count":0,"href":"https:\/\/www.europesays.com\/fi\/wp-json\/wp\/v2\/posts\/72821\/revisions"}],"wp:featuredmedia":[{"embeddable":true,"href":"https:\/\/www.europesays.com\/fi\/wp-json\/wp\/v2\/media\/83"}],"wp:attachment":[{"href":"https:\/\/www.europesays.com\/fi\/wp-json\/wp\/v2\/media?parent=72821"}],"wp:term":[{"taxonomy":"category","embeddable":true,"href":"https:\/\/www.europesays.com\/fi\/wp-json\/wp\/v2\/categories?post=72821"},{"taxonomy":"post_tag","embeddable":true,"href":"https:\/\/www.europesays.com\/fi\/wp-json\/wp\/v2\/tags?post=72821"}],"curies":[{"name":"wp","href":"https:\/\/api.w.org\/{rel}","templated":true}]}}