{"id":72824,"date":"2025-10-26T15:45:10","date_gmt":"2025-10-26T15:45:10","guid":{"rendered":"https:\/\/www.europesays.com\/fi\/72824\/"},"modified":"2025-10-26T15:45:10","modified_gmt":"2025-10-26T15:45:10","slug":"syopaan-sairastuneelta-ylen-ruutukasvolta-koskettava-viesti-laheisilleen","status":"publish","type":"post","link":"https:\/\/www.europesays.com\/fi\/72824\/","title":{"rendered":"Sy\u00f6p\u00e4\u00e4n sairastuneelta Ylen ruutukasvolta koskettava viesti l\u00e4heisilleen"},"content":{"rendered":"<p>Milla Madetoja on puhunut sosiaalisessa mediassa avoimesti sy\u00f6p\u00e4diagnoosistaan.<\/p>\n<p><img decoding=\"async\" class=\"image image-show image-preview\" src=\"https:\/\/www.europesays.com\/fi\/wp-content\/uploads\/2025\/09\/3282f80939c4d0610f05ec3373d118c6a8d5a95cae33f5a17372d2dbef47850d.jpg\" alt=\"\"\/><img decoding=\"async\" class=\"image image-show\" src=\"https:\/\/www.europesays.com\/fi\/wp-content\/uploads\/2025\/09\/1757584508_380_3282f80939c4d0610f05ec3373d118c6a8d5a95cae33f5a17372d2dbef47850d.jpg\" alt=\"\"\/><\/p>\n<p>Milla Madetoja sai diagnoosin akuutista leukemiasta helmikuussa. Roosa Br\u00f6ijer<\/p>\n<p class=\"paragraph\">Ylen uutisankkuri <a href=\"https:\/\/www.iltalehti.fi\/henkilot\/Milla Madetoja\" class=\"article-link-person-page\" rel=\"nofollow noopener\" target=\"_blank\">Milla Madetoja<\/a> on jakanut Instagram-tilill\u00e4\u00e4n julkaisun, jossa kiitt\u00e4\u00e4 l\u00e4heisi\u00e4\u00e4n.<\/p>\n<p class=\"paragraph\">Madetojalla todettiin alkuvuodesta akuutti leukemia, josta h\u00e4n on puhunut avoimesti sosiaalisessa mediassa. Tuoreessa julkaisussa Madetoja on jakanut kuvia eiliselt\u00e4 sek\u00e4 menneelt\u00e4 kes\u00e4lt\u00e4.<\/p>\n<p class=\"paragraph\">\u2013 En tied\u00e4 miss\u00e4 olisin ilman teit\u00e4. Mua on kannatellut ja pit\u00e4nyt koossa ihmeellinen joukko l\u00e4heisi\u00e4. Eilen sy\u00f6tiin, juotiin ja juhlittiin el\u00e4m\u00e4\u00e4, Madetoja kirjoittaa.<\/p>\n<p class=\"paragraph\">Jos julkaisu ei n\u00e4y, voit katsoa sen <a href=\"https:\/\/www.instagram.com\/p\/DQRqUE3jLMj\/?img_index=14\" rel=\"noopener nofollow\" target=\"_blank\">t\u00e4st\u00e4 linkist\u00e4<\/a>.<\/p>\n<p class=\"paragraph\">Madetoja kiitt\u00e4\u00e4 l\u00e4heisi\u00e4\u00e4n muun muassa siit\u00e4, ett\u00e4 he ovat olleet puhelimen p\u00e4\u00e4ss\u00e4 koko ajan. Madetoja luettelee julkaisussaan my\u00f6s monia muita asioita, joiden kautta l\u00e4heiset ovat osoittaneet tukensa sy\u00f6p\u00e4diagnoosin j\u00e4lkeen. N\u00e4ihin lukeutuu esimerkiksi mukanaolo peruukin ostossa, k\u00e4velylle vieminen ja Madetojan puolesta rukoilu.<\/p>\n<p class=\"paragraph\">\u2013 Laitoitte tsemppiviestej\u00e4, l\u00e4hetitte kukkia ja toitte suklaata. Itkitte mun kanssa. Laitoitte viesti\u00e4, silti, vaikka en aina jaksanut vastata. Pelasitte mun kanssa yatzia ja shakkia, l\u00e4hetitte mulle biisej\u00e4. Te nukuitte mun kanssa \u00f6it\u00e4 ja valvoitte vierell\u00e4 ja keititte kahvit aamulla, Madetoja muun muassa kirjoittaa.<\/p>\n<p class=\"paragraph\">Madetoja kiitt\u00e4\u00e4 l\u00e4heisi\u00e4\u00e4n my\u00f6s siit\u00e4, ett\u00e4 he veiv\u00e4t h\u00e4net Turkuun kantasolusiirtoon, Madetojan sanoin aloittamaan uutta el\u00e4m\u00e4\u00e4.<\/p>\n<p class=\"paragraph\">\u2013 Te nappasitte musta kiinni kun olin pudota, Madetoja kirjoittaa.<\/p>\n<p class=\"paragraph\">Yhdess\u00e4 Madetojan julkaisun kuvista n\u00e4kyy h\u00e4nen kollegoiltaan saama lahja. Kollegat ovat liitt\u00e4neet isoon paperilappuun erilaisia tarroja ja Madetojalle osoitettuja tsemppiviestej\u00e4.<\/p>\n<p class=\"paragraph\">\u2013 Milla olet ajatuksissamme, t: ty\u00f6kaverisi, paperiin on kirjoitettu isoin kirjaimin.<\/p>\n<p><script async src=\"\/\/www.instagram.com\/embed.js\"><\/script><\/p>\n","protected":false},"excerpt":{"rendered":"Milla Madetoja on puhunut sosiaalisessa mediassa avoimesti sy\u00f6p\u00e4diagnoosistaan. Milla Madetoja sai diagnoosin akuutista leukemiasta helmikuussa. Roosa Br\u00f6ijer Ylen&hellip;\n","protected":false},"author":2,"featured_media":72825,"comment_status":"","ping_status":"","sticky":false,"template":"","format":"standard","meta":{"footnotes":""},"categories":[136],"tags":[35,407,137,33,31,30,1391,408,979,764,32,765,502,167,109],"class_list":{"0":"post-72824","1":"post","2":"type-post","3":"status-publish","4":"format-standard","5":"has-post-thumbnail","7":"category-julkkikset","8":"tag-24h","9":"tag-celebrities","10":"tag-entertainment","11":"tag-fi","12":"tag-finland","13":"tag-finnish","14":"tag-ihmisten-ja-elainten-ruumiit","15":"tag-julkkikset","16":"tag-sahkoinen-media","17":"tag-sairaudet","18":"tag-suomi","19":"tag-taudit-ja-hairiot","20":"tag-terveydenhoito","21":"tag-terveys","22":"tag-viihde"},"share_on_mastodon":{"url":"https:\/\/pubeurope.com\/@fi\/115441246182655724","error":""},"_links":{"self":[{"href":"https:\/\/www.europesays.com\/fi\/wp-json\/wp\/v2\/posts\/72824","targetHints":{"allow":["GET"]}}],"collection":[{"href":"https:\/\/www.europesays.com\/fi\/wp-json\/wp\/v2\/posts"}],"about":[{"href":"https:\/\/www.europesays.com\/fi\/wp-json\/wp\/v2\/types\/post"}],"author":[{"embeddable":true,"href":"https:\/\/www.europesays.com\/fi\/wp-json\/wp\/v2\/users\/2"}],"replies":[{"embeddable":true,"href":"https:\/\/www.europesays.com\/fi\/wp-json\/wp\/v2\/comments?post=72824"}],"version-history":[{"count":0,"href":"https:\/\/www.europesays.com\/fi\/wp-json\/wp\/v2\/posts\/72824\/revisions"}],"wp:featuredmedia":[{"embeddable":true,"href":"https:\/\/www.europesays.com\/fi\/wp-json\/wp\/v2\/media\/72825"}],"wp:attachment":[{"href":"https:\/\/www.europesays.com\/fi\/wp-json\/wp\/v2\/media?parent=72824"}],"wp:term":[{"taxonomy":"category","embeddable":true,"href":"https:\/\/www.europesays.com\/fi\/wp-json\/wp\/v2\/categories?post=72824"},{"taxonomy":"post_tag","embeddable":true,"href":"https:\/\/www.europesays.com\/fi\/wp-json\/wp\/v2\/tags?post=72824"}],"curies":[{"name":"wp","href":"https:\/\/api.w.org\/{rel}","templated":true}]}}