{"id":72834,"date":"2025-10-26T15:57:12","date_gmt":"2025-10-26T15:57:12","guid":{"rendered":"https:\/\/www.europesays.com\/fi\/72834\/"},"modified":"2025-10-26T15:57:12","modified_gmt":"2025-10-26T15:57:12","slug":"kaksi-louvren-koruvarkaudesta-epailtya-otettu-kiinni-kertoo-le-parisien-uutissuomalainen","status":"publish","type":"post","link":"https:\/\/www.europesays.com\/fi\/72834\/","title":{"rendered":"Kaksi Louvren koruvarkaudesta ep\u00e4ilty\u00e4 otettu kiinni, kertoo Le Parisien | Uutissuomalainen"},"content":{"rendered":"<p>Ranskassa poliisi on ottanut kiinni kaksi miest\u00e4, joita ep\u00e4ill\u00e4\u00e4n osallisuudesta Louvren museon jalokivivarkauteen, kertoo ranskalaislehti <a href=\"https:\/\/www.leparisien.fr\/faits-divers\/casse-du-siecle-au-louvre-deux-suspects-interpelles-lenquete-saccelere-26-10-2025-J5UUM4F32JEMTOBFM5QVHY26W4.php\" rel=\"nofollow noopener\" target=\"_blank\">Le Parisien.<\/a><\/p>\n<p>Lehden mukaan miehet ovat l\u00e4ht\u00f6isin Pariisin esikaupunkialueelta Seine-Saint-Denisist\u00e4. Toinen miehist\u00e4 otettiin kiinni, kun h\u00e4n oli nousemassa Algeriaan menossa olevaan lentokoneeseen. Toinen otettiin kiinni Pariisissa. Kiinniotot tapahtuivat eilisiltana.<\/p>\n<p>Kaksikon ep\u00e4ill\u00e4\u00e4n kuuluvan nelj\u00e4n hengen varaskoplaan, joka varasti jalokivet. Koruja ei ole lehden mukaan toistaiseksi l\u00f6ydetty.<\/p>\n<p>Museosta varastettiin 88 miljoonan euron arvosta koruja viikko sitten. Varkaat veiv\u00e4t saaliinsa keskell\u00e4 p\u00e4iv\u00e4\u00e4 museon aukioloaikana ja pakenivat paikalta skoottereilla. Varkaus kesti viranomaisten mukaan vain noin seitsem\u00e4n minuuttia.<\/p>\n<p>\t\t\t\t&#8221;Viranomaiset ep\u00e4onnistuivat t\u00e4ysin&#8221;<\/p>\n<p>Viranomaiset uskovat operaation olleen j\u00e4rjest\u00e4ytyneen rikollisj\u00e4rjest\u00f6n tekem\u00e4. Varastettujen korujen joukossa oli muun muassa Napoleon Bonaparten vaimolleen, keisarinna Marie Louiselle antama smaragdeilla ja timanteilla koristeltu kaulakoru.<\/p>\n<p>Louvren museon johtaja my\u00f6nsi keskiviikkona, ett\u00e4 museon turvatoimissa on suuria puutteita.<\/p>\n<p>Ranskan oikeusministeri Gerald Darmanin sanoi heti varkauden j\u00e4lkeen viranomaisten ep\u00e4onnistuneen t\u00e4ysin.<\/p>\n<p>\u2013\u2009 On varmaa, ett\u00e4 olemme ep\u00e4onnistuneet, kun ihmiset onnistuivat pystytt\u00e4m\u00e4\u00e4n tikasnostimen keskell\u00e4 Pariisia, nappaamaan museosta muutamassa minuutissa korvaamattomia koruja ja antamaan Ranskasta huonon kuvan, Darmanin sanoi radiossa.<\/p>\n<p>Kyseess\u00e4 oli ensimm\u00e4inen Louvreen kohdistunut varkaus sitten vuoden 1998, jolloin museosta varastettiin Camille Corot&#8217;n maalaus. Teosta ei koskaan saatu takaisin.<\/p>\n<p>Louvre on maailman vierailluin museo. Viime vuonna siell\u00e4 k\u00e4vi yhdeks\u00e4n miljoonaa ihmist\u00e4. Museon turvatoimien heikon tolan on arvosteltu johtuvan muun muassa siit\u00e4, ett\u00e4 ty\u00f6ntekij\u00f6it\u00e4 on v\u00e4hennetty kovalla k\u00e4dell\u00e4 eik\u00e4 teknisen valvontaan ole panostettu riitt\u00e4v\u00e4sti.<\/p>\n<p>My\u00f6s muihin Ranskan museoihin on tehty viime aikoina varkauksia. Viime kuussa rikolliset murtautuivat Pariisin luonnontieteelliseen museoon ja varastivat noin 600\u2009000 euron arvosta kultan\u00e4ytteit\u00e4.<\/p>\n<p>Samassa kuussa vorot veiv\u00e4t kaksi astiaa ja maljakon museosta Limogesissa. Saaliin arvoksi arvioitiin 6,5 miljoonaa euroa.<\/p>\n","protected":false},"excerpt":{"rendered":"Ranskassa poliisi on ottanut kiinni kaksi miest\u00e4, joita ep\u00e4ill\u00e4\u00e4n osallisuudesta Louvren museon jalokivivarkauteen, kertoo ranskalaislehti Le Parisien. Lehden&hellip;\n","protected":false},"author":2,"featured_media":72835,"comment_status":"","ping_status":"","sticky":false,"template":"","format":"standard","meta":{"footnotes":""},"categories":[14],"tags":[22,23,26,27,33,31,30,17,55,53,24,25,28,29,15,18,21,122,54,52,38,32,19,20,546,56,16,59,60,61],"class_list":{"0":"post-72834","1":"post","2":"type-post","3":"status-publish","4":"format-standard","5":"has-post-thumbnail","7":"category-ulkomaat","8":"tag-breaking-news","9":"tag-breakingnews","10":"tag-featured-news","11":"tag-featurednews","12":"tag-fi","13":"tag-finland","14":"tag-finnish","15":"tag-headlines","16":"tag-lainvalvonta","17":"tag-laki-oikeus-ja-rikos","18":"tag-latest-news","19":"tag-latestnews","20":"tag-main-news","21":"tag-mainnews","22":"tag-news","23":"tag-otsikot","24":"tag-paauutiset","25":"tag-pelastaminen","26":"tag-pelastuspalvelut","27":"tag-poliisi","28":"tag-rikos","29":"tag-suomi","30":"tag-top-stories","31":"tag-topstories","32":"tag-turvallisuus","33":"tag-ulkomaat","34":"tag-uutiset","35":"tag-world","36":"tag-world-news","37":"tag-worldnews"},"share_on_mastodon":{"url":"https:\/\/pubeurope.com\/@fi\/115441293336762349","error":""},"_links":{"self":[{"href":"https:\/\/www.europesays.com\/fi\/wp-json\/wp\/v2\/posts\/72834","targetHints":{"allow":["GET"]}}],"collection":[{"href":"https:\/\/www.europesays.com\/fi\/wp-json\/wp\/v2\/posts"}],"about":[{"href":"https:\/\/www.europesays.com\/fi\/wp-json\/wp\/v2\/types\/post"}],"author":[{"embeddable":true,"href":"https:\/\/www.europesays.com\/fi\/wp-json\/wp\/v2\/users\/2"}],"replies":[{"embeddable":true,"href":"https:\/\/www.europesays.com\/fi\/wp-json\/wp\/v2\/comments?post=72834"}],"version-history":[{"count":0,"href":"https:\/\/www.europesays.com\/fi\/wp-json\/wp\/v2\/posts\/72834\/revisions"}],"wp:featuredmedia":[{"embeddable":true,"href":"https:\/\/www.europesays.com\/fi\/wp-json\/wp\/v2\/media\/72835"}],"wp:attachment":[{"href":"https:\/\/www.europesays.com\/fi\/wp-json\/wp\/v2\/media?parent=72834"}],"wp:term":[{"taxonomy":"category","embeddable":true,"href":"https:\/\/www.europesays.com\/fi\/wp-json\/wp\/v2\/categories?post=72834"},{"taxonomy":"post_tag","embeddable":true,"href":"https:\/\/www.europesays.com\/fi\/wp-json\/wp\/v2\/tags?post=72834"}],"curies":[{"name":"wp","href":"https:\/\/api.w.org\/{rel}","templated":true}]}}