{"id":72844,"date":"2025-10-26T16:18:08","date_gmt":"2025-10-26T16:18:08","guid":{"rendered":"https:\/\/www.europesays.com\/fi\/72844\/"},"modified":"2025-10-26T16:18:08","modified_gmt":"2025-10-26T16:18:08","slug":"formula-1-valtteri-bottas-paljastaa-kisakuskin-sopimus-oli-jo-olemassa-2","status":"publish","type":"post","link":"https:\/\/www.europesays.com\/fi\/72844\/","title":{"rendered":"Formula 1: Valtteri Bottas paljastaa \u2013 kisakuskin sopimus oli jo olemassa"},"content":{"rendered":"<p>Formula 1|Valtteri Bottas paljastaa, ett\u00e4 oli todella l\u00e4hell\u00e4 v\u00e4ltty\u00e4 v\u00e4livuodelta. H\u00e4n kertoo jo neuvotelleensa itselleen ajopaikan Williamsille, kunnes j\u00e4i tyhjin k\u00e4sin.<\/p>\n<p class=\"article-body mb-nof-24 px-nof-16\">Suomen t\u00e4m\u00e4n hetken ainoa formula 1 -kuljettaja <a class=\"article-personlink\" href=\"https:\/\/www.hs.fi\/haku\/?query=Valtteri%20Bottas\" rel=\"nofollow noopener\" target=\"_blank\">Valtteri Bottas<\/a> palaa ensi kaudella kisakuljettajaksi, kun h\u00e4n siirtyy Mercedeksen kolmoskuljettajasta Cadillacin rattiin.<\/p>\n<p class=\"article-body mb-nof-24 px-nof-16\">Bottaksen tipahtaminen Sauberin kisakuljettajasta Mercedeksen varamieheksi tiesi samalla pitk\u00e4n putken katkeamista, jolloin Suomella oli F1-kisakuljettaja.<\/p>\n<p class=\"article-body mb-nof-24 px-nof-16\">Bottas on nyt paljastanut <a class=\"article-genericlink\" href=\"https:\/\/www.motorsportweek.com\/2025\/10\/25\/exclusive-valtteri-bottas-reveals-how-close-he-came-to-making-williams-f1-return-for-2025\/\" rel=\"nofollow noopener\" target=\"_blank\">Motorsport Weekille<\/a>, miten l\u00e4hell\u00e4 oli, ett\u00e4 vuodesta 1989 alkanut putki ei olisikaan katkennut.<\/p>\n<p class=\"article-body mb-nof-24 px-nof-16\">\u201dPid\u00e4n <a class=\"article-personlink\" href=\"https:\/\/www.hs.fi\/haku\/?query=James%20Vowlesin\" rel=\"nofollow noopener\" target=\"_blank\">James Vowlesin<\/a> kanssa ty\u00f6skentelyst\u00e4, ja olin itse asiassa aika l\u00e4hell\u00e4 tehd\u00e4 heid\u00e4n [Williamsin] kanssaan sopimuksen t\u00e4ksi kaudeksi\u201d, Bottas sanoi lehdelle viitaten Williamsin tallip\u00e4\u00e4llikk\u00f6\u00f6n.<\/p>\n<p class=\"article-body mb-nof-24 px-nof-16\">\u201dMeill\u00e4 oli viime vuonna jo sopimus, joten se oli aika l\u00e4hell\u00e4.\u201d<\/p>\n<p class=\"article-body mb-nof-24 px-nof-16\">Bottaksella oli yksinkertainen vastaus kysymykseen, mit\u00e4 tapahtui, kun h\u00e4n ei lopulta saanutkaan sopimusta.<\/p>\n<p class=\"article-body mb-nof-24 px-nof-16\">\u201d<a class=\"article-personlink\" href=\"https:\/\/www.hs.fi\/haku\/?query=Carlos%20Sainz\" rel=\"nofollow noopener\" target=\"_blank\">Carlos Sainz<\/a> tapahtui. Sellaista F1 on.\u201d<\/p>\n<p class=\"article-body mb-nof-24 px-nof-16\">Sainz vapautui kuljettajamarkkinoille, kun Ferrari halusi <a class=\"article-personlink\" href=\"https:\/\/www.hs.fi\/haku\/?query=Lewis%20Hamiltonin\" rel=\"nofollow noopener\" target=\"_blank\">Lewis Hamiltonin<\/a>.<\/p>\n<p class=\"article-body mb-nof-24 px-nof-16\">Williamsilla on ollut hyv\u00e4 kausi. Talli on valmistajien MM-sarjassa nelj\u00e4nten\u00e4 111 pisteell\u00e4. Sainz on kuitenkin j\u00e4\u00e4nyt pahasti tallikaverinsa <a class=\"article-personlink\" href=\"https:\/\/www.hs.fi\/haku\/?query=Alex%20Albonin\" rel=\"nofollow noopener\" target=\"_blank\">Alex Albonin<\/a> varjoon, sill\u00e4 pisteiss\u00e4 Albon on kahdeksantena 73 pisteell\u00e4, kun Sainz on vasta 11. ker\u00e4tty\u00e4\u00e4n 38 pistett\u00e4.<\/p>\n","protected":false},"excerpt":{"rendered":"Formula 1|Valtteri Bottas paljastaa, ett\u00e4 oli todella l\u00e4hell\u00e4 v\u00e4ltty\u00e4 v\u00e4livuodelta. H\u00e4n kertoo jo neuvotelleensa itselleen ajopaikan Williamsille, kunnes&hellip;\n","protected":false},"author":2,"featured_media":72845,"comment_status":"","ping_status":"","sticky":false,"template":"","format":"standard","meta":{"footnotes":""},"categories":[158],"tags":[33,31,30,46,159,32,160],"class_list":{"0":"post-72844","1":"post","2":"type-post","3":"status-publish","4":"format-standard","5":"has-post-thumbnail","7":"category-urheilu","8":"tag-fi","9":"tag-finland","10":"tag-finnish","11":"tag-helsingin-sanomat","12":"tag-sports","13":"tag-suomi","14":"tag-urheilu"},"share_on_mastodon":{"url":"https:\/\/pubeurope.com\/@fi\/115441376201045053","error":""},"_links":{"self":[{"href":"https:\/\/www.europesays.com\/fi\/wp-json\/wp\/v2\/posts\/72844","targetHints":{"allow":["GET"]}}],"collection":[{"href":"https:\/\/www.europesays.com\/fi\/wp-json\/wp\/v2\/posts"}],"about":[{"href":"https:\/\/www.europesays.com\/fi\/wp-json\/wp\/v2\/types\/post"}],"author":[{"embeddable":true,"href":"https:\/\/www.europesays.com\/fi\/wp-json\/wp\/v2\/users\/2"}],"replies":[{"embeddable":true,"href":"https:\/\/www.europesays.com\/fi\/wp-json\/wp\/v2\/comments?post=72844"}],"version-history":[{"count":0,"href":"https:\/\/www.europesays.com\/fi\/wp-json\/wp\/v2\/posts\/72844\/revisions"}],"wp:featuredmedia":[{"embeddable":true,"href":"https:\/\/www.europesays.com\/fi\/wp-json\/wp\/v2\/media\/72845"}],"wp:attachment":[{"href":"https:\/\/www.europesays.com\/fi\/wp-json\/wp\/v2\/media?parent=72844"}],"wp:term":[{"taxonomy":"category","embeddable":true,"href":"https:\/\/www.europesays.com\/fi\/wp-json\/wp\/v2\/categories?post=72844"},{"taxonomy":"post_tag","embeddable":true,"href":"https:\/\/www.europesays.com\/fi\/wp-json\/wp\/v2\/tags?post=72844"}],"curies":[{"name":"wp","href":"https:\/\/api.w.org\/{rel}","templated":true}]}}