{"id":72851,"date":"2025-10-26T16:24:10","date_gmt":"2025-10-26T16:24:10","guid":{"rendered":"https:\/\/www.europesays.com\/fi\/72851\/"},"modified":"2025-10-26T16:24:10","modified_gmt":"2025-10-26T16:24:10","slug":"poliisi-pyytaa-havaintoja-14-vuotias-nelli-ja-15-vuotias-matias-katosivat-hankasalmelta-aamuyolla-keski-suomi","status":"publish","type":"post","link":"https:\/\/www.europesays.com\/fi\/72851\/","title":{"rendered":"Poliisi pyyt\u00e4\u00e4 havaintoja \u2013 14-vuotias Nelli ja 15-vuotias Matias katosivat Hankasalmelta aamuy\u00f6ll\u00e4 | Keski-Suomi"},"content":{"rendered":"<p>Poliisi pyyt\u00e4\u00e4 havaintoja sunnuntaina Hankasalmelta kadonneista nuorista.<\/p>\n<p>14-vuotias <strong>Nelli Ukkonen <\/strong>ja 15-vuotias <strong>Matias Tikka<\/strong> katosivat sunnuntaina aamuy\u00f6st\u00e4, eik\u00e4 heihin ole saatu yhteytt\u00e4 puolen y\u00f6n j\u00e4lkeen.<\/p>\n<p>Poliisin mukaan nuoret ovat mahdollisesti liikkeell\u00e4 punaisella Seat Exeo -henkil\u00f6autolla, jonka rekisterinumero on XSY-529. Nuorten yll\u00e4 olevista vaatteista ei ole tietoa.<\/p>\n<p>Poliisi pyyt\u00e4\u00e4 ilmoittamaan kaikki tuoreet havainnot ja vihjeet kadonneista suoraan h\u00e4t\u00e4numeroon 112.<\/p>\n","protected":false},"excerpt":{"rendered":"Poliisi pyyt\u00e4\u00e4 havaintoja sunnuntaina Hankasalmelta kadonneista nuorista. 14-vuotias Nelli Ukkonen ja 15-vuotias Matias Tikka katosivat sunnuntaina aamuy\u00f6st\u00e4, eik\u00e4&hellip;\n","protected":false},"author":2,"featured_media":72852,"comment_status":"","ping_status":"","sticky":false,"template":"","format":"standard","meta":{"footnotes":""},"categories":[12],"tags":[22,23,26,27,33,31,30,4130,17,55,24,25,28,29,15,18,21,122,54,52,103,32,19,20,546,16],"class_list":{"0":"post-72851","1":"post","2":"type-post","3":"status-publish","4":"format-standard","5":"has-post-thumbnail","7":"category-suomi","8":"tag-breaking-news","9":"tag-breakingnews","10":"tag-featured-news","11":"tag-featurednews","12":"tag-fi","13":"tag-finland","14":"tag-finnish","15":"tag-hankasalmi","16":"tag-headlines","17":"tag-lainvalvonta","18":"tag-latest-news","19":"tag-latestnews","20":"tag-main-news","21":"tag-mainnews","22":"tag-news","23":"tag-otsikot","24":"tag-paauutiset","25":"tag-pelastaminen","26":"tag-pelastuspalvelut","27":"tag-poliisi","28":"tag-sosiaalikysymykset","29":"tag-suomi","30":"tag-top-stories","31":"tag-topstories","32":"tag-turvallisuus","33":"tag-uutiset"},"share_on_mastodon":{"url":"https:\/\/pubeurope.com\/@fi\/115441399503676380","error":""},"_links":{"self":[{"href":"https:\/\/www.europesays.com\/fi\/wp-json\/wp\/v2\/posts\/72851","targetHints":{"allow":["GET"]}}],"collection":[{"href":"https:\/\/www.europesays.com\/fi\/wp-json\/wp\/v2\/posts"}],"about":[{"href":"https:\/\/www.europesays.com\/fi\/wp-json\/wp\/v2\/types\/post"}],"author":[{"embeddable":true,"href":"https:\/\/www.europesays.com\/fi\/wp-json\/wp\/v2\/users\/2"}],"replies":[{"embeddable":true,"href":"https:\/\/www.europesays.com\/fi\/wp-json\/wp\/v2\/comments?post=72851"}],"version-history":[{"count":0,"href":"https:\/\/www.europesays.com\/fi\/wp-json\/wp\/v2\/posts\/72851\/revisions"}],"wp:featuredmedia":[{"embeddable":true,"href":"https:\/\/www.europesays.com\/fi\/wp-json\/wp\/v2\/media\/72852"}],"wp:attachment":[{"href":"https:\/\/www.europesays.com\/fi\/wp-json\/wp\/v2\/media?parent=72851"}],"wp:term":[{"taxonomy":"category","embeddable":true,"href":"https:\/\/www.europesays.com\/fi\/wp-json\/wp\/v2\/categories?post=72851"},{"taxonomy":"post_tag","embeddable":true,"href":"https:\/\/www.europesays.com\/fi\/wp-json\/wp\/v2\/tags?post=72851"}],"curies":[{"name":"wp","href":"https:\/\/api.w.org\/{rel}","templated":true}]}}