{"id":72864,"date":"2025-10-26T16:50:07","date_gmt":"2025-10-26T16:50:07","guid":{"rendered":"https:\/\/www.europesays.com\/fi\/72864\/"},"modified":"2025-10-26T16:50:07","modified_gmt":"2025-10-26T16:50:07","slug":"poliisi-etsii-kahta-keski-suomessa-kadonnutta-nuorta-ovat-mahdollisesti-liikkeella-punaisella-autolla-uutissuomalainen","status":"publish","type":"post","link":"https:\/\/www.europesays.com\/fi\/72864\/","title":{"rendered":"Poliisi etsii kahta Keski-Suomessa kadonnutta nuorta \u2013 ovat mahdollisesti liikkeell\u00e4 punaisella autolla | Uutissuomalainen"},"content":{"rendered":"<p>Sis\u00e4-Suomen poliisi <a href=\"https:\/\/poliisi.fi\/-\/poliisi-etsii-keski-suomessa-kadonneita-nuoria\" rel=\"nofollow noopener\" target=\"_blank\">kertoi<\/a> sunnuntaina etsiv\u00e4ns\u00e4 kahta kadonnutta nuorta Keski-Suomessa. Nuorten ep\u00e4ill\u00e4\u00e4n liikkuvan punaisella Seat Exeo -henkil\u00f6autolla.<\/p>\n<p>Hankasalmella kadonneista nuorista toinen on 14-vuotias tytt\u00f6 ja toinen 15-vuotias poika. Nuorten yll\u00e4 olevasta vaatetuksesta ei ole tietoa.<\/p>\n<p>Poliisin tietojen mukaan nuoriin ei ole saatu yhteytt\u00e4 en\u00e4\u00e4 puoleny\u00f6n j\u00e4lkeen lauantain ja sunnuntain v\u00e4lisen\u00e4 y\u00f6n\u00e4.<\/p>\n<p>Poliisi pyyt\u00e4\u00e4 ilmoittamaan kaikki tuoreet havainnot ja vihjeet kadonneista nuorista suoraan h\u00e4t\u00e4numeroon 112.<\/p>\n","protected":false},"excerpt":{"rendered":"Sis\u00e4-Suomen poliisi kertoi sunnuntaina etsiv\u00e4ns\u00e4 kahta kadonnutta nuorta Keski-Suomessa. Nuorten ep\u00e4ill\u00e4\u00e4n liikkuvan punaisella Seat Exeo -henkil\u00f6autolla. Hankasalmella kadonneista&hellip;\n","protected":false},"author":2,"featured_media":72865,"comment_status":"","ping_status":"","sticky":false,"template":"","format":"standard","meta":{"footnotes":""},"categories":[12],"tags":[22,23,26,27,33,31,30,4130,17,55,24,25,121,28,29,15,18,21,122,54,103,32,128,19,20,16],"class_list":{"0":"post-72864","1":"post","2":"type-post","3":"status-publish","4":"format-standard","5":"has-post-thumbnail","7":"category-suomi","8":"tag-breaking-news","9":"tag-breakingnews","10":"tag-featured-news","11":"tag-featurednews","12":"tag-fi","13":"tag-finland","14":"tag-finnish","15":"tag-hankasalmi","16":"tag-headlines","17":"tag-lainvalvonta","18":"tag-latest-news","19":"tag-latestnews","20":"tag-liikenne-ja-kuljetus","21":"tag-main-news","22":"tag-mainnews","23":"tag-news","24":"tag-otsikot","25":"tag-paauutiset","26":"tag-pelastaminen","27":"tag-pelastuspalvelut","28":"tag-sosiaalikysymykset","29":"tag-suomi","30":"tag-tieliikenne","31":"tag-top-stories","32":"tag-topstories","33":"tag-uutiset"},"share_on_mastodon":{"url":"https:\/\/pubeurope.com\/@fi\/115441501807015160","error":""},"_links":{"self":[{"href":"https:\/\/www.europesays.com\/fi\/wp-json\/wp\/v2\/posts\/72864","targetHints":{"allow":["GET"]}}],"collection":[{"href":"https:\/\/www.europesays.com\/fi\/wp-json\/wp\/v2\/posts"}],"about":[{"href":"https:\/\/www.europesays.com\/fi\/wp-json\/wp\/v2\/types\/post"}],"author":[{"embeddable":true,"href":"https:\/\/www.europesays.com\/fi\/wp-json\/wp\/v2\/users\/2"}],"replies":[{"embeddable":true,"href":"https:\/\/www.europesays.com\/fi\/wp-json\/wp\/v2\/comments?post=72864"}],"version-history":[{"count":0,"href":"https:\/\/www.europesays.com\/fi\/wp-json\/wp\/v2\/posts\/72864\/revisions"}],"wp:featuredmedia":[{"embeddable":true,"href":"https:\/\/www.europesays.com\/fi\/wp-json\/wp\/v2\/media\/72865"}],"wp:attachment":[{"href":"https:\/\/www.europesays.com\/fi\/wp-json\/wp\/v2\/media?parent=72864"}],"wp:term":[{"taxonomy":"category","embeddable":true,"href":"https:\/\/www.europesays.com\/fi\/wp-json\/wp\/v2\/categories?post=72864"},{"taxonomy":"post_tag","embeddable":true,"href":"https:\/\/www.europesays.com\/fi\/wp-json\/wp\/v2\/tags?post=72864"}],"curies":[{"name":"wp","href":"https:\/\/api.w.org\/{rel}","templated":true}]}}