{"id":72881,"date":"2025-10-26T17:17:08","date_gmt":"2025-10-26T17:17:08","guid":{"rendered":"https:\/\/www.europesays.com\/fi\/72881\/"},"modified":"2025-10-26T17:17:08","modified_gmt":"2025-10-26T17:17:08","slug":"runsaasti-poliiseja-tassa-syy","status":"publish","type":"post","link":"https:\/\/www.europesays.com\/fi\/72881\/","title":{"rendered":"Runsaasti poliiseja \u2013 T\u00e4ss\u00e4 syy"},"content":{"rendered":"<p>Poliisin johtokeskuksesta kerrotaan, ett\u00e4 poliisi sai teht\u00e4v\u00e4n h\u00e4t\u00e4keskukselta kello 15.21.<\/p>\n<p class=\"paragraph\">Poliisilla oli sunnuntaina mittava teht\u00e4v\u00e4 Helsingin Kalevankadulla.<\/p>\n<p class=\"paragraph\">Poliisin johtokeskuksesta kerrotaan, ett\u00e4 poliisi sai teht\u00e4v\u00e4n h\u00e4t\u00e4keskukselta kello 15.21. Poliisin mukaan ilmoittaja kertoi, ett\u00e4 Kalevankadulla sijaitsevassa kerrostalossa oli havaittu henkil\u00f6, jota ilmoittaja ep\u00e4ili kellarivarastomurroista.<\/p>\n<p class=\"paragraph\">Poliisi meni selvitt\u00e4m\u00e4\u00e4n asiaa. Kun poliisi saapui paikalle, yhdest\u00e4 kerrostaloasunnosta l\u00e4hti henkil\u00f6it\u00e4 poliisia pakoon.<\/p>\n<p class=\"paragraph\">Teht\u00e4v\u00e4lle liittyi t\u00e4ss\u00e4 vaiheessa useampia partioita. Paikalla oli enimmill\u00e4\u00e4n 5\u20136 poliisipartiota.<\/p>\n<p class=\"paragraph\">Yksi asunnosta paenneista henkil\u00f6ist\u00e4 juoksi asunnon katolle. H\u00e4nt\u00e4 etsittiin droonia k\u00e4ytt\u00e4en.<\/p>\n<p class=\"paragraph\">Paikalta otettiin kiinni yksi henkil\u00f6, jota ep\u00e4ill\u00e4\u00e4n perusmuotoisesta huumausainerikoksesta. Poliisi on kirjannut ep\u00e4iltyihin kellarimurtoihin liittyen rikosilmoituksen, mutta niihin liittyen ket\u00e4\u00e4n ei ole kiinniotettuna.<\/p>\n<p><img decoding=\"async\" class=\"image image-show image-preview\" src=\"https:\/\/www.europesays.com\/fi\/wp-content\/uploads\/2025\/10\/02eb49dd42b49b15139d13392b05deec8514328abe2d789c9bbe444d8c42393c.jpg\" alt=\"\"\/><img decoding=\"async\" class=\"image image-show\" src=\"https:\/\/www.europesays.com\/fi\/wp-content\/uploads\/2025\/10\/1761499028_833_02eb49dd42b49b15139d13392b05deec8514328abe2d789c9bbe444d8c42393c.jpg\" alt=\"\"\/><\/p>\n<p>Paikalla oli kello 18 aikaan edelleen poliiseja. Lukijan kuva<\/p>\n","protected":false},"excerpt":{"rendered":"Poliisin johtokeskuksesta kerrotaan, ett\u00e4 poliisi sai teht\u00e4v\u00e4n h\u00e4t\u00e4keskukselta kello 15.21. Poliisilla oli sunnuntaina mittava teht\u00e4v\u00e4 Helsingin Kalevankadulla. Poliisin&hellip;\n","protected":false},"author":2,"featured_media":72882,"comment_status":"","ping_status":"","sticky":false,"template":"","format":"standard","meta":{"footnotes":""},"categories":[5],"tags":[35,22,23,26,27,33,31,30,17,55,24,25,28,29,15,18,21,122,54,52,32,19,20,546,16],"class_list":{"0":"post-72881","1":"post","2":"type-post","3":"status-publish","4":"format-standard","5":"has-post-thumbnail","7":"category-otsikot","8":"tag-24h","9":"tag-breaking-news","10":"tag-breakingnews","11":"tag-featured-news","12":"tag-featurednews","13":"tag-fi","14":"tag-finland","15":"tag-finnish","16":"tag-headlines","17":"tag-lainvalvonta","18":"tag-latest-news","19":"tag-latestnews","20":"tag-main-news","21":"tag-mainnews","22":"tag-news","23":"tag-otsikot","24":"tag-paauutiset","25":"tag-pelastaminen","26":"tag-pelastuspalvelut","27":"tag-poliisi","28":"tag-suomi","29":"tag-top-stories","30":"tag-topstories","31":"tag-turvallisuus","32":"tag-uutiset"},"share_on_mastodon":{"url":"https:\/\/pubeurope.com\/@fi\/115441607938748189","error":""},"_links":{"self":[{"href":"https:\/\/www.europesays.com\/fi\/wp-json\/wp\/v2\/posts\/72881","targetHints":{"allow":["GET"]}}],"collection":[{"href":"https:\/\/www.europesays.com\/fi\/wp-json\/wp\/v2\/posts"}],"about":[{"href":"https:\/\/www.europesays.com\/fi\/wp-json\/wp\/v2\/types\/post"}],"author":[{"embeddable":true,"href":"https:\/\/www.europesays.com\/fi\/wp-json\/wp\/v2\/users\/2"}],"replies":[{"embeddable":true,"href":"https:\/\/www.europesays.com\/fi\/wp-json\/wp\/v2\/comments?post=72881"}],"version-history":[{"count":0,"href":"https:\/\/www.europesays.com\/fi\/wp-json\/wp\/v2\/posts\/72881\/revisions"}],"wp:featuredmedia":[{"embeddable":true,"href":"https:\/\/www.europesays.com\/fi\/wp-json\/wp\/v2\/media\/72882"}],"wp:attachment":[{"href":"https:\/\/www.europesays.com\/fi\/wp-json\/wp\/v2\/media?parent=72881"}],"wp:term":[{"taxonomy":"category","embeddable":true,"href":"https:\/\/www.europesays.com\/fi\/wp-json\/wp\/v2\/categories?post=72881"},{"taxonomy":"post_tag","embeddable":true,"href":"https:\/\/www.europesays.com\/fi\/wp-json\/wp\/v2\/tags?post=72881"}],"curies":[{"name":"wp","href":"https:\/\/api.w.org\/{rel}","templated":true}]}}