{"id":72926,"date":"2025-10-26T18:24:09","date_gmt":"2025-10-26T18:24:09","guid":{"rendered":"https:\/\/www.europesays.com\/fi\/72926\/"},"modified":"2025-10-26T18:24:09","modified_gmt":"2025-10-26T18:24:09","slug":"joel-harkimo-saapui-tanssii-tahtien-kanssa-yleisoon-yllattavan-naisseuralaisen-kanssa","status":"publish","type":"post","link":"https:\/\/www.europesays.com\/fi\/72926\/","title":{"rendered":"Joel Harkimo saapui Tanssii t\u00e4htien kanssa -yleis\u00f6\u00f6n yll\u00e4tt\u00e4v\u00e4n naisseuralaisen kanssa"},"content":{"rendered":"<p>Joel Harkimo saapui t\u00e4n\u00e4\u00e4n Tanssii t\u00e4htien kanssa -ohjelman katsomoon kauniin seuralaisen kanssa.<\/p>\n<p>H\u00e4n on n\u00e4yttelij\u00e4 Tiia Elg, joka on tuttu muun muassa Salatuista el\u00e4mist\u00e4.<\/p>\n<p>Tiia on Joelille tuttu entuudestaan, sill\u00e4 Jolle kilpaili TTK:ssa h\u00e4nen kanssaan kolme vuotta sitten.<\/p>\n<p>Parivaljakko jakoi my\u00f6s kommentteja medialle.<\/p>\n<p>\u2013 Emme ole yhdess\u00e4 k\u00e4yneet katsomassa TTK:ta kertaakaan sen meid\u00e4n kauden j\u00e4lkeen, Harkimo kertoi <a href=\"https:\/\/www.is.fi\/viihde\/art-2000011585059.html\" rel=\"nofollow noopener\" target=\"_blank\">Ilta-Sanomille<\/a>.<\/p>\n<p>H\u00e4n sanoi kes\u00e4n olleen rankka, mutta ett\u00e4 nyt rupeaa jo olemaan parempi olo.<\/p>\n<p>Asialla h\u00e4n tarkoitti avioeroa, josta Harkimo puolisonsa Janni Hussin kanssa ilmoitti hein\u00e4kuussa. He saivat eron pikakelauksella ja ovat nyt virallisesti eronneet.<\/p>\n<p>Joelin ja h\u00e4nt\u00e4 muutamia vuosia vanhemman Tiian kohdalla voitaneen puhua vain yst\u00e4vyydest\u00e4 ja siit\u00e4 ett\u00e4 yhteinen tanssikilpailukokemus yhdist\u00e4\u00e4 heit\u00e4. Tiia on kahden lapsen \u00e4iti ja yhdess\u00e4 Alexey Smolyaninovin kanssa.<\/p>\n<p><img loading=\"lazy\" height=\"454\" width=\"648\" class=\"wp-image-124676 sp-no-webp perfmatters-lazy\" alt=\"\" decoding=\"async\" src=\"https:\/\/www.europesays.com\/fi\/wp-content\/uploads\/2025\/10\/image-3-64-648x454.jpg\"  data-\/> <\/p>\n<p>Atte Kajova, AOP<\/p>\n<p>Lue my\u00f6s: <a href=\"https:\/\/www.como.fi\/tilaa-comon-uutiskirje\/\" title=\"Tilaa Comon uutiskirje ja tied\u00e4t mist\u00e4 kahvitauolla puhutaan! Nappaa kotimaan tv-vinkit ja puheenaiheet suoraan s\u00e4hk\u00f6postiin t\u00e4st\u00e4.\" class=\"underline-custom !font-montserrat !font-bold !underline-offset-4 !decoration-4 !decoration-red-600 !text-md\" rel=\"nofollow noopener\" target=\"_blank\">Tilaa Comon uutiskirje ja tied\u00e4t mist\u00e4 kahvitauolla puhutaan! Nappaa kotimaan tv-vinkit ja puheenaiheet suoraan s\u00e4hk\u00f6postiin t\u00e4st\u00e4.<\/a><\/p>\n","protected":false},"excerpt":{"rendered":"Joel Harkimo saapui t\u00e4n\u00e4\u00e4n Tanssii t\u00e4htien kanssa -ohjelman katsomoon kauniin seuralaisen kanssa. H\u00e4n on n\u00e4yttelij\u00e4 Tiia Elg, joka&hellip;\n","protected":false},"author":2,"featured_media":72927,"comment_status":"","ping_status":"","sticky":false,"template":"","format":"standard","meta":{"footnotes":""},"categories":[133],"tags":[137,33,31,30,3520,32,206,156,109],"class_list":{"0":"post-72926","1":"post","2":"type-post","3":"status-publish","4":"format-standard","5":"has-post-thumbnail","7":"category-televisiot","8":"tag-entertainment","9":"tag-fi","10":"tag-finland","11":"tag-finnish","12":"tag-joel-harkimo","13":"tag-suomi","14":"tag-televisiot","15":"tag-tv","16":"tag-viihde"},"share_on_mastodon":{"url":"https:\/\/pubeurope.com\/@fi\/115441871410037485","error":""},"_links":{"self":[{"href":"https:\/\/www.europesays.com\/fi\/wp-json\/wp\/v2\/posts\/72926","targetHints":{"allow":["GET"]}}],"collection":[{"href":"https:\/\/www.europesays.com\/fi\/wp-json\/wp\/v2\/posts"}],"about":[{"href":"https:\/\/www.europesays.com\/fi\/wp-json\/wp\/v2\/types\/post"}],"author":[{"embeddable":true,"href":"https:\/\/www.europesays.com\/fi\/wp-json\/wp\/v2\/users\/2"}],"replies":[{"embeddable":true,"href":"https:\/\/www.europesays.com\/fi\/wp-json\/wp\/v2\/comments?post=72926"}],"version-history":[{"count":0,"href":"https:\/\/www.europesays.com\/fi\/wp-json\/wp\/v2\/posts\/72926\/revisions"}],"wp:featuredmedia":[{"embeddable":true,"href":"https:\/\/www.europesays.com\/fi\/wp-json\/wp\/v2\/media\/72927"}],"wp:attachment":[{"href":"https:\/\/www.europesays.com\/fi\/wp-json\/wp\/v2\/media?parent=72926"}],"wp:term":[{"taxonomy":"category","embeddable":true,"href":"https:\/\/www.europesays.com\/fi\/wp-json\/wp\/v2\/categories?post=72926"},{"taxonomy":"post_tag","embeddable":true,"href":"https:\/\/www.europesays.com\/fi\/wp-json\/wp\/v2\/tags?post=72926"}],"curies":[{"name":"wp","href":"https:\/\/api.w.org\/{rel}","templated":true}]}}