{"id":72928,"date":"2025-10-26T18:26:09","date_gmt":"2025-10-26T18:26:09","guid":{"rendered":"https:\/\/www.europesays.com\/fi\/72928\/"},"modified":"2025-10-26T18:26:09","modified_gmt":"2025-10-26T18:26:09","slug":"marvel-julkaisi-kymmentuntisen-mainoksen-jonka-paaosassa-nahdaan-suosikkihahmo","status":"publish","type":"post","link":"https:\/\/www.europesays.com\/fi\/72928\/","title":{"rendered":"Marvel julkaisi kymmentuntisen mainoksen, jonka p\u00e4\u00e4osassa n\u00e4hd\u00e4\u00e4n suosikkihahmo"},"content":{"rendered":"<p>Marvel on yll\u00e4tt\u00e4nyt viime vuosina useammallakin erikoisemmalla markkinointitempauksellaan.<\/p>\n<p>T\u00e4ll\u00e4 kertaa supersankaristudio mainostaa Disney Plussaan saapuvaa The Fantastic Four: First Steps -elokuvaa.<\/p>\n<p>Lue my\u00f6s: <a href=\"https:\/\/www.episodi.fi\/uutiset\/jattihitiksi-povattu-marvel-uutukainen-on-pian-striimattavissa\/\" title=\"J\u00e4ttihitiksi povattu Marvel-uutukainen on pian striimattavissa\" class=\"underline-custom !font-montserrat !font-bold !underline-offset-4 !decoration-4 !decoration-episodi-blue !text-md\" rel=\"nofollow noopener\" target=\"_blank\">J\u00e4ttihitiksi povattu Marvel-uutukainen on pian striimattavissa<\/a><\/p>\n<p>Lue my\u00f6s: <a href=\"https:\/\/www.episodi.fi\/uutiset\/nahdaanko-gwyneth-paltrow-viela-marvelin-elokuvissa-nain-nayttelijatar-vastaa\/\" title=\"N\u00e4hd\u00e4\u00e4nk\u00f6 Gwyneth Paltrow viel\u00e4 Marvelin elokuvissa? \u2013 N\u00e4in n\u00e4yttelij\u00e4t\u00e4r vastaa\" class=\"underline-custom !font-montserrat !font-bold !underline-offset-4 !decoration-4 !decoration-episodi-blue !text-md\" rel=\"nofollow noopener\" target=\"_blank\">N\u00e4hd\u00e4\u00e4nk\u00f6 Gwyneth Paltrow viel\u00e4 Marvelin elokuvissa? \u2013 N\u00e4in n\u00e4yttelij\u00e4t\u00e4r vastaa<\/a><\/p>\n<p>Kyseess\u00e4 on kymmentuntinen video, jossa n\u00e4hd\u00e4\u00e4n M\u00f6ykky keitti\u00f6ss\u00e4<strong>. Ebon Moss-Bachrachin<\/strong> esitt\u00e4m\u00e4 hahmo vain seisoo ja odottaa. V\u00e4lill\u00e4 h\u00e4n tekee joitain liikkeit\u00e4. Kello k\u00e4y taustalla.<\/p>\n<p>Meno \u00e4ityy aivan hurjaksi, kun Ben rapsuttaa p\u00e4\u00e4t\u00e4\u00e4n tai k\u00e4\u00e4nt\u00e4\u00e4 katseensa selk\u00e4ns\u00e4 taakse.<\/p>\n<p>Villi\u00e4!<\/p>\n<p>Ihmeneloset saapuu Disney Plussaan 5. marraskuuta.<\/p>\n<p>Alla hassu video.<\/p>\n<p><img loading=\"lazy\" decoding=\"async\" alt=\"YouTube video\" width=\"480\" height=\"360\" data-pin-nopin=\"true\" nopin=\"nopin\" class=\"perfmatters-lazy\" src=\"https:\/\/www.europesays.com\/fi\/wp-content\/uploads\/2025\/10\/1761503169_424_hqdefault.jpg\"\/><\/p>\n<p>Lue my\u00f6s: <a href=\"https:\/\/www.episodi.fi\/uutiskirje\/?uutiskirjemainos=tekstilinkkimainos\" title=\"Tilaa Episodin uutiskirje ja voit voittaa leffalippuja! Nappaa tv-vinkit suoraan s\u00e4hk\u00f6postiin t\u00e4st\u00e4.\" class=\"underline-custom !font-montserrat !font-bold !underline-offset-4 !decoration-4 !decoration-episodi-blue !text-md\" rel=\"nofollow noopener\" target=\"_blank\">Tilaa Episodin uutiskirje ja voit voittaa leffalippuja! Nappaa katseluvinkit suoraan s\u00e4hk\u00f6postiin t\u00e4st\u00e4.<\/a><\/p>\n","protected":false},"excerpt":{"rendered":"Marvel on yll\u00e4tt\u00e4nyt viime vuosina useammallakin erikoisemmalla markkinointitempauksellaan. T\u00e4ll\u00e4 kertaa supersankaristudio mainostaa Disney Plussaan saapuvaa The Fantastic Four:&hellip;\n","protected":false},"author":2,"featured_media":72929,"comment_status":"","ping_status":"","sticky":false,"template":"","format":"standard","meta":{"footnotes":""},"categories":[131],"tags":[566,155,137,33,173,31,30,3282,172,32,1280,109],"class_list":{"0":"post-72928","1":"post","2":"type-post","3":"status-publish","4":"format-standard","5":"has-post-thumbnail","7":"category-elokuvat","8":"tag-disney-plus","9":"tag-elokuvat","10":"tag-entertainment","11":"tag-fi","12":"tag-film","13":"tag-finland","14":"tag-finnish","15":"tag-marvel","16":"tag-movies","17":"tag-suomi","18":"tag-the-fantastic-four-first-steps","19":"tag-viihde"},"share_on_mastodon":{"url":"https:\/\/pubeurope.com\/@fi\/115441879243746771","error":""},"_links":{"self":[{"href":"https:\/\/www.europesays.com\/fi\/wp-json\/wp\/v2\/posts\/72928","targetHints":{"allow":["GET"]}}],"collection":[{"href":"https:\/\/www.europesays.com\/fi\/wp-json\/wp\/v2\/posts"}],"about":[{"href":"https:\/\/www.europesays.com\/fi\/wp-json\/wp\/v2\/types\/post"}],"author":[{"embeddable":true,"href":"https:\/\/www.europesays.com\/fi\/wp-json\/wp\/v2\/users\/2"}],"replies":[{"embeddable":true,"href":"https:\/\/www.europesays.com\/fi\/wp-json\/wp\/v2\/comments?post=72928"}],"version-history":[{"count":0,"href":"https:\/\/www.europesays.com\/fi\/wp-json\/wp\/v2\/posts\/72928\/revisions"}],"wp:featuredmedia":[{"embeddable":true,"href":"https:\/\/www.europesays.com\/fi\/wp-json\/wp\/v2\/media\/72929"}],"wp:attachment":[{"href":"https:\/\/www.europesays.com\/fi\/wp-json\/wp\/v2\/media?parent=72928"}],"wp:term":[{"taxonomy":"category","embeddable":true,"href":"https:\/\/www.europesays.com\/fi\/wp-json\/wp\/v2\/categories?post=72928"},{"taxonomy":"post_tag","embeddable":true,"href":"https:\/\/www.europesays.com\/fi\/wp-json\/wp\/v2\/tags?post=72928"}],"curies":[{"name":"wp","href":"https:\/\/api.w.org\/{rel}","templated":true}]}}