{"id":72932,"date":"2025-10-26T18:29:08","date_gmt":"2025-10-26T18:29:08","guid":{"rendered":"https:\/\/www.europesays.com\/fi\/72932\/"},"modified":"2025-10-26T18:29:08","modified_gmt":"2025-10-26T18:29:08","slug":"paluu-tulevaisuuteen-palaa-suomen-elokuvateattereihin","status":"publish","type":"post","link":"https:\/\/www.europesays.com\/fi\/72932\/","title":{"rendered":"Paluu tulevaisuuteen palaa Suomen elokuvateattereihin"},"content":{"rendered":"<p>Kasarielokuvien ykk\u00f6sklassikoihin kuuluva Paluu tulevaisuuteen (Back to the Future) viett\u00e4\u00e4 t\u00e4n\u00e4 vuonna 40-vuotisjuhliaan. Elokuvan yst\u00e4ville on tiedossa kenties parhaat mahdolliset syntt\u00e4rit, sill\u00e4 Finnkino sek\u00e4 useat muut elokuvateatterit, kuten Bio Rex ja p\u00e4\u00e4kaupunkiseudulla Gilda, Kino Tapiola ja Cinema Cheryl, tuovat leffan Suomen elokuvateattereihin 31. lokakuuta alkaen.<\/p>\n<p>Lue my\u00f6s: <a href=\"https:\/\/www.episodi.fi\/uutiset\/michael-j-fox-tasta-syysta-paluu-tulevaisuuteen-on-ajankohtainen-elokuva-yha-vuonna-2025\/\" title=\"Michael J. Fox: \u201dT\u00e4st\u00e4 syyst\u00e4 Paluu tulevaisuuteen on ajankohtainen elokuva yh\u00e4 vuonna 2025\u201d\" class=\"underline-custom !font-montserrat !font-bold !underline-offset-4 !decoration-4 !decoration-episodi-blue !text-md\" rel=\"nofollow noopener\" target=\"_blank\">Michael J. Fox: \u201dT\u00e4st\u00e4 syyst\u00e4 Paluu tulevaisuuteen on ajankohtainen elokuva yh\u00e4 vuonna 2025\u201d<\/a><\/p>\n<p>Lue my\u00f6s: <a href=\"https:\/\/www.episodi.fi\/uutiset\/paluu-tulevaisuuteen-elokuvan-aikojen-halki-kiitanyt-klassikkoauto-delorean-oli-paatahdelle-valtava-pettymys\/\" title=\"Paluu tulevaisuuteen -elokuvan aikojen halki kiit\u00e4nyt klassikkoauto oli p\u00e4\u00e4t\u00e4hdelle kivun ja tuskan pes\u00e4\" class=\"underline-custom !font-montserrat !font-bold !underline-offset-4 !decoration-4 !decoration-episodi-blue !text-md\" rel=\"nofollow noopener\" target=\"_blank\">Paluu tulevaisuuteen -elokuvan aikojen halki kiit\u00e4nyt klassikkoauto oli p\u00e4\u00e4t\u00e4hdelle kivun ja tuskan pes\u00e4<\/a><\/p>\n<p>Paluu tulevaisuuteen -elokuvassa lukiolainen Marty McFly (<strong>Michael J. Fox<\/strong>) tempautuu varsin eriskummalliseen aikamatkustusseikkailuun, kun h\u00e4nen omalaatuinen yst\u00e4v\u00e4ns\u00e4, keksij\u00e4 Emmet \u201dDoc\u201d Brown (<strong>Christopher Lloyd<\/strong>), muuntaa DeLorean-kaaran aikakoneeksi. <\/p>\n<p><img loading=\"lazy\" height=\"410\" width=\"622\" class=\"wp-image-50003 sp-no-webp perfmatters-lazy\" alt=\"\" decoding=\"async\" src=\"https:\/\/www.europesays.com\/fi\/wp-content\/uploads\/2025\/10\/paluu-tulevaisuuteen-back-to-the-future.jpg\"  data-\/> Marty ja Doc ovat inspiroineet Rick &amp; Morty -animaatiosarjan p\u00e4\u00e4kaksikkoa.<\/p>\n<p><strong>Robert Zemeckisin <\/strong>ohjaama ja yhdess\u00e4 <strong>Bob Galen <\/strong>kanssa k\u00e4sikirjoittama elokuva oli suurmenestys sek\u00e4 katsojien ett\u00e4 kriitikoiden keskuudessa. Elokuva nousikin ilmestymisvuotensa 1985 tuottoisimmaksi elokuvaksi, ker\u00e4ten maailmanlaajuisesti yli 381 miljoonaa dollaria. Elokuva sai nelj\u00e4 Oscar-ehdokkuutta mukaan lukien paras alkuper\u00e4isk\u00e4sikirjoitus, paras \u00e4\u00e4nitys, parhaat \u00e4\u00e4nitehosteet sek\u00e4 paras alkuper\u00e4iskappale <strong>Huey Lewis and the Newsin<\/strong> kappaleesta The Power of Love.<\/p>\n<p>Lue my\u00f6s: <a href=\"https:\/\/www.episodi.fi\/uutiset\/paluu-tulevaisuuteen-tahti-puolusti-elokuvan-ongelmanayttelijaa-hanta-ei-voi-kahlita-muottiin\/\" title=\"Paluu tulevaisuuteen -t\u00e4hti puolusti elokuvan ongelman\u00e4yttelij\u00e4\u00e4 \u2013 \u201dH\u00e4nt\u00e4 ei voi kahlita muottiin\u201d\" class=\"underline-custom !font-montserrat !font-bold !underline-offset-4 !decoration-4 !decoration-episodi-blue !text-md\" rel=\"nofollow noopener\" target=\"_blank\">Paluu tulevaisuuteen -t\u00e4hti puolusti elokuvan ongelman\u00e4yttelij\u00e4\u00e4 \u2013 \u201dH\u00e4nt\u00e4 ei voi kahlita muottiin\u201d<\/a><\/p>\n<p>Lue my\u00f6s: <a href=\"https:\/\/www.episodi.fi\/uutiset\/parkinsonin-tautia-sairastava-michael-j-fox-kertoi-miten-han-haluaisi-kuolla\/\" title=\"Parkinsonin tautia sairastava Michael J. Fox kertoi miten haluaisi kuolla\" class=\"underline-custom !font-montserrat !font-bold !underline-offset-4 !decoration-4 !decoration-episodi-blue !text-md\" rel=\"nofollow noopener\" target=\"_blank\">Parkinsonin tautia sairastava Michael J. Fox kertoi miten haluaisi kuolla<\/a><\/p>\n<p>Elokuva sai kaksi jatko-osaa vuosina 1989 ja 1990, ja aikojen saatossa koko trilogia on pysynyt populaarikulttuurin pulssilla t\u00e4h\u00e4n p\u00e4iv\u00e4\u00e4n saakka. Jo ensimm\u00e4isest\u00e4 elokuvasta alkaen osaset loksahtivat kohdalleen. Oli sitten kyse roolituksesta, <strong>Alan Silvestrin<\/strong> musiikista tai vaikkapa k\u00e4sikirjoituksesta, Paluu tulevaisuuteen on innostanut yh\u00e4 uusia katsojia ja saanut vanhemmatkin fanit palaamaan sen \u00e4\u00e4relle kerta toisensa j\u00e4lkeen.<\/p>\n<p>Paluu tulevaisuuteen palaa valkokankaalle lokakuun 31. p\u00e4iv\u00e4 alkaen, kun elokuva esitet\u00e4\u00e4n juhlan\u00e4yt\u00f6ksiss\u00e4 ymp\u00e4ri maailmaa \u2013 my\u00f6s Suomen leffateattereissa. Alla elokuvan 40-vuotisjuhlalla herkutteleva traileri.<\/p>\n<p><img loading=\"lazy\" decoding=\"async\" alt=\"YouTube video\" width=\"480\" height=\"360\" data-pin-nopin=\"true\" nopin=\"nopin\" class=\"perfmatters-lazy\" src=\"https:\/\/www.europesays.com\/fi\/wp-content\/uploads\/2025\/10\/1761503348_796_hqdefault.jpg\"\/><\/p>\n<p>Lue my\u00f6s: <a href=\"https:\/\/www.episodi.fi\/uutiskirje\/?uutiskirjemainos=tekstilinkkimainos\" title=\"Tilaa Episodin uutiskirje ja voit voittaa leffalippuja! Nappaa tv-vinkit suoraan s\u00e4hk\u00f6postiin t\u00e4st\u00e4.\" class=\"underline-custom !font-montserrat !font-bold !underline-offset-4 !decoration-4 !decoration-episodi-blue !text-md\" rel=\"nofollow noopener\" target=\"_blank\">Tilaa Episodin uutiskirje ja voit voittaa leffalippuja! Nappaa katseluvinkit suoraan s\u00e4hk\u00f6postiin t\u00e4st\u00e4.<\/a><\/p>\n","protected":false},"excerpt":{"rendered":"Kasarielokuvien ykk\u00f6sklassikoihin kuuluva Paluu tulevaisuuteen (Back to the Future) viett\u00e4\u00e4 t\u00e4n\u00e4 vuonna 40-vuotisjuhliaan. Elokuvan yst\u00e4ville on tiedossa kenties&hellip;\n","protected":false},"author":2,"featured_media":72933,"comment_status":"","ping_status":"","sticky":false,"template":"","format":"standard","meta":{"footnotes":""},"categories":[130],"tags":[10375,3505,137,33,31,30,10377,9208,10378,32,109],"class_list":{"0":"post-72932","1":"post","2":"type-post","3":"status-publish","4":"format-standard","5":"has-post-thumbnail","7":"category-viihde","8":"tag-back-to-the-future","9":"tag-christopher-lloyd","10":"tag-entertainment","11":"tag-fi","12":"tag-finland","13":"tag-finnish","14":"tag-michael-j-fox","15":"tag-paluu-tulevaisuuteen","16":"tag-robert-zemeckis","17":"tag-suomi","18":"tag-viihde"},"share_on_mastodon":{"url":"https:\/\/pubeurope.com\/@fi\/115441891157558366","error":""},"_links":{"self":[{"href":"https:\/\/www.europesays.com\/fi\/wp-json\/wp\/v2\/posts\/72932","targetHints":{"allow":["GET"]}}],"collection":[{"href":"https:\/\/www.europesays.com\/fi\/wp-json\/wp\/v2\/posts"}],"about":[{"href":"https:\/\/www.europesays.com\/fi\/wp-json\/wp\/v2\/types\/post"}],"author":[{"embeddable":true,"href":"https:\/\/www.europesays.com\/fi\/wp-json\/wp\/v2\/users\/2"}],"replies":[{"embeddable":true,"href":"https:\/\/www.europesays.com\/fi\/wp-json\/wp\/v2\/comments?post=72932"}],"version-history":[{"count":0,"href":"https:\/\/www.europesays.com\/fi\/wp-json\/wp\/v2\/posts\/72932\/revisions"}],"wp:featuredmedia":[{"embeddable":true,"href":"https:\/\/www.europesays.com\/fi\/wp-json\/wp\/v2\/media\/72933"}],"wp:attachment":[{"href":"https:\/\/www.europesays.com\/fi\/wp-json\/wp\/v2\/media?parent=72932"}],"wp:term":[{"taxonomy":"category","embeddable":true,"href":"https:\/\/www.europesays.com\/fi\/wp-json\/wp\/v2\/categories?post=72932"},{"taxonomy":"post_tag","embeddable":true,"href":"https:\/\/www.europesays.com\/fi\/wp-json\/wp\/v2\/tags?post=72932"}],"curies":[{"name":"wp","href":"https:\/\/api.w.org\/{rel}","templated":true}]}}