{"id":72961,"date":"2025-10-26T19:14:07","date_gmt":"2025-10-26T19:14:07","guid":{"rendered":"https:\/\/www.europesays.com\/fi\/72961\/"},"modified":"2025-10-26T19:14:07","modified_gmt":"2025-10-26T19:14:07","slug":"outokumpulaisen-sirpa-ylhaisen-teoksissa-eletaan-kuollaan-ja-synnytaan-nayttelyn-valmistaminen-oli-osa-uupumuksesta-toipumista-paikalliset","status":"publish","type":"post","link":"https:\/\/www.europesays.com\/fi\/72961\/","title":{"rendered":"Outokumpulaisen Sirpa Ylh\u00e4isen teoksissa elet\u00e4\u00e4n, kuollaan ja synnyt\u00e4\u00e4n \u2013 N\u00e4yttelyn valmistaminen oli osa uupumuksesta toipumista | Paikalliset"},"content":{"rendered":"<p>Kun outokumpulaisen kuvataitelijan <strong>Sirpa Ylh\u00e4isen<\/strong> Syntyj\u00e4-n\u00e4yttelyn t\u00f6ist\u00e4 valtaosa on tehty vuosien 2024 ja 2025 aikana, niin Ylh\u00e4isen voi sanoa el\u00e4v\u00e4n vahvaa luomiskautta. Vahvuus on mukana my\u00f6s n\u00e4yttelyn tematiikassa, sill\u00e4 taiteen aiheista intensiivisimm\u00e4t, el\u00e4m\u00e4, kuolema ja syntyminen v\u00e4ilyv\u00e4t teoksissa.<\/p>\n","protected":false},"excerpt":{"rendered":"Kun outokumpulaisen kuvataitelijan Sirpa Ylh\u00e4isen Syntyj\u00e4-n\u00e4yttelyn t\u00f6ist\u00e4 valtaosa on tehty vuosien 2024 ja 2025 aikana, niin Ylh\u00e4isen voi&hellip;\n","protected":false},"author":2,"featured_media":72962,"comment_status":"","ping_status":"","sticky":false,"template":"","format":"standard","meta":{"footnotes":""},"categories":[135],"tags":[389,387,388,390,137,33,31,30,2233,108,72,32,394,485,484,393,391,392,398,939,109],"class_list":{"0":"post-72961","1":"post","2":"type-post","3":"status-publish","4":"format-standard","5":"has-post-thumbnail","7":"category-taiteet-ja-suunnittelu","8":"tag-arts","9":"tag-arts-and-design","10":"tag-artsanddesign","11":"tag-design","12":"tag-entertainment","13":"tag-fi","14":"tag-finland","15":"tag-finnish","16":"tag-hyvinvointi","17":"tag-kulttuuri","18":"tag-luonto","19":"tag-suomi","20":"tag-suunnittelu","21":"tag-taide-yleista","22":"tag-taiteellinen-ilmaisu-ja-mediat","23":"tag-taiteet","24":"tag-taiteet-ja-suunnittelu","25":"tag-taiteetsuunnittelu","26":"tag-taiteilija","27":"tag-tyo","28":"tag-viihde"},"share_on_mastodon":{"url":"https:\/\/pubeurope.com\/@fi\/115442067913763323","error":""},"_links":{"self":[{"href":"https:\/\/www.europesays.com\/fi\/wp-json\/wp\/v2\/posts\/72961","targetHints":{"allow":["GET"]}}],"collection":[{"href":"https:\/\/www.europesays.com\/fi\/wp-json\/wp\/v2\/posts"}],"about":[{"href":"https:\/\/www.europesays.com\/fi\/wp-json\/wp\/v2\/types\/post"}],"author":[{"embeddable":true,"href":"https:\/\/www.europesays.com\/fi\/wp-json\/wp\/v2\/users\/2"}],"replies":[{"embeddable":true,"href":"https:\/\/www.europesays.com\/fi\/wp-json\/wp\/v2\/comments?post=72961"}],"version-history":[{"count":0,"href":"https:\/\/www.europesays.com\/fi\/wp-json\/wp\/v2\/posts\/72961\/revisions"}],"wp:featuredmedia":[{"embeddable":true,"href":"https:\/\/www.europesays.com\/fi\/wp-json\/wp\/v2\/media\/72962"}],"wp:attachment":[{"href":"https:\/\/www.europesays.com\/fi\/wp-json\/wp\/v2\/media?parent=72961"}],"wp:term":[{"taxonomy":"category","embeddable":true,"href":"https:\/\/www.europesays.com\/fi\/wp-json\/wp\/v2\/categories?post=72961"},{"taxonomy":"post_tag","embeddable":true,"href":"https:\/\/www.europesays.com\/fi\/wp-json\/wp\/v2\/tags?post=72961"}],"curies":[{"name":"wp","href":"https:\/\/api.w.org\/{rel}","templated":true}]}}