{"id":72967,"date":"2025-10-26T19:24:10","date_gmt":"2025-10-26T19:24:10","guid":{"rendered":"https:\/\/www.europesays.com\/fi\/72967\/"},"modified":"2025-10-26T19:24:10","modified_gmt":"2025-10-26T19:24:10","slug":"isoja-ongelmia-telialla","status":"publish","type":"post","link":"https:\/\/www.europesays.com\/fi\/72967\/","title":{"rendered":"Isoja ongelmia Telialla"},"content":{"rendered":"<p>Telia vahvistaa h\u00e4iri\u00f6tilanteen.<\/p>\n<p><img decoding=\"async\" class=\"image image-show image-preview\" src=\"https:\/\/www.europesays.com\/fi\/wp-content\/uploads\/2025\/10\/731215d5cf28e5bea82e5874b9b1c564a18cc49274a3ab93622a67abe94ca6c9.jpg\" alt=\"\"\/><img decoding=\"async\" class=\"image image-show\" src=\"https:\/\/www.europesays.com\/fi\/wp-content\/uploads\/2025\/10\/1761506650_967_731215d5cf28e5bea82e5874b9b1c564a18cc49274a3ab93622a67abe94ca6c9.jpg\" alt=\"\"\/><\/p>\n<p>Iltalehden lukijoiden mukaan ongelmia on ollut ainakin matkapuhelinverkossa. Kuvituskuva. Tiina Somerpuro<\/p>\n<p class=\"paragraph\">Iltalehden toimitukseen on sunnuntai-iltana tullut useilta lukijoilta viestej\u00e4, joissa kerrotaan h\u00e4iri\u00f6st\u00e4 Telian verkossa. Vinkkej\u00e4 on tullut eri puolelta Suomea.<\/p>\n<p class=\"paragraph\">Downdetector-verkkosivun mukaan h\u00e4iri\u00f6t alkoivat hieman ennen kahdeksaa sunnuntai-iltana. Kello yhdeks\u00e4\u00e4n menness\u00e4 h\u00e4iri\u00f6raportteja on kertynyt sivuston mukaan yli 6 000.<\/p>\n<p class=\"paragraph\">Telian viestint\u00e4- ja yhteiskuntasuhdejohtaja <strong>Leena Lie<\/strong> vahvistaa Iltalehdelle, ett\u00e4 Telian 4G-verkossa on sunnuntai-iltana havaittu ongelmia. H\u00e4iri\u00f6n laajuudesta tai tarkemmin sen syyst\u00e4 ei h\u00e4nen mukaansa ole viel\u00e4 t\u00e4ss\u00e4 vaiheessa tietoa.<\/p>\n<p class=\"paragraph\">Telia julkaisi yhdeks\u00e4n j\u00e4lkeen sunnuntai-iltana h\u00e4iri\u00f6tiedotteen, jossa kerrotaan h\u00e4iri\u00f6st\u00e4 mobiiliverkossa. Telian h\u00e4iri\u00f6tiedotteen mukaan ongelmat alkoivat kello 20.30.<\/p>\n<p class=\"paragraph\">\u2013 Osa puheluista ja mobiilidatasta saattaa t\u00e4ll\u00e4 hetkell\u00e4 toimia ep\u00e4vakaasti. Viankorjaustoimet ovat k\u00e4ynniss\u00e4. Pahoittelemme h\u00e4iri\u00f6t\u00e4, <a href=\"https:\/\/www.telia.fi\/asiakastuki\/hairiotiedote?id=sabre_962041557&amp;lang=fi\" target=\"_blank\" rel=\"noopener nofollow\">tiedotteessa kerrotaan<\/a>.<\/p>\n<p class=\"paragraph\">Uutinen p\u00e4ivittyy.<\/p>\n","protected":false},"excerpt":{"rendered":"Telia vahvistaa h\u00e4iri\u00f6tilanteen. Iltalehden lukijoiden mukaan ongelmia on ollut ainakin matkapuhelinverkossa. Kuvituskuva. Tiina Somerpuro Iltalehden toimitukseen on sunnuntai-iltana&hellip;\n","protected":false},"author":2,"featured_media":72968,"comment_status":"","ping_status":"","sticky":false,"template":"","format":"standard","meta":{"footnotes":""},"categories":[76],"tags":[35,79,77,33,31,30,1511,1616,32,78,487,538,149],"class_list":{"0":"post-72967","1":"post","2":"type-post","3":"status-publish","4":"format-standard","5":"has-post-thumbnail","7":"category-talous","8":"tag-24h","9":"tag-business","10":"tag-economy","11":"tag-fi","12":"tag-finland","13":"tag-finnish","14":"tag-joukkoviestinta","15":"tag-media-viestinta","16":"tag-suomi","17":"tag-talous","18":"tag-teknologia-yleista","19":"tag-tiede-ja-tekniikka","20":"tag-tietojenkasittely-ja-informaatioteknologia"},"share_on_mastodon":{"url":"https:\/\/pubeurope.com\/@fi\/115442107355816853","error":""},"_links":{"self":[{"href":"https:\/\/www.europesays.com\/fi\/wp-json\/wp\/v2\/posts\/72967","targetHints":{"allow":["GET"]}}],"collection":[{"href":"https:\/\/www.europesays.com\/fi\/wp-json\/wp\/v2\/posts"}],"about":[{"href":"https:\/\/www.europesays.com\/fi\/wp-json\/wp\/v2\/types\/post"}],"author":[{"embeddable":true,"href":"https:\/\/www.europesays.com\/fi\/wp-json\/wp\/v2\/users\/2"}],"replies":[{"embeddable":true,"href":"https:\/\/www.europesays.com\/fi\/wp-json\/wp\/v2\/comments?post=72967"}],"version-history":[{"count":0,"href":"https:\/\/www.europesays.com\/fi\/wp-json\/wp\/v2\/posts\/72967\/revisions"}],"wp:featuredmedia":[{"embeddable":true,"href":"https:\/\/www.europesays.com\/fi\/wp-json\/wp\/v2\/media\/72968"}],"wp:attachment":[{"href":"https:\/\/www.europesays.com\/fi\/wp-json\/wp\/v2\/media?parent=72967"}],"wp:term":[{"taxonomy":"category","embeddable":true,"href":"https:\/\/www.europesays.com\/fi\/wp-json\/wp\/v2\/categories?post=72967"},{"taxonomy":"post_tag","embeddable":true,"href":"https:\/\/www.europesays.com\/fi\/wp-json\/wp\/v2\/tags?post=72967"}],"curies":[{"name":"wp","href":"https:\/\/api.w.org\/{rel}","templated":true}]}}