{"id":72975,"date":"2025-10-26T19:42:08","date_gmt":"2025-10-26T19:42:08","guid":{"rendered":"https:\/\/www.europesays.com\/fi\/72975\/"},"modified":"2025-10-26T19:42:08","modified_gmt":"2025-10-26T19:42:08","slug":"selviytyjat-suomi-seitsemas-kilpailija-joutui-jattamaan-kisan","status":"publish","type":"post","link":"https:\/\/www.europesays.com\/fi\/72975\/","title":{"rendered":"Selviytyj\u00e4t Suomi: seitsem\u00e4s kilpailija joutui j\u00e4tt\u00e4m\u00e4\u00e4n kisan"},"content":{"rendered":"<p>Heimoneuvosto on j\u00e4lleen tehnyt p\u00e4\u00e4t\u00f6ksens\u00e4.<\/p>\n<p>Selviytyj\u00e4t-kilpailu on siirtynyt nyt yksil\u00f6kilpailuvaiheeseen. H\u00e4n oli ensimm\u00e4inen putoaja.Video: Selviytyj\u00e4t-kilpailu on siirtynyt nyt yksil\u00f6kilpailuvaiheeseen. H\u00e4n oli ensimm\u00e4inen putoaja.<\/p>\n<p class=\"article-body mb-nof-24 px-nof-16\">Selviytyj\u00e4t Suomi -sarjassa heimot ovat yhdistyneet ja kilpailu on siirtynyt yksil\u00f6kisavaiheeseen.<\/p>\n<p class=\"article-body mb-nof-24 px-nof-16\">Kilpailijoiden mukaan kuppikuntien muodostumista ei ole silti voitu v\u00e4ltt\u00e4\u00e4.<\/p>\n<p class=\"article-body mb-nof-24 px-nof-16\">Moni ihmettelee my\u00f6s, millaisia liittoja on en\u00e4\u00e4 j\u00e4ljell\u00e4 ja pit\u00e4v\u00e4tk\u00f6 vanhat lupaukset?<\/p>\n<p class=\"article-body mb-nof-24 px-nof-16\">\u00c4l\u00e4 lue artikkelia pidemm\u00e4lle, jos et halua n\u00e4hd\u00e4 juonipaljastuksia!<\/p>\n<p class=\"article-body mb-nof-24 px-nof-16\">Edellisen viikon \u00e4\u00e4nestys oli tiukka. <a class=\"article-personlink\" href=\"https:\/\/www.is.fi\/haku\/?query=Jeffrey\" rel=\"nofollow noopener\" target=\"_blank\">Jeffrey<\/a> oli vain yhden \u00e4\u00e4nen p\u00e4\u00e4ss\u00e4 kotiinl\u00e4hd\u00f6st\u00e4.<\/p>\n<p class=\"article-body mb-nof-24 px-nof-16\">Jeffrey toteaakin olevansa illan \u00e4\u00e4nestyksess\u00e4 valmiina aivan kaikkeen.<\/p>\n<p class=\"article-body mb-nof-24 px-nof-16\">Putoavasta kilpailijasta tulee tuomariston ensimm\u00e4inen j\u00e4sen.<\/p>\n<p class=\"article-body mb-nof-24 px-nof-16\">Tuomaristo seuraa jatkossa heimoneuvostoja ja tekee n\u00e4kem\u00e4ns\u00e4 ja kuulemansa perusteella lopulta ratkaisun koko kilpailun voittajasta.<\/p>\n<p class=\"article-body mb-nof-24 px-nof-16\">\u00c4\u00e4nestystulos oli lopulta selv\u00e4\u00e4kin selvempi. <a class=\"article-personlink\" href=\"https:\/\/www.is.fi\/haku\/?query=Saana%20B.\" rel=\"nofollow noopener\" target=\"_blank\">Saana B.<\/a> ja <a class=\"article-personlink\" href=\"https:\/\/www.is.fi\/haku\/?query=Anne-Mari\" rel=\"nofollow noopener\" target=\"_blank\">Anne-Mari<\/a> saivat vain yhden \u00e4\u00e4nen, kun Jeffrey ker\u00e4si \u00e4\u00e4ni\u00e4 per\u00e4ti viisi kappaletta.<\/p>\n<p class=\"article-body mb-nof-24 px-nof-16\">N\u00e4in h\u00e4nest\u00e4 tuli seitsem\u00e4s kilpailija, joka joutui j\u00e4tt\u00e4m\u00e4\u00e4n kisan.<\/p>\n<p class=\"article-body mb-nof-24 px-nof-16\">Jeffrey saapuu pudonneiden huvilalle, tutkii paikkoja ja istuu sohvalle.<\/p>\n<p class=\"article-body mb-nof-24 px-nof-16\">\u2013 Ilmastointi? T\u00e4\u00e4ll\u00e4 on kylm\u00e4. Wau. Toivottavasti ei haittaa t\u00e4m\u00e4 hain veri t\u00e4ss\u00e4 sohvalla, h\u00e4n t\u00e4r\u00e4ytt\u00e4\u00e4 heti k\u00e4rkeen.<\/p>\n<p class=\"article-body mb-nof-24 px-nof-16\">Jeffrey tiesi, ett\u00e4 h\u00e4nen pelins\u00e4 saattaisi p\u00e4\u00e4tty\u00e4.<\/p>\n<p class=\"article-body mb-nof-24 px-nof-16\">\u2013\u2009Edellinen heimoneuvosto, miss\u00e4 <a class=\"article-personlink\" href=\"https:\/\/www.is.fi\/haku\/?query=Tiina\" rel=\"nofollow noopener\" target=\"_blank\">Tiina<\/a> tippui, m\u00e4 sain semmoisen pienen vihin tai oikeastaan aika isonkin vihin, ett\u00e4 todenn\u00e4k\u00f6isesti munkin matka on aika kortilla t\u00e4\u00e4ll\u00e4, Jeffrey kertoo.<\/p>\n<p class=\"article-body mb-nof-24 px-nof-16\">\u2013\u2009Olin ehk\u00e4 v\u00e4h\u00e4n pettynyt itseeni, ett\u00e4 jotenkin en pystynyt k\u00e4\u00e4nt\u00e4m\u00e4\u00e4n sit\u00e4 tilannetta en\u00e4\u00e4 ymp\u00e4ri. Mutta kyll\u00e4 hyv\u00e4 fiilis loppupeleiss\u00e4 t\u00e4st\u00e4 varmasti j\u00e4\u00e4, mut kyll\u00e4 t\u00e4ll\u00e4 hetkell\u00e4 on tosi semmoinen surullinen, ja tuntuu silt\u00e4, et olis j\u00e4\u00e4nyt v\u00e4h\u00e4n pelit pelaamatta.<\/p>\n<p class=\"article-body nof-ui-body-medium mb-nof-24 px-nof-16\">Selviytyj\u00e4t Suomi sunnuntaisin Nelosella ja Ruudussa.<\/p>\n<p class=\"article-body nof-ui-body-medium mb-nof-24 px-nof-16\">IS, Nelonen ja Ruutu kuuluvat samaan Sanoma-konserniin.<\/p>\n","protected":false},"excerpt":{"rendered":"Heimoneuvosto on j\u00e4lleen tehnyt p\u00e4\u00e4t\u00f6ksens\u00e4. Selviytyj\u00e4t-kilpailu on siirtynyt nyt yksil\u00f6kilpailuvaiheeseen. H\u00e4n oli ensimm\u00e4inen putoaja.Video: Selviytyj\u00e4t-kilpailu on siirtynyt nyt&hellip;\n","protected":false},"author":2,"featured_media":72976,"comment_status":"","ping_status":"","sticky":false,"template":"","format":"standard","meta":{"footnotes":""},"categories":[133],"tags":[137,33,31,30,34,32,206,156,109],"class_list":{"0":"post-72975","1":"post","2":"type-post","3":"status-publish","4":"format-standard","5":"has-post-thumbnail","7":"category-televisiot","8":"tag-entertainment","9":"tag-fi","10":"tag-finland","11":"tag-finnish","12":"tag-ilta-sanomat","13":"tag-suomi","14":"tag-televisiot","15":"tag-tv","16":"tag-viihde"},"share_on_mastodon":{"url":"https:\/\/pubeurope.com\/@fi\/115442178079461308","error":""},"_links":{"self":[{"href":"https:\/\/www.europesays.com\/fi\/wp-json\/wp\/v2\/posts\/72975","targetHints":{"allow":["GET"]}}],"collection":[{"href":"https:\/\/www.europesays.com\/fi\/wp-json\/wp\/v2\/posts"}],"about":[{"href":"https:\/\/www.europesays.com\/fi\/wp-json\/wp\/v2\/types\/post"}],"author":[{"embeddable":true,"href":"https:\/\/www.europesays.com\/fi\/wp-json\/wp\/v2\/users\/2"}],"replies":[{"embeddable":true,"href":"https:\/\/www.europesays.com\/fi\/wp-json\/wp\/v2\/comments?post=72975"}],"version-history":[{"count":0,"href":"https:\/\/www.europesays.com\/fi\/wp-json\/wp\/v2\/posts\/72975\/revisions"}],"wp:featuredmedia":[{"embeddable":true,"href":"https:\/\/www.europesays.com\/fi\/wp-json\/wp\/v2\/media\/72976"}],"wp:attachment":[{"href":"https:\/\/www.europesays.com\/fi\/wp-json\/wp\/v2\/media?parent=72975"}],"wp:term":[{"taxonomy":"category","embeddable":true,"href":"https:\/\/www.europesays.com\/fi\/wp-json\/wp\/v2\/categories?post=72975"},{"taxonomy":"post_tag","embeddable":true,"href":"https:\/\/www.europesays.com\/fi\/wp-json\/wp\/v2\/tags?post=72975"}],"curies":[{"name":"wp","href":"https:\/\/api.w.org\/{rel}","templated":true}]}}