{"id":72977,"date":"2025-10-26T19:43:09","date_gmt":"2025-10-26T19:43:09","guid":{"rendered":"https:\/\/www.europesays.com\/fi\/72977\/"},"modified":"2025-10-26T19:43:09","modified_gmt":"2025-10-26T19:43:09","slug":"suomalainen-ex-teinitahti-tekee-yllatyspaluun-nyt-on-oikea-aika-new-articles","status":"publish","type":"post","link":"https:\/\/www.europesays.com\/fi\/72977\/","title":{"rendered":"Suomalainen ex-teinit\u00e4hti tekee yll\u00e4tyspaluun \u2013\u2009&#8221;Nyt on oikea aika&#8221; | New Articles"},"content":{"rendered":"<p>Menestyst\u00e4 2000-luvulla saavuttanut tamperelainen rap-artisti <strong>Raimssi<\/strong> tekee paluun 13 vuoden hiljaiselon j\u00e4lkeen ja julkaisee t\u00e4m\u00e4n viikon perjantaina uuden singlens\u00e4 Jonninjoutava suunsoittaja. Kappaleessa k\u00e4sitell\u00e4\u00e4n teini-i\u00e4ss\u00e4 valtakunnallisen huomion kohteeksi joutumisen varjopuolia.<\/p>\n<p>\u2013 Jonninjoutavassa suunsoittajassa puhuu nuori Raimssi, joka l\u00f6ysi ehk\u00e4 hieman liian varhain itsens\u00e4 julkisuuden valokeilasta. Nyt aika on oikea, Raimssi eli <strong>Teppo Sola<\/strong>, nyt 37, sanoo tiedotteessa.<\/p>\n<p>Yll\u00e4tyspaluu on her\u00e4tt\u00e4nyt ihmisiss\u00e4 paljon hyv\u00e4\u00e4 mielt\u00e4. Innostuneiden joukossa on ollut muun muassa mediapersoona <strong>K\u00f6pi Kallio<\/strong>, joka on k\u00e4ytt\u00e4nyt Raimssin musiikkia stand up -kiertueensa markkinoinnissa.<\/p>\n<p>\t\t<a class=\"diks-gallery__link\" href=\"https:\/\/i.media.fi\/incoming\/md9yg6\/4266313.jpg\/alternates\/FREE_1440\/4266313.jpg\" data-thumbnail=\"\" data-sub-html=\"Vuonna 2003 Raimssi oli 15-vuotiaana r\u00e4pp\u00e4rin\u00e4 Suomessa harvinaisuus. viljami salminen\" aria-label=\"Katso isompi kuva\" rel=\"nofollow noopener\" target=\"_blank\"><br \/>\n\t\t\t\t<img class=\"diks-figure__image\" src=\"https:\/\/www.europesays.com\/fi\/wp-content\/uploads\/2025\/10\/4266313.jpg\" loading=\"lazy\" decoding=\"sync\" alt=\"\"\/><\/p>\n<p>\t\t\t<\/a><br \/>\n\t\t\t\t\tVuonna 2003 Raimssi oli 15-vuotiaana r\u00e4pp\u00e4rin\u00e4 Suomessa harvinaisuus. viljami salminen<\/p>\n<p>Nuorena <strong>Juice Leskisen<\/strong> lyriikasta inspiroitunut Sola tunnetaan lahjakkaana, omaper\u00e4isen\u00e4 ja teknisesti taitavana riimien kirjoittajana. H\u00e4n on osallistunut viime vuosina muun muassa <strong>Petri Nyg\u00e5rdin<\/strong> kappaleiden tekemiseen.<\/p>\n<p>Nykyisin Teppo Sola on ammatiltaan psykologi ja h\u00e4nell\u00e4 on kolme alle kouluik\u00e4ist\u00e4 lasta.<\/p>\n<p>Juttu jatkuu kuvan j\u00e4lkeen.<\/p>\n<p>\t\t<a class=\"diks-gallery__link\" href=\"https:\/\/i.media.fi\/incoming\/vuoad3\/11111742.jpg\/alternates\/FREE_1440\/11111742.jpg\" data-thumbnail=\"\" data-sub-html=\"Teppo Sola on syntynyt vuonna 1988. Raimssin mediakuva\" aria-label=\"Katso isompi kuva\" rel=\"nofollow noopener\" target=\"_blank\"><br \/>\n\t\t\t\t<img class=\"diks-figure__image\" src=\"https:\/\/www.europesays.com\/fi\/wp-content\/uploads\/2025\/10\/11111742.jpg\" loading=\"lazy\" decoding=\"sync\" alt=\"\"\/><\/p>\n<p>\t\t\t<\/a><br \/>\n\t\t\t\t\tTeppo Sola on syntynyt vuonna 1988. Raimssin mediakuva<\/p>\n<p><strong class=\"diks-storyline__impact\">Raimssi <\/strong>nousi 2000-luvun alussa tietoisuuteen julkaisemalla Open Recordsin \/ EMI Finlandin kautta debyyttisinglens\u00e4 Koti, joka oli Suomen virallisella singlelistalla yht\u00e4jaksoisesti kahdeksan viikkoa.<\/p>\n<p>Seuraava single \u00c4\u00e4nen kuulen nousi parhaimmillaan listan sijalle 4. Suosiota kasvatti my\u00f6s yhteisty\u00f6 <strong>Pikku G:n <\/strong>kanssa kappaleella Nuoret ritarit.<\/p>\n<p>\t\t<a class=\"diks-gallery__link\" href=\"https:\/\/i.media.fi\/incoming\/54ops2\/11112001.jpg\/alternates\/FREE_1440\/11112001.jpg\" data-thumbnail=\"\" data-sub-html=\"2000-luvun alussa Raimssin levyj\u00e4 saattoi p\u00e4\u00e4ty\u00e4 tavaratalojen alennuskoriin vain muutamien kymmenien senttien hinnoilla. Helsinkil\u00e4isess\u00e4 levykaupassa Raimssin vanhat omakustanteet ovat nousset ker\u00e4ilyhintoihin. Fleminginkadun Goosebumbs Records on kirjoittanut levyn kanteen, ett\u00e4 kyseess\u00e4 on todellinen harvinaisuus. Aapo Siippainen\" aria-label=\"Katso isompi kuva\" rel=\"nofollow noopener\" target=\"_blank\"><br \/>\n\t\t\t\t<img class=\"diks-figure__image\" src=\"https:\/\/www.europesays.com\/fi\/wp-content\/uploads\/2025\/10\/11112001.jpg\" loading=\"lazy\" decoding=\"sync\" alt=\"\"\/><\/p>\n<p>\t\t\t<\/a><br \/>\n\t\t\t\t\t2000-luvun alussa Raimssin levyj\u00e4 saattoi p\u00e4\u00e4ty\u00e4 tavaratalojen alennuskoriin vain muutamien kymmenien senttien hinnoilla. Helsinkil\u00e4isess\u00e4 levykaupassa Raimssin vanhat omakustanteet ovat nousset ker\u00e4ilyhintoihin. Fleminginkadun Goosebumbs Records on kirjoittanut levyn kanteen, ett\u00e4 kyseess\u00e4 on todellinen harvinaisuus. Aapo Siippainen<\/p>\n<p>Vuonna 2006 julkaistu kriitikoiden kehuma albumi Neron taakka sis\u00e4lsi Syntynyt Tampereelle -singlen, joka soi edelleen aktiivisesti suoratoistopalveluissa ja on muodostunut klassikoksi kotikaupungista kertovana hiphop-kappaleena.<\/p>\n<p>2010-luvun alussa Raimssi vaihtoi artistinimeksi Rajpe ja julkaisi kappaleet Avaruusmatka sek\u00e4 Tempaus. Albumi Muija l\u00e4hti ja talo palo \u00e4\u00e4nitettiin loppuun, mutta sit\u00e4 ei julkaistu koskaan virallisesti.<\/p>\n<p>Tammikuussa 2026 tulee ulos Raimssin albumi Vaihdokas, joka on h\u00e4nen ensimm\u00e4inen kokopitk\u00e4ns\u00e4 vuoden 2008 j\u00e4lkeen. Tulevalla albumilla k\u00e4sitell\u00e4\u00e4n introspektiivisesti Raimssin identiteetin muutosta nuoresta suuntaa vailla olevasta r\u00e4pp\u00e4rist\u00e4 automarketteja kiert\u00e4v\u00e4ksi perheenis\u00e4ksi.<\/p>\n","protected":false},"excerpt":{"rendered":"Menestyst\u00e4 2000-luvulla saavuttanut tamperelainen rap-artisti Raimssi tekee paluun 13 vuoden hiljaiselon j\u00e4lkeen ja julkaisee t\u00e4m\u00e4n viikon perjantaina uuden&hellip;\n","protected":false},"author":2,"featured_media":72978,"comment_status":"","ping_status":"","sticky":false,"template":"","format":"standard","meta":{"footnotes":""},"categories":[132],"tags":[138,137,33,31,30,101,763,195,47,141,98,32,397,484,109],"class_list":{"0":"post-72977","1":"post","2":"type-post","3":"status-publish","4":"format-standard","5":"has-post-thumbnail","7":"category-musiikki","8":"tag-audio","9":"tag-entertainment","10":"tag-fi","11":"tag-finland","12":"tag-finnish","13":"tag-ihmissuhteet","14":"tag-kulttuuri-ja-viihde","15":"tag-music","16":"tag-musiikki","17":"tag-muusikot-bandit","18":"tag-perhe","19":"tag-suomi","20":"tag-taide","21":"tag-taiteellinen-ilmaisu-ja-mediat","22":"tag-viihde"},"share_on_mastodon":{"url":"https:\/\/pubeurope.com\/@fi\/115442182889946389","error":""},"_links":{"self":[{"href":"https:\/\/www.europesays.com\/fi\/wp-json\/wp\/v2\/posts\/72977","targetHints":{"allow":["GET"]}}],"collection":[{"href":"https:\/\/www.europesays.com\/fi\/wp-json\/wp\/v2\/posts"}],"about":[{"href":"https:\/\/www.europesays.com\/fi\/wp-json\/wp\/v2\/types\/post"}],"author":[{"embeddable":true,"href":"https:\/\/www.europesays.com\/fi\/wp-json\/wp\/v2\/users\/2"}],"replies":[{"embeddable":true,"href":"https:\/\/www.europesays.com\/fi\/wp-json\/wp\/v2\/comments?post=72977"}],"version-history":[{"count":0,"href":"https:\/\/www.europesays.com\/fi\/wp-json\/wp\/v2\/posts\/72977\/revisions"}],"wp:featuredmedia":[{"embeddable":true,"href":"https:\/\/www.europesays.com\/fi\/wp-json\/wp\/v2\/media\/72978"}],"wp:attachment":[{"href":"https:\/\/www.europesays.com\/fi\/wp-json\/wp\/v2\/media?parent=72977"}],"wp:term":[{"taxonomy":"category","embeddable":true,"href":"https:\/\/www.europesays.com\/fi\/wp-json\/wp\/v2\/categories?post=72977"},{"taxonomy":"post_tag","embeddable":true,"href":"https:\/\/www.europesays.com\/fi\/wp-json\/wp\/v2\/tags?post=72977"}],"curies":[{"name":"wp","href":"https:\/\/api.w.org\/{rel}","templated":true}]}}