{"id":72997,"date":"2025-10-26T20:08:07","date_gmt":"2025-10-26T20:08:07","guid":{"rendered":"https:\/\/www.europesays.com\/fi\/72997\/"},"modified":"2025-10-26T20:08:07","modified_gmt":"2025-10-26T20:08:07","slug":"nain-vappu-pimia-selviaa-tunteikkaasta-lahetyksesta-romahtamatta","status":"publish","type":"post","link":"https:\/\/www.europesays.com\/fi\/72997\/","title":{"rendered":"N\u00e4in Vappu Pimi\u00e4 selvi\u00e4\u00e4 tunteikkaasta l\u00e4hetyksest\u00e4 romahtamatta"},"content":{"rendered":"<p><strong class=\"typography-bold\">Tanssii T\u00e4htien Kanssa -l\u00e4hetyksess\u00e4 n\u00e4htiin suuria tunteita.\u00a0<\/strong><\/p>\n<p><a class=\"underline\" data-testid=\"external-link\" href=\"https:\/\/www.mtvuutiset.fi\/aihe\/tanssii-tahtien-kanssa\/2839810\" rel=\"noopener noreferrer nofollow\" target=\"_blank\" data-sentry-component=\"ExternalLink\" data-sentry-source-file=\"ExternalLink.tsx\">Tanssii T\u00e4htien Kanssa<\/a>\u00a0-sarjassa n\u00e4htiin 26. lokakuuta perinteinen Roosa nauha -erikoisjakso.\u00a0<\/p>\n<p>MTV Uutiset on paikan p\u00e4\u00e4ll\u00e4 haastattelemassa kilpailijoita ja t\u00e4hti\u00e4 suoran l\u00e4hetyksen p\u00e4\u00e4tytty\u00e4. TTK:n erikoisjakson aikana ker\u00e4ttiin yhteens\u00e4 2,2 miljoonaa euroa sy\u00f6p\u00e4tutkimukselle.<\/p>\n<p>Illan aikana n\u00e4htiin my\u00f6s t\u00e4htiparien tanssien lis\u00e4ksi musiikkiesityksi\u00e4 sek\u00e4 tarinoita sy\u00f6v\u00e4st\u00e4, jotka her\u00e4ttiv\u00e4t yleis\u00f6ss\u00e4 tunteita. Juontaja <strong class=\"typography-bold\">Vappu Pimi\u00e4n<\/strong> silm\u00e4kulmatkaan eiv\u00e4t pysyneet kuivina.\u00a0<\/p>\n<p>\u2013 Aina ei pysy, ehk\u00e4 n\u00e4kyikin t\u00e4n\u00e4\u00e4n. Ollaan ihmisi\u00e4 kuitenkin. Itsekin kun kahden lapsen \u00e4iti olen, t\u00e4llaiset lapsiasiat ovat sellaisia, jotka koskettavat ihan valtavasti, h\u00e4n sanoo MTV Uutisille.\u00a0<\/p>\n<p>H\u00e4n kertoo kuitenkin olevan keinoja, jottei h\u00e4n romahda totaalisesti.\u00a0<\/p>\n<p>\u2013 Tuottaja saattaa v\u00e4lill\u00e4, jopa kertoa minulle vitsej\u00e4 korvaan. Katson kaikki insertit etuk\u00e4teen ja itken ne itkut etuk\u00e4teen, h\u00e4n avaa.\u00a0<\/p>\n<p>Lue lis\u00e4\u00e4: <a class=\"underline\" data-testid=\"internal-link\" role=\"link\" data-sentry-element=\"Link\" data-sentry-component=\"InternalLink\" data-sentry-source-file=\"InternalLink.tsx\" href=\"https:\/\/www.mtvuutiset.fi\/artikkeli\/mtv-uutiset-ttk-n-punaisella-matolla-katso-tasta-kutsuvieraiden-haastattelut\/9238402\" rel=\"nofollow noopener\" target=\"_blank\">N\u00e4m\u00e4 julkkikset saapuvat seuraamaan TTK-l\u00e4hetyst\u00e4 \u2013 MTV Uutiset punaiselle matolla<\/a><\/p>\n","protected":false},"excerpt":{"rendered":"Tanssii T\u00e4htien Kanssa -l\u00e4hetyksess\u00e4 n\u00e4htiin suuria tunteita.\u00a0 Tanssii T\u00e4htien Kanssa\u00a0-sarjassa n\u00e4htiin 26. lokakuuta perinteinen Roosa nauha -erikoisjakso.\u00a0 MTV&hellip;\n","protected":false},"author":2,"featured_media":72998,"comment_status":"","ping_status":"","sticky":false,"template":"","format":"standard","meta":{"footnotes":""},"categories":[133],"tags":[137,33,31,30,32,206,156,109],"class_list":{"0":"post-72997","1":"post","2":"type-post","3":"status-publish","4":"format-standard","5":"has-post-thumbnail","7":"category-televisiot","8":"tag-entertainment","9":"tag-fi","10":"tag-finland","11":"tag-finnish","12":"tag-suomi","13":"tag-televisiot","14":"tag-tv","15":"tag-viihde"},"share_on_mastodon":{"url":"https:\/\/pubeurope.com\/@fi\/115442280266356176","error":""},"_links":{"self":[{"href":"https:\/\/www.europesays.com\/fi\/wp-json\/wp\/v2\/posts\/72997","targetHints":{"allow":["GET"]}}],"collection":[{"href":"https:\/\/www.europesays.com\/fi\/wp-json\/wp\/v2\/posts"}],"about":[{"href":"https:\/\/www.europesays.com\/fi\/wp-json\/wp\/v2\/types\/post"}],"author":[{"embeddable":true,"href":"https:\/\/www.europesays.com\/fi\/wp-json\/wp\/v2\/users\/2"}],"replies":[{"embeddable":true,"href":"https:\/\/www.europesays.com\/fi\/wp-json\/wp\/v2\/comments?post=72997"}],"version-history":[{"count":0,"href":"https:\/\/www.europesays.com\/fi\/wp-json\/wp\/v2\/posts\/72997\/revisions"}],"wp:featuredmedia":[{"embeddable":true,"href":"https:\/\/www.europesays.com\/fi\/wp-json\/wp\/v2\/media\/72998"}],"wp:attachment":[{"href":"https:\/\/www.europesays.com\/fi\/wp-json\/wp\/v2\/media?parent=72997"}],"wp:term":[{"taxonomy":"category","embeddable":true,"href":"https:\/\/www.europesays.com\/fi\/wp-json\/wp\/v2\/categories?post=72997"},{"taxonomy":"post_tag","embeddable":true,"href":"https:\/\/www.europesays.com\/fi\/wp-json\/wp\/v2\/tags?post=72997"}],"curies":[{"name":"wp","href":"https:\/\/api.w.org\/{rel}","templated":true}]}}