{"id":73215,"date":"2025-10-27T02:47:07","date_gmt":"2025-10-27T02:47:07","guid":{"rendered":"https:\/\/www.europesays.com\/fi\/73215\/"},"modified":"2025-10-27T02:47:07","modified_gmt":"2025-10-27T02:47:07","slug":"japanin-ja-etela-korean-porsseissa-ennatyslukemia-yle","status":"publish","type":"post","link":"https:\/\/www.europesays.com\/fi\/73215\/","title":{"rendered":"Japanin ja Etel\u00e4-Korean p\u00f6rsseiss\u00e4 enn\u00e4tyslukemia &#8211; Yle"},"content":{"rendered":"<ol>\n<li><a href=\"https:\/\/news.google.com\/rss\/articles\/CBMiQkFVX3lxTE1Xdm81ODkwbWdMN2dkcVM0ZmVrZTdFckdHaFBxMEZrUnZ6eU5BYW42VkFHWTRYWFNvMjVqdnhwdEx3UQ?oc=5\" target=\"_blank\" rel=\"nofollow noopener\">Japanin ja Etel\u00e4-Korean p\u00f6rsseiss\u00e4 enn\u00e4tyslukemia<\/a>&nbsp;&nbsp;Yle<\/li>\n<li><a href=\"https:\/\/news.google.com\/rss\/articles\/CBMifkFVX3lxTE1zTFRrQ19KM0liUnJlSUNCSkUyUzI0WGgtYm9ydjd2SlpwQnZacWRLaHAteHpRRkxSNFQ0NG9KTmlnU1ZJcVYtZHNleGZZcGtfWE9LNEZVcU13cERhM2kxRkhKTmQyN3lobG5YdXJqa25fczhEa1NHWE9NaUxiZw?oc=5\" target=\"_blank\" rel=\"nofollow noopener\">MARKKINAT: Aasiassa osakekurssit nousevat \u2013 Uusia enn\u00e4tyksi\u00e4 ly\u00f6d\u00e4\u00e4n<\/a>&nbsp;&nbsp;Kauppalehti<\/li>\n<li><a href=\"https:\/\/news.google.com\/rss\/articles\/CBMikgFBVV95cUxQXy1IZ3YtLVBZOTdXVjJVTVVOWmJ3Vmhsc1NURDRSaXRnN3VUTUF3NkRPbGVPWEdWdHA2b1Q1WWZjZ2FYdWVZblJoRUdqRDdlZlczSHpXaUVwenE0emhGVVpRVy1tZW9tQWtoLVBZWlEyMlVSZ09wRlZELV8ycVRfWENPdDVwamVheUxGUDVjaVpnZw?oc=5\" target=\"_blank\" rel=\"nofollow noopener\">Nikkei 225 nousee 49 299:\u00e4\u00e4n, kun teko\u00e4lyn optimismi ja poliittinen tuki nostavat osakkeita<\/a>&nbsp;&nbsp;Traders Union<\/li>\n<li><a href=\"https:\/\/news.google.com\/rss\/articles\/CBMinAFBVV95cUxOMk9vdldPcDJZTi1BTF9YSWJmN3Fqalk1dmJvOFpRcUhZSVAtTGQ1YU5rTFJHOXhOYkxwWnpDMVBSNk0xRExpVThQbGpUai1iMDI5QmdlWE5GNUwyRWZjMWtaZENpTG5WNEJ2S3FNdi04OWI3Z0ZNOTc4X3l4RmktT292VGJ6WkxYeTVIQmlzX0R3QVZzX0hsOWRRM2w?oc=5\" target=\"_blank\" rel=\"nofollow noopener\">T\u00e4st\u00e4 syyst\u00e4 blue-chip Hang Seng -indeksi nousee t\u00e4n\u00e4\u00e4n<\/a>&nbsp;&nbsp;Invezz<\/li>\n<li><a href=\"https:\/\/news.google.com\/rss\/articles\/CBMifkFVX3lxTE56bzRiVllHVzNEbDBiMG02QkJUN0pzQmw4OUhfRVZYdTgxTFlNdzV0SzU3R3NHMmR0bDZTN2VGSjA3V0tMZEF2YXBlZXhjTzFiMFZkMWd0c20wT0RiVDRnbXZWeklPV3F1V1F6RVJHVll4dG9ZZUdVOXN3Um9Edw?oc=5\" target=\"_blank\" rel=\"nofollow noopener\">MARKKINAT: Aasiassa osakekurssit nousevat Kiinan bkt-tilastoista huolimatta \u2013 Eurooppaan ja Yhdysvaltoihin odotetaan nousuavausta<\/a>&nbsp;&nbsp;Kauppalehti<\/li>\n<\/ol>\n","protected":false},"excerpt":{"rendered":"Japanin ja Etel\u00e4-Korean p\u00f6rsseiss\u00e4 enn\u00e4tyslukemia&nbsp;&nbsp;Yle MARKKINAT: Aasiassa osakekurssit nousevat \u2013 Uusia enn\u00e4tyksi\u00e4 ly\u00f6d\u00e4\u00e4n&nbsp;&nbsp;Kauppalehti Nikkei 225 nousee 49 299:\u00e4\u00e4n,&hellip;\n","protected":false},"author":2,"featured_media":73216,"comment_status":"","ping_status":"","sticky":false,"template":"","format":"standard","meta":{"footnotes":""},"categories":[76],"tags":[15933,79,77,1420,33,31,30,1343,1892,32,78,15932,56],"class_list":{"0":"post-73215","1":"post","2":"type-post","3":"status-publish","4":"format-standard","5":"has-post-thumbnail","7":"category-talous","8":"tag-aasian-porssit","9":"tag-business","10":"tag-economy","11":"tag-etela-korea","12":"tag-fi","13":"tag-finland","14":"tag-finnish","15":"tag-japani","16":"tag-porssit","17":"tag-suomi","18":"tag-talous","19":"tag-tokion-porssi","20":"tag-ulkomaat"},"share_on_mastodon":{"url":"https:\/\/pubeurope.com\/@fi\/115443849228601816","error":""},"_links":{"self":[{"href":"https:\/\/www.europesays.com\/fi\/wp-json\/wp\/v2\/posts\/73215","targetHints":{"allow":["GET"]}}],"collection":[{"href":"https:\/\/www.europesays.com\/fi\/wp-json\/wp\/v2\/posts"}],"about":[{"href":"https:\/\/www.europesays.com\/fi\/wp-json\/wp\/v2\/types\/post"}],"author":[{"embeddable":true,"href":"https:\/\/www.europesays.com\/fi\/wp-json\/wp\/v2\/users\/2"}],"replies":[{"embeddable":true,"href":"https:\/\/www.europesays.com\/fi\/wp-json\/wp\/v2\/comments?post=73215"}],"version-history":[{"count":0,"href":"https:\/\/www.europesays.com\/fi\/wp-json\/wp\/v2\/posts\/73215\/revisions"}],"wp:featuredmedia":[{"embeddable":true,"href":"https:\/\/www.europesays.com\/fi\/wp-json\/wp\/v2\/media\/73216"}],"wp:attachment":[{"href":"https:\/\/www.europesays.com\/fi\/wp-json\/wp\/v2\/media?parent=73215"}],"wp:term":[{"taxonomy":"category","embeddable":true,"href":"https:\/\/www.europesays.com\/fi\/wp-json\/wp\/v2\/categories?post=73215"},{"taxonomy":"post_tag","embeddable":true,"href":"https:\/\/www.europesays.com\/fi\/wp-json\/wp\/v2\/tags?post=73215"}],"curies":[{"name":"wp","href":"https:\/\/api.w.org\/{rel}","templated":true}]}}