{"id":73300,"date":"2025-10-27T05:23:07","date_gmt":"2025-10-27T05:23:07","guid":{"rendered":"https:\/\/www.europesays.com\/fi\/73300\/"},"modified":"2025-10-27T05:23:07","modified_gmt":"2025-10-27T05:23:07","slug":"yli-8-000-lentoa-viivastyi-yhdysvalloissa-sunnuntaina-lennonjohtajien-poissaolot-jatkuvat-uutisia-lyhyesti","status":"publish","type":"post","link":"https:\/\/www.europesays.com\/fi\/73300\/","title":{"rendered":"Yli 8 000 lentoa viiv\u00e4styi Yhdysvalloissa sunnuntaina \u2013 lennonjohtajien poissaolot jatkuvat | Uutisia lyhyesti"},"content":{"rendered":"<p class=\"aw-1gybjub aw-1p7kakr ghpEtB jtovHP yle__article__paragraph\">Yhdysvalloissa yli 8 000 lentoa viiv\u00e4styi sunnuntaina, kun lennonjohtajien poissaolot jatkuivat ja liittovaltion hallinnon sulku venyi jo 26. p\u00e4iv\u00e4\u00e4n.<\/p>\n<p class=\"aw-1gybjub aw-1p7kakr ghpEtB jtovHP yle__article__paragraph\">Liikenneministeri <strong class=\"aw-ak79eh KyCXm yle__article__strong\">Sean Duffy<\/strong> kertoi, ett\u00e4 liittovaltion ilmailuvirasto (FAA) k\u00e4rsi viikonloppuna lennonjohdon henkil\u00f6st\u00f6pulasta 22 eri toimipaikassa.<\/p>\n<p class=\"aw-1gybjub aw-1p7kakr ghpEtB jtovHP yle__article__paragraph\">Duffyn mukaan henkil\u00f6st\u00f6vajeet johtavat todenn\u00e4k\u00f6isesti uusiin lentojen viiv\u00e4styksiin ja peruutuksiin my\u00f6s tulevina p\u00e4ivin\u00e4.<\/p>\n<p class=\"aw-1gybjub aw-1p7kakr ghpEtB jtovHP yle__article__paragraph\">L\u00e4hde: Reuters<\/p>\n","protected":false},"excerpt":{"rendered":"Yhdysvalloissa yli 8 000 lentoa viiv\u00e4styi sunnuntaina, kun lennonjohtajien poissaolot jatkuivat ja liittovaltion hallinnon sulku venyi jo 26.&hellip;\n","protected":false},"author":2,"featured_media":74,"comment_status":"","ping_status":"","sticky":false,"template":"","format":"standard","meta":{"footnotes":""},"categories":[76],"tags":[79,77,33,31,30,1224,32,78,56,619],"class_list":{"0":"post-73300","1":"post","2":"type-post","3":"status-publish","4":"format-standard","5":"has-post-thumbnail","7":"category-talous","8":"tag-business","9":"tag-economy","10":"tag-fi","11":"tag-finland","12":"tag-finnish","13":"tag-lentoliikenne","14":"tag-suomi","15":"tag-talous","16":"tag-ulkomaat","17":"tag-yhdysvallat"},"share_on_mastodon":{"url":"https:\/\/pubeurope.com\/@fi\/115444462657729959","error":""},"_links":{"self":[{"href":"https:\/\/www.europesays.com\/fi\/wp-json\/wp\/v2\/posts\/73300","targetHints":{"allow":["GET"]}}],"collection":[{"href":"https:\/\/www.europesays.com\/fi\/wp-json\/wp\/v2\/posts"}],"about":[{"href":"https:\/\/www.europesays.com\/fi\/wp-json\/wp\/v2\/types\/post"}],"author":[{"embeddable":true,"href":"https:\/\/www.europesays.com\/fi\/wp-json\/wp\/v2\/users\/2"}],"replies":[{"embeddable":true,"href":"https:\/\/www.europesays.com\/fi\/wp-json\/wp\/v2\/comments?post=73300"}],"version-history":[{"count":0,"href":"https:\/\/www.europesays.com\/fi\/wp-json\/wp\/v2\/posts\/73300\/revisions"}],"wp:featuredmedia":[{"embeddable":true,"href":"https:\/\/www.europesays.com\/fi\/wp-json\/wp\/v2\/media\/74"}],"wp:attachment":[{"href":"https:\/\/www.europesays.com\/fi\/wp-json\/wp\/v2\/media?parent=73300"}],"wp:term":[{"taxonomy":"category","embeddable":true,"href":"https:\/\/www.europesays.com\/fi\/wp-json\/wp\/v2\/categories?post=73300"},{"taxonomy":"post_tag","embeddable":true,"href":"https:\/\/www.europesays.com\/fi\/wp-json\/wp\/v2\/tags?post=73300"}],"curies":[{"name":"wp","href":"https:\/\/api.w.org\/{rel}","templated":true}]}}