{"id":73488,"date":"2025-10-27T09:58:11","date_gmt":"2025-10-27T09:58:11","guid":{"rendered":"https:\/\/www.europesays.com\/fi\/73488\/"},"modified":"2025-10-27T09:58:11","modified_gmt":"2025-10-27T09:58:11","slug":"mitka-samsung-laitteet-saivat-uuden-paivityksen-viikko-43-2025-samsung-magazine","status":"publish","type":"post","link":"https:\/\/www.europesays.com\/fi\/73488\/","title":{"rendered":"Mitk\u00e4 Samsung-laitteet saivat uuden p\u00e4ivityksen (viikko 43, 2025) \u2013 Samsung Magazine"},"content":{"rendered":"<p class=\"gt-block\">T\u00e4ss\u00e4 on luettelo Samsungin laitteista, joka sai ohjelmistop\u00e4ivityksen 20.\u201324. lokakuuta. Tarkemmin sanottuna kyse on noin Galaxy S21 FE, Galaxy A53 5G, Galaxy A33 5G, Galaxy Tab S6 Lite (2024) Galaxy Watch7, Galaxy Z Fold7, Galaxy Z Flip7, Galaxy S25 FE, Galaxy A56, Galaxy S21, Galaxy S20 FE 5G a Galaxy A05 4G.<\/p>\n<p class=\"gt-block\">puhelimissa Galaxy S21 FE, Galaxy A53 5G, Galaxy A33 5G, tabletti Galaxy Tab S6 Lite (2024) ja \u00e4lykellot Galaxy Watch7 Samsung on alkanut julkaista vakaata p\u00e4ivityst\u00e4 One UI 8. U Galaxy S21 FE sis\u00e4lt\u00e4\u00e4 laiteohjelmistoversion<strong> G990EXXUIHYJ2<\/strong> ja oli ensimm\u00e4inen, joka saapui Vietnamiin ja Thaimaahan Galaxy A53 5G versio <strong>A536BXXUHGYI9<\/strong> ja Etel\u00e4-Koreasta se levisi Eurooppaan, Galaxy A33 5G versio <strong>A336BXXUEGYI8<\/strong> ja on t\u00e4ll\u00e4 hetkell\u00e4 saatavilla my\u00f6s Euroopassa osoitteessa Galaxy Tab S6 Lite (2024) versio <strong>P625XXU6CYJ5<\/strong> ja ilmestyi ensimm\u00e4isen kerran useissa Aasian maissa, kuten Vietnamissa, Filippiineill\u00e4, Malesiassa ja Thaimaassa, ja Galaxy Watch7 versio, joka p\u00e4\u00e4ttyy numeroihin <strong>BY14<\/strong> ja Etel\u00e4-Koreasta se p\u00e4\u00e4si globaaleille markkinoille.<\/p>\n<p class=\"gt-block\">Mit\u00e4 tulee puhelimiin Galaxy Z Fold7, Galaxy Z Flip7, Galaxy S25 FE, Galaxy A56, Galaxy S21, Galaxy S20 FE 5G a Galaxy A05 4G, he ovat alkaneet vastaanottaa lokakuun tietoturvakorjausta. U Galaxy Z Foldu7 sis\u00e4lt\u00e4\u00e4 laiteohjelmistoversion <strong>F966NKSS5AYJ3<\/strong> ja oli ensimm\u00e4inen, joka saapui Etel\u00e4-Koreaan klo Galaxy Z Flipu7-versio, joka p\u00e4\u00e4ttyy <strong>AYJ3<\/strong> ja oli ensimm\u00e4inen, joka &#8221;laskeutui&#8221; Samsungin kotimaahan, Galaxy S25 FE versio <strong>S731BXXS2AYID<\/strong> ja se oli ensimm\u00e4isen\u00e4 saatavilla Euroopassa ja Turkissa klo Galaxy A56 versio <strong>A566BXXU6BYIF<\/strong> ja oli ensimm\u00e4inen, joka saavutti Euroopan ja Turkin useiden Galaxy S21-versio, joka p\u00e4\u00e4ttyy numeroon <strong>HYJ1<\/strong> ja oli ensimm\u00e4inen, joka saapui joihinkin Aasian maihin, kuten Vietnamiin, Thaimaahan, Malesiaan, Filippiineille ja Indonesiaan, klo Galaxy S20 FE versio <strong>G781NKSSDGYJ1<\/strong> ja ilmestyi ensimm\u00e4isen kerran Etel\u00e4-Koreassa Galaxy A05 4G versio <strong>A055FXXSBDYJ2<\/strong> ja se tuli ensimm\u00e4isen kerran saataville Irakissa, Saudi-Arabiassa ja Egyptiss\u00e4.<\/p>\n<p>                                <a href=\"https:\/\/samsungmagazine.eu\/fi\/2025\/10\/16\/expert-raw-rijnova-aktualizace-resi-problemy\/\" class=\"thumbnail\" title=\"Asiantuntijan jilukasema RAW-lokakuun utsaris korjas utsariskan mukanaan tuomat ongelmaomat. One UI 8. Mutta eiv\u00e4t kaikki\" rel=\"nofollow noopener\" target=\"_blank\"><\/p>\n<p>    <img decoding=\"async\" class=\"lazyload landscape \"  data- src=\"https:\/\/www.europesays.com\/fi\/wp-content\/uploads\/2025\/10\/Expert-RAW-cover-1.jpg\" title=\"Asiantunteva RAW-kansi\" alt=\"Asiantunteva RAW-kansi\" data-caption=\"\" data-orig-width=\"1900\" data-orig-height=\"1425\"\/><br \/>\n                    <\/a><\/p>\n<p class=\"gt-block\">Lokakuun tietoturvap\u00e4ivitys korjaa yhteens\u00e4 34 haavoittuvuutta, joista Google toimitti 14 ja Samsung loput. Yksik\u00e4\u00e4n korjauksista ei ollut kriittinen, &#8221;vain&#8221; eritt\u00e4in vaarallinen.<\/p>\n<p class=\"gt-block\">Korealainen j\u00e4ttil\u00e4inen korjasi ohjelmistossaan olleen virheen esimerkiksi ty\u00f6p\u00f6yt\u00e4tilassa <strong>DEX<\/strong>, jonka avulla hy\u00f6kk\u00e4\u00e4j\u00e4t p\u00e4\u00e4siv\u00e4t k\u00e4siksi \u00e4skett\u00e4in avattujen sovellusten luetteloon, mik\u00e4 on haavoittuvuus Galaxy Watch, joka paljasti arkaluonteisia tietoja turvattoman tiedontallennuksen tai Samsungin keskeisten komponenttien, kuten Yhteystietojen, virheiden vuoksi. KnoxVartija ja Knox Yritystason hy\u00f6kk\u00e4\u00e4j\u00e4t voivat k\u00e4ytt\u00e4\u00e4 useiden k\u00e4ytt\u00e4j\u00e4profiilien tietoja, v\u00e4\u00e4rink\u00e4ytt\u00e4\u00e4 etuoikeutettuja API-rajapintoja tai suorittaa mielivaltaista koodia. My\u00f6s sormenj\u00e4lkitunnistukseen liittyv\u00e4 vakava ongelma on ratkaistu.<\/p>\n","protected":false},"excerpt":{"rendered":"T\u00e4ss\u00e4 on luettelo Samsungin laitteista, joka sai ohjelmistop\u00e4ivityksen 20.\u201324. lokakuuta. Tarkemmin sanottuna kyse on noin Galaxy S21 FE,&hellip;\n","protected":false},"author":2,"featured_media":1627,"comment_status":"","ping_status":"","sticky":false,"template":"","format":"standard","meta":{"footnotes":""},"categories":[86],"tags":[420,33,31,30,421,32,91,92],"class_list":{"0":"post-73488","1":"post","2":"type-post","3":"status-publish","4":"format-standard","5":"has-post-thumbnail","7":"category-laitteet","8":"tag-equipment","9":"tag-fi","10":"tag-finland","11":"tag-finnish","12":"tag-laitteet","13":"tag-suomi","14":"tag-technology","15":"tag-teknologia"},"share_on_mastodon":{"url":"https:\/\/pubeurope.com\/@fi\/115445544104661661","error":""},"_links":{"self":[{"href":"https:\/\/www.europesays.com\/fi\/wp-json\/wp\/v2\/posts\/73488","targetHints":{"allow":["GET"]}}],"collection":[{"href":"https:\/\/www.europesays.com\/fi\/wp-json\/wp\/v2\/posts"}],"about":[{"href":"https:\/\/www.europesays.com\/fi\/wp-json\/wp\/v2\/types\/post"}],"author":[{"embeddable":true,"href":"https:\/\/www.europesays.com\/fi\/wp-json\/wp\/v2\/users\/2"}],"replies":[{"embeddable":true,"href":"https:\/\/www.europesays.com\/fi\/wp-json\/wp\/v2\/comments?post=73488"}],"version-history":[{"count":0,"href":"https:\/\/www.europesays.com\/fi\/wp-json\/wp\/v2\/posts\/73488\/revisions"}],"wp:featuredmedia":[{"embeddable":true,"href":"https:\/\/www.europesays.com\/fi\/wp-json\/wp\/v2\/media\/1627"}],"wp:attachment":[{"href":"https:\/\/www.europesays.com\/fi\/wp-json\/wp\/v2\/media?parent=73488"}],"wp:term":[{"taxonomy":"category","embeddable":true,"href":"https:\/\/www.europesays.com\/fi\/wp-json\/wp\/v2\/categories?post=73488"},{"taxonomy":"post_tag","embeddable":true,"href":"https:\/\/www.europesays.com\/fi\/wp-json\/wp\/v2\/tags?post=73488"}],"curies":[{"name":"wp","href":"https:\/\/api.w.org\/{rel}","templated":true}]}}