{"id":73636,"date":"2025-10-27T13:14:08","date_gmt":"2025-10-27T13:14:08","guid":{"rendered":"https:\/\/www.europesays.com\/fi\/73636\/"},"modified":"2025-10-27T13:14:08","modified_gmt":"2025-10-27T13:14:08","slug":"ykn-rauhanturvaajat-ampuivat-alas-israelin-droonin-israel-vastasi-panssarivaunun-kranaatilla-uutisia-lyhyesti","status":"publish","type":"post","link":"https:\/\/www.europesays.com\/fi\/73636\/","title":{"rendered":"YK:n rauhanturvaajat ampuivat alas Israelin droonin \u2013 Israel vastasi panssarivaunun kranaatilla | Uutisia lyhyesti"},"content":{"rendered":"<p class=\"aw-1gybjub aw-5vja16 ghpEtB kjanFo yle__article__paragraph\">YK-operaatio sanoo Israelin rikkovan YK:n p\u00e4\u00e4t\u00f6slauselmaa ja Libanonin suvereniteettia.<\/p>\n<p><img decoding=\"async\" alt=\"Kaksi Unifil-sotilasta tarkkailemassa tilannetta tuhoutuneiden rakennusten edess\u00e4.\" src=\"https:\/\/www.europesays.com\/fi\/wp-content\/uploads\/2025\/10\/39-154413968ff6b99e68d9.jpeg\" class=\"aw-1l9m598 hKVVvP\"\/><\/p>\n<p>Avaa kuvien katselu<\/p>\n<p>Unifil-sotilaita Etel\u00e4-Libanonissa 20.10.2025. Kuva: Wael Hamzeh \/ EPA<\/p>\n<p class=\"aw-1gybjub aw-1p7kakr ghpEtB jtovHP yle__article__paragraph\">Etel\u00e4-Libanonissa partioivat YK:n Unifil-rauhanturvaoperaation sotilaat ampuivat eilen sunnuntaina alas israelilaisen droonin. Unifil kertoo asiasta<a class=\"aw-iao6s4 iHOxEa yle__article__link\" href=\"https:\/\/unifil.unmissions.org\/unifil-statement-grenade-attack-peacekeepers-26-october-2025\" role=\"link\" rel=\"nofollow noopener\" target=\"_blank\"> tiedotteessaan<\/a>.<\/p>\n<p class=\"aw-1gybjub aw-1p7kakr ghpEtB jtovHP yle__article__paragraph\">Unifilin mukaan drooni lensi partion yli \u201daggressiiviseen tapaan\u201d.<\/p>\n<p class=\"aw-1gybjub aw-1p7kakr ghpEtB jtovHP yle__article__paragraph\">Hieman my\u00f6hemmin partion l\u00e4helle lensi toinen drooni, josta pudotettiin kranaatti. Lis\u00e4ksi israelilainen panssarivaunu ampui kranaatin.<\/p>\n<p class=\"aw-1gybjub aw-1p7kakr ghpEtB jtovHP yle__article__paragraph\">Israelin armeijan mukaan kyseess\u00e4 oli tiedusteludrooni, joka ei aiheuttanut vaaraa YK-sotilaille, kertoo israelilainen <a class=\"aw-iao6s4 iHOxEa yle__article__link\" href=\"https:\/\/www.timesofisrael.com\/unifil-shoots-down-idf-surveillance-drone-over-southern-lebanon-sparking-public-tiff\/\" role=\"link\" rel=\"nofollow noopener\" target=\"_blank\">Times of Israel -lehti<\/a>. lehti arvelee, ett\u00e4 kranaatit ammuttiin, jotta YK-sotilaat eiv\u00e4t menisi pudotetun droonin l\u00e4helle.<\/p>\n<p class=\"aw-1gybjub aw-1p7kakr ghpEtB jtovHP yle__article__paragraph\">Unifilin mukaan Israelin toiminta rikkoo Libanonin valtion suvereniteetti\u00e4 ja YK:n p\u00e4\u00e4t\u00f6slauselmaa 1701, jolla on pyritty p\u00e4\u00e4tt\u00e4m\u00e4\u00e4n Libanonin sota. Lis\u00e4ksi Israel osoittaa piittaamattomuutta YK-sotilaiden turvallisuudesta.<\/p>\n<p class=\"aw-1gybjub aw-1p7kakr ghpEtB jtovHP yle__article__paragraph\">Tapaus sattui Kafr Kilan kyl\u00e4n l\u00e4hell\u00e4. Kyl\u00e4 ei ole suomalaisten YK-sotilaiden toiminta-alueen l\u00e4hell\u00e4.<\/p>\n","protected":false},"excerpt":{"rendered":"YK-operaatio sanoo Israelin rikkovan YK:n p\u00e4\u00e4t\u00f6slauselmaa ja Libanonin suvereniteettia. Avaa kuvien katselu Unifil-sotilaita Etel\u00e4-Libanonissa 20.10.2025. Kuva: Wael Hamzeh&hellip;\n","protected":false},"author":2,"featured_media":73637,"comment_status":"","ping_status":"","sticky":false,"template":"","format":"standard","meta":{"footnotes":"","_share_on_mastodon":"0"},"categories":[14],"tags":[22,23,15974,26,27,33,31,30,17,993,507,11420,992,24,25,3572,28,29,15,18,21,32,19,20,56,13992,16,59,60,61],"class_list":["post-73636","post","type-post","status-publish","format-standard","has-post-thumbnail","category-ulkomaat","tag-breaking-news","tag-breakingnews","tag-etela-libanon","tag-featured-news","tag-featurednews","tag-fi","tag-finland","tag-finnish","tag-headlines","tag-israel","tag-israelin-puolustusvoimat","tag-kranaatit","tag-lahi-ita","tag-latest-news","tag-latestnews","tag-libanon","tag-main-news","tag-mainnews","tag-news","tag-otsikot","tag-paauutiset","tag-suomi","tag-top-stories","tag-topstories","tag-ulkomaat","tag-unifil","tag-uutiset","tag-world","tag-world-news","tag-worldnews"],"share_on_mastodon":{"url":"https:\/\/pubeurope.com\/@fi\/115446314712120331","error":""},"_links":{"self":[{"href":"https:\/\/www.europesays.com\/fi\/wp-json\/wp\/v2\/posts\/73636","targetHints":{"allow":["GET"]}}],"collection":[{"href":"https:\/\/www.europesays.com\/fi\/wp-json\/wp\/v2\/posts"}],"about":[{"href":"https:\/\/www.europesays.com\/fi\/wp-json\/wp\/v2\/types\/post"}],"author":[{"embeddable":true,"href":"https:\/\/www.europesays.com\/fi\/wp-json\/wp\/v2\/users\/2"}],"replies":[{"embeddable":true,"href":"https:\/\/www.europesays.com\/fi\/wp-json\/wp\/v2\/comments?post=73636"}],"version-history":[{"count":0,"href":"https:\/\/www.europesays.com\/fi\/wp-json\/wp\/v2\/posts\/73636\/revisions"}],"wp:featuredmedia":[{"embeddable":true,"href":"https:\/\/www.europesays.com\/fi\/wp-json\/wp\/v2\/media\/73637"}],"wp:attachment":[{"href":"https:\/\/www.europesays.com\/fi\/wp-json\/wp\/v2\/media?parent=73636"}],"wp:term":[{"taxonomy":"category","embeddable":true,"href":"https:\/\/www.europesays.com\/fi\/wp-json\/wp\/v2\/categories?post=73636"},{"taxonomy":"post_tag","embeddable":true,"href":"https:\/\/www.europesays.com\/fi\/wp-json\/wp\/v2\/tags?post=73636"}],"curies":[{"name":"wp","href":"https:\/\/api.w.org\/{rel}","templated":true}]}}