{"id":73661,"date":"2025-10-27T13:54:08","date_gmt":"2025-10-27T13:54:08","guid":{"rendered":"https:\/\/www.europesays.com\/fi\/73661\/"},"modified":"2025-10-27T13:54:08","modified_gmt":"2025-10-27T13:54:08","slug":"monacon-ruhtinashuone-avioero-taputeltu-aiti-tukee-tytartaan","status":"publish","type":"post","link":"https:\/\/www.europesays.com\/fi\/73661\/","title":{"rendered":"Monacon ruhtinashuone: Avioero taputeltu, \u00e4iti tukee tyt\u00e4rt\u00e4\u00e4n"},"content":{"rendered":"<p class=\"article-content article-content-width !bg-background\">Skandaalit eiv\u00e4t ole Monacon ruhtinashuoneelle vieraita. Erityisesti ruhtinas <a alt=\"Haku\" class=\"text-primary-red font-extrabold\" href=\"https:\/\/www.seiska.fi\/haku?q=Albert\" rel=\"nofollow noopener\" target=\"_blank\">Albert<\/a> on keittynyt vuosien mittaan kohussa jos toisessakin. Metakkaa on syntynyt niin t\u00e4m\u00e4n salasuhteista kuin lehtolapsistakin.\u00a0<\/p>\n<p class=\"article-content article-content-width !bg-background\">Viime vuoden suurin shokeeraaja ei kuitenkaan ollut Albert, vaan h\u00e4nen sisarentytt\u00e4rens\u00e4 <a alt=\"Haku\" class=\"text-primary-red font-extrabold\" href=\"https:\/\/www.seiska.fi\/haku?q=Charlotte Casiraghi\" rel=\"nofollow noopener\" target=\"_blank\">Charlotte Casiraghi<\/a>, 39.\u00a0<\/p>\n<p class=\"article-content article-content-width !bg-background\">Charlotte ilmoitti syyskuussa 2024 eroavansa puolisostaan <a alt=\"Haku\" class=\"text-primary-red font-extrabold\" href=\"https:\/\/www.seiska.fi\/haku?q=Dimitri Rassamista\" rel=\"nofollow noopener\" target=\"_blank\">Dimitri Rassamista<\/a>. Kaksikon kylmenneist\u00e4 v\u00e4leist\u00e4 oli huhuttu jo useita kuukausia.\u00a0<\/p>\n<p>Uusi onni?<\/p>\n<p class=\"article-content article-content-width !bg-background\">Nyt ex-parin viisivuotinen avioliitto on taputeltu menneisyyteen.<\/p>\n<p>                <img decoding=\"async\" src=\"https:\/\/www.europesays.com\/fi\/wp-content\/uploads\/2025\/10\/1974621.webp\" width=\"576\" height=\"322\" alt=\"Ex-parilla on vuonna 2018 syntynyt Balthazar-poika. Lis\u00e4ksi Charlottella on vuonna 2013 syntynyt poika aiemmasta suhteestaan.\" loading=\"lazy\" \/>            <\/p>\n<p>\n            Ex-parilla on vuonna 2018 syntynyt Balthazar-poika. Lis\u00e4ksi Charlottella on vuonna 2013 syntynyt poika aiemmasta suhteestaan.<br \/>\n            AOP\n        <\/p>\n<p class=\"article-content article-content-width !bg-background\">Charlotte on keskittynyt jatkamaan el\u00e4m\u00e4\u00e4ns\u00e4 paljon julkisuutta saaneesta erosta huolimatta. H\u00e4nen uskotaan upottaneensa varpaansa my\u00f6s deittailumarkkinoille, sill\u00e4 h\u00e4net on bongattu useampaan kertaan kirjailia <a alt=\"Haku\" class=\"text-primary-red font-extrabold\" href=\"https:\/\/www.seiska.fi\/haku?q=Nicolas Mathieun\" rel=\"nofollow noopener\" target=\"_blank\">Nicolas Mathieun<\/a> seurasta.\u00a0<\/p>\n<p class=\"article-content article-content-width !bg-background\">Parivaljakko on viett\u00e4nyt aikaansa yhdess\u00e4 esimerkiksi formulavarikolla. Kumpikaan ei kuitenkaan ole vahvistanut suhdetta.\u00a0<\/p>\n<p>\u00c4iti tukee t\u00f6iss\u00e4 ja vapaalla<\/p>\n<p class=\"article-content article-content-width !bg-background\">Se sen sijaan tiedet\u00e4\u00e4n, ett\u00e4 Charlotte on tukeutunut eronsa aikana \u00e4itiins\u00e4, prinsessa <a alt=\"Haku\" class=\"text-primary-red font-extrabold\" href=\"https:\/\/www.seiska.fi\/haku?q=Carolineen\" rel=\"nofollow noopener\" target=\"_blank\">Carolineen<\/a>. Kaksikko viihtyy toistensa seurassa niin t\u00f6iss\u00e4 kuin vapaa-ajallakin. Aiheesta kirjoittaa muun muassa <a href=\"https:\/\/www.svenskdam.se\/kungligt\/skilsmassan-i-monaco-bekraftad-far-karlek-och-stod-av-familjen\/11089840\" target=\"_blank\" rel=\"nofollow noopener\">Svensk Damtidning<\/a>.\u00a0<\/p>\n<p>                <img decoding=\"async\" src=\"https:\/\/www.europesays.com\/fi\/wp-content\/uploads\/2025\/10\/1974619.webp\" width=\"576\" height=\"322\" alt=\"Charlotte on luonut uraa ratsastajana. H\u00e4nen is\u00e4ns\u00e4 on Stefano Casiraghi.\" loading=\"lazy\" \/>            <\/p>\n<p>\n            Charlotte on luonut uraa ratsastajana. H\u00e4nen is\u00e4ns\u00e4 on Stefano Casiraghi.<br \/>\n            All Over Press\n        <\/p>\n<p class=\"article-content article-content-width !bg-background\">Charlotte ja Caroline ovat yhdess\u00e4 tuttu n\u00e4ky erilaisissa edustustilaisuuksissa. Viime viikolla \u00e4iti-tyt\u00e4r-duo ilmestyi kaksin\u00a0<a href=\"https:\/\/www.fondationprincepierre.mc\/en\/pages\/who-are-we\" target=\"_blank\" rel=\"nofollow noopener\">Prinssi Pierren S\u00e4\u00e4ti\u00f6n j\u00e4rjest\u00e4m\u00e4\u00e4n palkintoseremoniaan<\/a>.\u00a0<\/p>\n<p class=\"article-content article-content-width !bg-background\">Caroline on aiemmin kertonut avoimesti, kuinka h\u00e4net ja Albert -veljen kasvatti omien vanhempien sijaan lastenhoitaja. H\u00e4n on halunnut toimia oman j\u00e4lkikasvunsa kanssa t\u00e4ysin eritavalla. Carolinella on Charlotten lis\u00e4ksi pojat <a alt=\"Haku\" class=\"text-primary-red font-extrabold\" href=\"https:\/\/www.seiska.fi\/haku?q=Pierre\" rel=\"nofollow noopener\" target=\"_blank\">Pierre<\/a> ja <a alt=\"Haku\" class=\"text-primary-red font-extrabold\" href=\"https:\/\/www.seiska.fi\/haku?q=Andrea\" rel=\"nofollow noopener\" target=\"_blank\">Andrea<\/a> sek\u00e4 tyt\u00e4r <a alt=\"Haku\" class=\"text-primary-red font-extrabold\" href=\"https:\/\/www.seiska.fi\/haku?q=Alexandra\" rel=\"nofollow noopener\" target=\"_blank\">Alexandra<\/a>.<\/p>\n","protected":false},"excerpt":{"rendered":"Skandaalit eiv\u00e4t ole Monacon ruhtinashuoneelle vieraita. Erityisesti ruhtinas Albert on keittynyt vuosien mittaan kohussa jos toisessakin. Metakkaa on&hellip;\n","protected":false},"author":2,"featured_media":73662,"comment_status":"","ping_status":"","sticky":false,"template":"","format":"standard","meta":{"footnotes":""},"categories":[136],"tags":[2759,407,15977,15978,137,33,31,30,408,1750,99,212,2637,14298,7070,1417,32,109],"class_list":{"0":"post-73661","1":"post","2":"type-post","3":"status-publish","4":"format-standard","5":"has-post-thumbnail","7":"category-julkkikset","8":"tag-avioero","9":"tag-celebrities","10":"tag-charlotte-casiraghi","11":"tag-dimitri-rassam","12":"tag-entertainment","13":"tag-fi","14":"tag-finland","15":"tag-finnish","16":"tag-julkkikset","17":"tag-kohu","18":"tag-lapset","19":"tag-lifestyle","20":"tag-monaco","21":"tag-prinsessa-caroline","22":"tag-ruhtinas-albert","23":"tag-suhde","24":"tag-suomi","25":"tag-viihde"},"share_on_mastodon":{"url":"https:\/\/pubeurope.com\/@fi\/115446472039445900","error":""},"_links":{"self":[{"href":"https:\/\/www.europesays.com\/fi\/wp-json\/wp\/v2\/posts\/73661","targetHints":{"allow":["GET"]}}],"collection":[{"href":"https:\/\/www.europesays.com\/fi\/wp-json\/wp\/v2\/posts"}],"about":[{"href":"https:\/\/www.europesays.com\/fi\/wp-json\/wp\/v2\/types\/post"}],"author":[{"embeddable":true,"href":"https:\/\/www.europesays.com\/fi\/wp-json\/wp\/v2\/users\/2"}],"replies":[{"embeddable":true,"href":"https:\/\/www.europesays.com\/fi\/wp-json\/wp\/v2\/comments?post=73661"}],"version-history":[{"count":0,"href":"https:\/\/www.europesays.com\/fi\/wp-json\/wp\/v2\/posts\/73661\/revisions"}],"wp:featuredmedia":[{"embeddable":true,"href":"https:\/\/www.europesays.com\/fi\/wp-json\/wp\/v2\/media\/73662"}],"wp:attachment":[{"href":"https:\/\/www.europesays.com\/fi\/wp-json\/wp\/v2\/media?parent=73661"}],"wp:term":[{"taxonomy":"category","embeddable":true,"href":"https:\/\/www.europesays.com\/fi\/wp-json\/wp\/v2\/categories?post=73661"},{"taxonomy":"post_tag","embeddable":true,"href":"https:\/\/www.europesays.com\/fi\/wp-json\/wp\/v2\/tags?post=73661"}],"curies":[{"name":"wp","href":"https:\/\/api.w.org\/{rel}","templated":true}]}}