{"id":73714,"date":"2025-10-27T14:54:09","date_gmt":"2025-10-27T14:54:09","guid":{"rendered":"https:\/\/www.europesays.com\/fi\/73714\/"},"modified":"2025-10-27T14:54:09","modified_gmt":"2025-10-27T14:54:09","slug":"jari-sillanpaa-huoli-herasi-seiska","status":"publish","type":"post","link":"https:\/\/www.europesays.com\/fi\/73714\/","title":{"rendered":"Jari Sillanp\u00e4\u00e4: Huoli her\u00e4si! | Seiska"},"content":{"rendered":"<p>\n            20230709, Sein\u00e4joki. Sein\u00e4joen tangomarkkinat 2023. Kuvassa Jari Sillanp\u00e4\u00e4.<br \/>\n            TIMO KORHONEN\n        <\/p>\n<p class=\"subtitle \">Jarin keikkakunto on her\u00e4tt\u00e4nyt huolta.<\/p>\n<p class=\"article-content article-content-width !bg-background\">Iskelm\u00e4laulaja , 60, on juhlistanut syksyll\u00e4 mittavaa uraansa 30-vuotisjuhlakiertueella. Ex-tangokuninkaan on m\u00e4\u00e4r\u00e4 nousta lavalle kaikkiaan kahdellakymmenell\u00e4 paikkakunnalla.<\/p>\n<p class=\"font-weight-bold m-font-weight-bold article-content article-content-width !bg-background\">Arkistovideo: Jari Sillanp\u00e4\u00e4n Satulinna on j\u00e4lleen myynniss\u00e4:<\/p>\n<p>Kirkkokonsertista nousi \u00e4l\u00e4m\u00f6l\u00f6<\/p>\n<p class=\"article-content article-content-width !bg-background\">Juhlakiertueen j\u00e4lkeen Jari jatkaa keikkailua joulukonserttikiertueen merkeiss\u00e4.\u00a0<\/p>\n<p>        <a itemprop=\"url\" href=\"https:\/\/www.seiska.fi\/kotimaa\/jari-sillanpaasta-sanasota\/1956877\" rel=\"nofollow noopener\" target=\"_blank\"><\/p>\n<p>\nSillanp\u00e4\u00e4 juhlakiertueella\n<\/p>\n<p class=\"section-date\">\n        <strong class=\"article-section\" data-section=\"kotimaa\"><br \/>\n            kotimaa<br \/>\n        <\/strong><br \/>\n        9.10. 17:00\n    <\/p>\n<p>Jari Sillanp\u00e4\u00e4st\u00e4 sanasota!\n    <\/p>\n<p itemprop=\"description\" class=\"subtitle \">\n    Jari Sillanp\u00e4\u00e4 on k\u00e4ynnist\u00e4nyt 30-vuotisjuhlakiertueensa t\u00e4n\u00e4 syksyn\u00e4.\n<\/p>\n<p>        <\/a><\/p>\n<p class=\"article-content article-content-width !bg-background\">Joulukuulle kaavailtu kiertue on jo ehtinyt aiheuttaa kohun. Osa laihialaisista on nyreiss\u00e4\u00e4n artistin aikeista esiinty\u00e4 Laihian kirkossa, <a href=\"https:\/\/ilkkapohjalainen.fi\/uutiset\/huumeista-ja-lapsipornosta-tuomitun-jari-sillanp%C3%A4%C3%A4n-konsertti-tuli-kirkolle-yll%C3%A4tyksen%C3%A4\" target=\"_blank\" rel=\"nofollow noopener\">kertoo Ilkka-Pohjalainen<\/a>.\u00a0<\/p>\n<p>                <img decoding=\"async\" src=\"https:\/\/www.europesays.com\/fi\/wp-content\/uploads\/2025\/10\/1974460.webp\" width=\"576\" height=\"322\" alt=\"Siltsu esiintyi Sein\u00e4joen Tangomarkkinoilla 2023.\" loading=\"lazy\" \/>            <\/p>\n<p>\n            Siltsu esiintyi Sein\u00e4joen Tangomarkkinoilla 2023.<br \/>\n            TIMO KORHONEN\n        <\/p>\n<p class=\"article-content article-content-width !bg-background\">Lehden mukaan laihialaiset ovat keskustelleet aiheesta vilkkaasti sosiaalisessa mediassa. N\u00e4k\u00f6kantoja on esitetty sek\u00e4 puolesta ett\u00e4 vastaan. Taustalla ovat esiintyj\u00e4n saamat tuomiot huumausainerikoksista sek\u00e4 sukupuolisiveellisyytt\u00e4 loukkaavan kuvan levitt\u00e4misest\u00e4.<\/p>\n<p>Vatsat vastakkain<\/p>\n<p class=\"article-content article-content-width !bg-background\">Lokakuun loppuun Jari kuitenkin kiertelee Suomea viel\u00e4 juhlakiertueensa mukana. Lauantaina 25. lokakuuta vuorossa oli Haaparanta.\u00a0<\/p>\n<p>        <a itemprop=\"url\" href=\"https:\/\/www.seiska.fi\/vain-seiskassa\/jari-sillanpaan-satulinna-rapistuu-taas-myynnissa\/1925076\" rel=\"nofollow noopener\" target=\"_blank\"><\/p>\n<p>\nTaas myynniss\u00e4!\n<\/p>\n<p class=\"section-date\">\n        <strong class=\"article-section\" data-section=\"vain seiskassa\"><br \/>\n            vain seiskassa<br \/>\n        <\/strong><br \/>\n        15.9. 05:00\n    <\/p>\n<p>Jari Sillanp\u00e4\u00e4n Satulinna rapistuu \u2013 taas myynniss\u00e4!\n    <\/p>\n<p itemprop=\"description\" class=\"subtitle \">\n    Suosikkilaulajan rapistuvan huvilan kohtalo surettaa paikkakuntalaisia.\n<\/p>\n<p>        <\/a><\/p>\n<p class=\"article-content article-content-width !bg-background\">Jari on julkaissut keikoiltaan ahkerasti p\u00e4tki\u00e4 somessa, niin my\u00f6s t\u00e4ll\u00e4 kertaa. Laulaja tulkitsee videolla englanninkielist\u00e4 cover-kappaletta villisti lanteitaan keikutellen. N\u00e4hd\u00e4\u00e4np\u00e4 lyhyell\u00e4 videolla my\u00f6s hyppyj\u00e4, joiden aikana Jari t\u00f6m\u00e4ytt\u00e4\u00e4 vatsansa soittajiensa p\u00f6tsej\u00e4 vasten.<\/p>\n<p class=\"article-content article-content-width !bg-background\">\u2013 Haaparannassakin oli kova meno, Jari hehkuttaa julkaisussaan.<\/p>\n<p>&#8221;Toivottavasti terveys kest\u00e4\u00e4&#8221;<\/p>\n<p class=\"article-content article-content-width !bg-background\">Muusikon fanit ovat kehuneet idoliaan kilvan julkaisun kommenttikent\u00e4ss\u00e4. Erityisesti lavalla n\u00e4hty hassuttelu vaikuttaa olleen v\u00e4en mieleen.<\/p>\n<p>                <img decoding=\"async\" src=\"https:\/\/www.europesays.com\/fi\/wp-content\/uploads\/2025\/10\/1974462.webp\" width=\"576\" height=\"394\" alt=\"Jari ja Marita Taavitsainen valittiin tangokuninkaallisiksi 30 vuotta sitten. Kuva otettu Fuengirolassa alkuvuodesta.\" loading=\"lazy\" \/>            <\/p>\n<p>\n            Jari ja Marita Taavitsainen valittiin tangokuninkaallisiksi 30 vuotta sitten. Kuva otettu Fuengirolassa alkuvuodesta.<br \/>\n            SEISKAN LUKIJA\n        <\/p>\n<p class=\"article-content article-content-width !bg-background\">\u2013 Jari on huumorimiehi\u00e4, kuten nytkin saimme todistaa, er\u00e4skin konserttik\u00e4vij\u00e4 kirjoittaa.<\/p>\n<p class=\"article-content article-content-width !bg-background\">Julkaisun yhteydest\u00e4 l\u00f6ytyy my\u00f6s toisenlaisia n\u00e4kemyksi\u00e4. Jarin keikkakuntoa vertaillaan my\u00f6s hieman kyseenalaisesti t\u00e4m\u00e4n nuoruusvuosiin.\u00a0<\/p>\n<p>        <a itemprop=\"url\" href=\"https:\/\/www.seiska.fi\/kotimaa\/huoli-herasi-marita-taavitsaisesta\/1918387\" rel=\"nofollow noopener\" target=\"_blank\"><\/p>\n<p>\nOho!\n<\/p>\n<p class=\"section-date\">\n        <strong class=\"article-section\" data-section=\"kotimaa\"><br \/>\n            kotimaa<br \/>\n        <\/strong><br \/>\n        2.9. 13:56\n    <\/p>\n<p>Huoli her\u00e4si Marita Taavitsaisesta\n    <\/p>\n<p itemprop=\"description\" class=\"subtitle \">\n    Entiset tangokuninkaalliset rep\u00e4isiv\u00e4t loppukes\u00e4n keikallaan.\n<\/p>\n<p>        <\/a><\/p>\n<p class=\"article-content article-content-width !bg-background\">\u2013 Toivottavasti terveys kest\u00e4\u00e4. Itse olisin huolissani, yksi kommentoijista toteaa.<\/p>\n<p class=\"italic m-italic article-content article-content-width !bg-background\">Jos upotus ei n\u00e4y, <a href=\"https:\/\/www.instagram.com\/p\/DQQCSwGCHBW\/?hl=fi\" target=\"_blank\" rel=\"nofollow noopener\">n\u00e4et sen t\u00e4\u00e4lt\u00e4.<\/a><\/p>\n<p><script async src=\"\/\/www.instagram.com\/embed.js\"><\/script><\/p>\n","protected":false},"excerpt":{"rendered":"20230709, Sein\u00e4joki. Sein\u00e4joen tangomarkkinat 2023. Kuvassa Jari Sillanp\u00e4\u00e4. TIMO KORHONEN Jarin keikkakunto on her\u00e4tt\u00e4nyt huolta. Iskelm\u00e4laulaja , 60,&hellip;\n","protected":false},"author":2,"featured_media":73715,"comment_status":"","ping_status":"","sticky":false,"template":"","format":"standard","meta":{"footnotes":""},"categories":[130],"tags":[137,33,31,30,4047,6033,6928,3108,15130,13576,4268,4740,32,1667,167,109],"class_list":{"0":"post-73714","1":"post","2":"type-post","3":"status-publish","4":"format-standard","5":"has-post-thumbnail","7":"category-viihde","8":"tag-entertainment","9":"tag-fi","10":"tag-finland","11":"tag-finnish","12":"tag-haaparanta","13":"tag-huoli","14":"tag-huumausainerikokset","15":"tag-jari-sillanpaa","16":"tag-joulukonsertti","17":"tag-juhlakiertue","18":"tag-kunto","19":"tag-laihia","20":"tag-suomi","21":"tag-tapahtumat","22":"tag-terveys","23":"tag-viihde"},"share_on_mastodon":{"url":"https:\/\/pubeurope.com\/@fi\/115446707888241030","error":""},"_links":{"self":[{"href":"https:\/\/www.europesays.com\/fi\/wp-json\/wp\/v2\/posts\/73714","targetHints":{"allow":["GET"]}}],"collection":[{"href":"https:\/\/www.europesays.com\/fi\/wp-json\/wp\/v2\/posts"}],"about":[{"href":"https:\/\/www.europesays.com\/fi\/wp-json\/wp\/v2\/types\/post"}],"author":[{"embeddable":true,"href":"https:\/\/www.europesays.com\/fi\/wp-json\/wp\/v2\/users\/2"}],"replies":[{"embeddable":true,"href":"https:\/\/www.europesays.com\/fi\/wp-json\/wp\/v2\/comments?post=73714"}],"version-history":[{"count":0,"href":"https:\/\/www.europesays.com\/fi\/wp-json\/wp\/v2\/posts\/73714\/revisions"}],"wp:featuredmedia":[{"embeddable":true,"href":"https:\/\/www.europesays.com\/fi\/wp-json\/wp\/v2\/media\/73715"}],"wp:attachment":[{"href":"https:\/\/www.europesays.com\/fi\/wp-json\/wp\/v2\/media?parent=73714"}],"wp:term":[{"taxonomy":"category","embeddable":true,"href":"https:\/\/www.europesays.com\/fi\/wp-json\/wp\/v2\/categories?post=73714"},{"taxonomy":"post_tag","embeddable":true,"href":"https:\/\/www.europesays.com\/fi\/wp-json\/wp\/v2\/tags?post=73714"}],"curies":[{"name":"wp","href":"https:\/\/api.w.org\/{rel}","templated":true}]}}