{"id":73800,"date":"2025-10-27T17:10:08","date_gmt":"2025-10-27T17:10:08","guid":{"rendered":"https:\/\/www.europesays.com\/fi\/73800\/"},"modified":"2025-10-27T17:10:08","modified_gmt":"2025-10-27T17:10:08","slug":"hyvinvointialueen-laskutussotku-paisuu-nyt-vanhojen-laskujen-perinnasta-kiinnostui-kuluttajaviranomainen-kotimaa","status":"publish","type":"post","link":"https:\/\/www.europesays.com\/fi\/73800\/","title":{"rendered":"Hyvinvointi\u00adalueen laskutus\u00adsotku paisuu \u2013 nyt vanhojen laskujen perinn\u00e4st\u00e4 kiinnostui kuluttaja\u00adviranomainen | Kotimaa"},"content":{"rendered":"<p class=\"aw-1gybjub aw-5vja16 ghpEtB kjanFo yle__article__paragraph\">Varsinais-Suomen hyvinvointi\u00adalueen karhuamat vuosien takaiset laskut ovat her\u00e4tt\u00e4neet my\u00f6s viranomaiset.<\/p>\n<p><img decoding=\"async\" alt=\"Hannu Lahti istuu p\u00f6yd\u00e4n \u00e4\u00e4ress\u00e4 ja pit\u00e4\u00e4 laskua k\u00e4dess\u00e4\u00e4n.\" src=\"https:\/\/www.europesays.com\/fi\/wp-content\/uploads\/2025\/10\/39-154337168fb5e4cd1a7e.jpeg\" class=\"aw-1l9m598 hKVVvP\"\/><\/p>\n<p>Avaa kuvien katselu<\/p>\n<p>Varha karhuaa Hannu Lahdelta 17\u00a0000:ta euroa. Maksuaikaa annettiin kaksi viikkoa. Kuva: Markku Pitk\u00e4nen \/ Yle<\/p>\n<p>Juttu tiivistettyn\u00e4<\/p>\n<ul class=\"aw-1jjocuh iJTSwP yle__article__list yle__article__list--ul\">\n<li class=\"aw-1j7gwms eEeLbO\">Varsinais-Suomen hyvinvointialue Varha on alkanut peri\u00e4 vuosien takaisia asiakasmaksuja, yhteens\u00e4 26\u00a0000 laskua.<\/li>\n<li class=\"aw-1j7gwms eEeLbO\">Asiakkaat ovat olleet h\u00e4mmennyksiss\u00e4\u00e4n siit\u00e4, ett\u00e4 perint\u00e4 tapahtuu ilman muistutusta ja erittely\u00e4 laskuista.<\/li>\n<li class=\"aw-1j7gwms eEeLbO\">Kilpailu- ja kuluttajavirasto KKV seuraa tilannetta, mutta ei ole viel\u00e4 aloittanut toimenpiteit\u00e4 Varhan toiminnan suhteen.<\/li>\n<li class=\"aw-1j7gwms eEeLbO\">Varha pahoittelee tilannetta ja sanoo, ett\u00e4 perint\u00e4 johtuu teknisist\u00e4 ongelmista eik\u00e4 tahallisesta toiminnasta.<\/li>\n<\/ul>\n<p class=\"aw-1gybjub aw-1p7kakr ghpEtB jtovHP yle__article__paragraph\">T\u00e4m\u00e4 on teko\u00e4lyn avulla tuotettu, toimittajan tarkistama tiivistelm\u00e4.<\/p>\n<p class=\"aw-1gybjub aw-1p7kakr ghpEtB jtovHP yle__article__paragraph\">Varsinais-Suomen hyvinvointialue (Varha) on laittanut perint\u00e4\u00e4n 26\u00a0000 laskua vuosien takaisista asiakasmaksuista. Monet asiakkaat ovat ottaneet asiassa yhteytt\u00e4 Yleen.<\/p>\n<p class=\"aw-1gybjub aw-1p7kakr ghpEtB jtovHP yle__article__paragraph\">Maanantaina Yle kertoi <strong class=\"aw-ak79eh KyCXm yle__article__strong\">Hannu Lahden<\/strong> tapauksesta, jossa <a class=\"aw-iao6s4 iHOxEa yle__article__link\" href=\"https:\/\/yle.fi\/a\/74-20189963\" role=\"link\" rel=\"nofollow noopener\" target=\"_blank\">Varha perii h\u00e4nelt\u00e4 17\u00a0000:ta euroa<\/a>.<\/p>\n<p class=\"aw-1gybjub aw-1p7kakr ghpEtB jtovHP yle__article__paragraph\">Asiakkaat ovat ihmetelleet eniten sit\u00e4, ett\u00e4 Varha perii maksuja perint\u00e4toimisto Ropo Capitalsin kautta ilman maksumuistutusta tai ett\u00e4 laskussa olisi kunnon erittely, mit\u00e4 karhuttava saatava koskee.<\/p>\n<p class=\"aw-1gybjub aw-1p7kakr ghpEtB jtovHP yle__article__paragraph\">Kilpailu- ja kuluttajaviraston (KKV) johtaja asiantuntija <strong class=\"aw-ak79eh KyCXm yle__article__strong\">Juha Jokinen<\/strong> sanoo, ett\u00e4 toistaiseksi KKV seuraa Varhan laskutussotkua sivusta.<\/p>\n<p class=\"aw-1gybjub aw-1p7kakr ghpEtB jtovHP yle__article__paragraph\">\u2013 Ei olla l\u00e4hdetty viel\u00e4 tekem\u00e4\u00e4n mit\u00e4\u00e4n toimenpiteit\u00e4, mutta meill\u00e4h\u00e4n on sin\u00e4ns\u00e4 toimivalta valvoa hyv\u00e4\u00e4 perint\u00e4tapaa.<\/p>\n<p class=\"aw-1gybjub aw-1p7kakr ghpEtB jtovHP yle__article__paragraph\">Jokisen mielest\u00e4 Varhan toiminta ei v\u00e4ltt\u00e4m\u00e4tt\u00e4 t\u00e4yt\u00e4 hyv\u00e4n perinn\u00e4n tunnusmerkkej\u00e4. Perinn\u00e4ss\u00e4 on maksuja kolmen vuoden takaa ilman kunnollista erittely\u00e4 saataville tai alkuper\u00e4isi\u00e4 laskuja.<\/p>\n<p class=\"aw-1gybjub aw-1p7kakr ghpEtB jtovHP yle__article__paragraph\">\u2013 Perinn\u00e4ss\u00e4 oikea-aikaisuus on l\u00e4ht\u00f6kohta. Saatava perit\u00e4\u00e4n silloin kun se on syntynyt, ei niit\u00e4 saa j\u00e4tt\u00e4\u00e4 roikkumaan vuosikausiksi.<\/p>\n<p>Hyvinvointialue pahoittelee<\/p>\n<p class=\"aw-1gybjub aw-1p7kakr ghpEtB jtovHP yle__article__paragraph\">Varsinais-Suomen hyvinvointialue on pahoitellut julkisuudessa moneen kertaan karhukirjeiden aiheuttamaa soppaa.<\/p>\n<p class=\"aw-1gybjub aw-1p7kakr ghpEtB jtovHP yle__article__paragraph\">Konsernipalvelujohtaja <strong class=\"aw-ak79eh KyCXm yle__article__strong\">Laura Saurama<\/strong> sanoo, ett\u00e4 Varhan toiminta ei ole ollut tahallista vaan johtunut teknisist\u00e4 ongelmista.<\/p>\n<p class=\"aw-1gybjub aw-1p7kakr ghpEtB jtovHP yle__article__paragraph\">\u2013 Eih\u00e4n laskutuksen viive ole koskaan asianmukaista. En sanoisi, ett\u00e4 me optimitilanteessa koskaan toimisimme n\u00e4in, vaan jos laskua ei makseta aikataulussa, sielt\u00e4 l\u00e4htisi heti se muistutus.<\/p>\n<p>Hannu Lahti kertoo, milt\u00e4 tuntui saada 17 000 euron lasku hyvinvointialueelta. Video: Markku Pitk\u00e4nen \/ Yle.<\/p>\n<p class=\"aw-1gybjub aw-1p7kakr ghpEtB jtovHP yle__article__paragraph\">KKV:n Juha Jokinen sanoo, ett\u00e4 Varhalla on oikeus peri\u00e4 saataviaan ja ulkoistaa t\u00e4m\u00e4 perint\u00e4toimistolle, jos laskut liittyv\u00e4t sosiaali- ja terveydenhuollon maksuihin.<\/p>\n<p class=\"aw-1gybjub aw-1p7kakr ghpEtB jtovHP yle__article__paragraph\">Jokisen tietojen mukaan Varhan laskuissa on ollut kuitenkin puutteita.<\/p>\n<p class=\"aw-1gybjub aw-1p7kakr ghpEtB jtovHP yle__article__paragraph\">\u2013 Perint\u00e4laki l\u00e4htee siit\u00e4, ett\u00e4 suoraan ulosottokelpoisissa laskuissa pit\u00e4isi olla vastuuhenkil\u00f6 nimelt\u00e4 mainittuna ja yhteystiedot, mihin voi olla yhteydess\u00e4.<\/p>\n<p class=\"aw-1gybjub aw-1p7kakr ghpEtB jtovHP yle__article__paragraph\">Kilpailu- ja kuluttajaviraston n\u00e4kemyksen mukaan Varhan pit\u00e4isi tulla asiakkaita vastaan, koska laskutuksesta on aiheutunut monille kohtuuttomia tilanteita.<\/p>\n<p class=\"aw-1gybjub aw-1p7kakr ghpEtB jtovHP yle__article__paragraph\">Jokisen mielest\u00e4 muutaman viikon maksuaika tuhansien eurojen laskulle ei ole oikein.<\/p>\n<p class=\"aw-1gybjub aw-1p7kakr ghpEtB jtovHP yle__article__paragraph\">\u2013 Laki sosiaali- ja terveydenhuollon asiakasmaksuista l\u00e4htee siit\u00e4, ett\u00e4 jos tilanne on kohtuuton, asiakkaalla on oikeus saada maksuaikaa tai jopa vapautus kokonaan, jos maksun periminen vaarantaa perheen toimeentulon.<\/p>\n<p>Professori ei maksaisi n\u00e4ill\u00e4 tiedoilla<\/p>\n<p class=\"aw-1gybjub aw-1p7kakr ghpEtB jtovHP yle__article__paragraph\">My\u00f6s Turun yliopiston prosessioikeuden professori <strong class=\"aw-ak79eh KyCXm yle__article__strong\">Tuomas Hupli<\/strong> ihmettelee Varhan tapaa l\u00e4hett\u00e4\u00e4 asiakkaille vuosien takaisia laskuja suoraan perint\u00e4toimiston kautta.<\/p>\n<p class=\"aw-1gybjub aw-1p7kakr ghpEtB jtovHP yle__article__paragraph\">\u2013 Ainakaan itse en maksaisi tuollaista laskua yksityiselle perint\u00e4yhti\u00f6lle k\u00e4ytett\u00e4viss\u00e4 olevilla tiedoilla, vaan haluaisin tiet\u00e4\u00e4 lis\u00e4\u00e4, miksi n\u00e4in menetell\u00e4\u00e4n.<\/p>\n<p class=\"aw-1gybjub aw-1p7kakr ghpEtB jtovHP yle__article__paragraph\">Huplin mielest\u00e4 tuntuu kummalliselta, miksi Varha ei ole laittanut laskuja suoraan ulosottoon. Varhalla julkisoikeudellisena toimijana olisi t\u00e4h\u00e4n mahdollisuus.<\/p>\n<p class=\"aw-1gybjub aw-1p7kakr ghpEtB jtovHP yle__article__paragraph\">Varha, kuten muutkin hyvinvointialueet, k\u00e4ytt\u00e4\u00e4 kuitenkin perint\u00e4toimistoa.<\/p>\n<p class=\"aw-1gybjub aw-1p7kakr ghpEtB jtovHP yle__article__paragraph\">\u2013 Velkojalle tulee siit\u00e4 kulujakin, jotka sill\u00e4 on lain mukaan oikeus v\u00e4ltt\u00e4\u00e4 pysym\u00e4ll\u00e4 erossa yksityisest\u00e4 perint\u00e4liiketoiminnasta.<\/p>\n<p class=\"aw-1gybjub aw-1p7kakr ghpEtB jtovHP yle__article__paragraph\">My\u00f6s KKV:n Juha Jokinen kiinnitt\u00e4\u00e4 huomiota siihen, ett\u00e4 perint\u00e4toimiston k\u00e4ytt\u00e4minen lis\u00e4\u00e4 my\u00f6s asiakkaan kustannuksia.<\/p>\n<p class=\"aw-1gybjub aw-1p7kakr ghpEtB jtovHP yle__article__paragraph\">\u2013 Hyv\u00e4 perint\u00e4tapa l\u00e4htee siit\u00e4, ett\u00e4 perinn\u00e4st\u00e4 ei saisi aiheutua kuluttajalle ylim\u00e4\u00e4r\u00e4isi\u00e4 kustannuksia.<\/p>\n","protected":false},"excerpt":{"rendered":"Varsinais-Suomen hyvinvointi\u00adalueen karhuamat vuosien takaiset laskut ovat her\u00e4tt\u00e4neet my\u00f6s viranomaiset. Avaa kuvien katselu Varha karhuaa Hannu Lahdelta 17\u00a0000:ta&hellip;\n","protected":false},"author":2,"featured_media":73801,"comment_status":"","ping_status":"","sticky":false,"template":"","format":"standard","meta":{"footnotes":""},"categories":[12],"tags":[15985,22,23,26,27,33,31,30,17,2218,3541,71,24,25,28,29,15,18,21,15187,32,19,20,662,16,4406,663],"class_list":{"0":"post-73800","1":"post","2":"type-post","3":"status-publish","4":"format-standard","5":"has-post-thumbnail","7":"category-suomi","8":"tag-asiakasmaksut","9":"tag-breaking-news","10":"tag-breakingnews","11":"tag-featured-news","12":"tag-featurednews","13":"tag-fi","14":"tag-finland","15":"tag-finnish","16":"tag-headlines","17":"tag-hyvinvointialueet","18":"tag-kilpailu-ja-kuluttajavirasto","19":"tag-kotimaa","20":"tag-latest-news","21":"tag-latestnews","22":"tag-main-news","23":"tag-mainnews","24":"tag-news","25":"tag-otsikot","26":"tag-paauutiset","27":"tag-sote-uudistus","28":"tag-suomi","29":"tag-top-stories","30":"tag-topstories","31":"tag-turku","32":"tag-uutiset","33":"tag-varsinais-suomen-hyvinvointialue","34":"tag-varsinais-suomi"},"share_on_mastodon":{"url":"https:\/\/pubeurope.com\/@fi\/115447242952234965","error":""},"_links":{"self":[{"href":"https:\/\/www.europesays.com\/fi\/wp-json\/wp\/v2\/posts\/73800","targetHints":{"allow":["GET"]}}],"collection":[{"href":"https:\/\/www.europesays.com\/fi\/wp-json\/wp\/v2\/posts"}],"about":[{"href":"https:\/\/www.europesays.com\/fi\/wp-json\/wp\/v2\/types\/post"}],"author":[{"embeddable":true,"href":"https:\/\/www.europesays.com\/fi\/wp-json\/wp\/v2\/users\/2"}],"replies":[{"embeddable":true,"href":"https:\/\/www.europesays.com\/fi\/wp-json\/wp\/v2\/comments?post=73800"}],"version-history":[{"count":0,"href":"https:\/\/www.europesays.com\/fi\/wp-json\/wp\/v2\/posts\/73800\/revisions"}],"wp:featuredmedia":[{"embeddable":true,"href":"https:\/\/www.europesays.com\/fi\/wp-json\/wp\/v2\/media\/73801"}],"wp:attachment":[{"href":"https:\/\/www.europesays.com\/fi\/wp-json\/wp\/v2\/media?parent=73800"}],"wp:term":[{"taxonomy":"category","embeddable":true,"href":"https:\/\/www.europesays.com\/fi\/wp-json\/wp\/v2\/categories?post=73800"},{"taxonomy":"post_tag","embeddable":true,"href":"https:\/\/www.europesays.com\/fi\/wp-json\/wp\/v2\/tags?post=73800"}],"curies":[{"name":"wp","href":"https:\/\/api.w.org\/{rel}","templated":true}]}}