{"id":73819,"date":"2025-10-27T17:36:11","date_gmt":"2025-10-27T17:36:11","guid":{"rendered":"https:\/\/www.europesays.com\/fi\/73819\/"},"modified":"2025-10-27T17:36:11","modified_gmt":"2025-10-27T17:36:11","slug":"ihminen-kuollut-tallinkin-laivalla","status":"publish","type":"post","link":"https:\/\/www.europesays.com\/fi\/73819\/","title":{"rendered":"Ihminen kuollut Tallinkin laivalla"},"content":{"rendered":"<p>Tallinkin M\/S Megastar-aluksella on tapahtunut kuolemantapaus.<\/p>\n<p><img decoding=\"async\" class=\"image image-show image-preview\" src=\"https:\/\/www.europesays.com\/fi\/wp-content\/uploads\/2025\/10\/64d7f2b11d141731c095b883e612b1a325f0fc4171b2ad6db546f08c553079c5.jpg\" alt=\"\"\/><img decoding=\"async\" class=\"image image-show\" src=\"https:\/\/www.europesays.com\/fi\/wp-content\/uploads\/2025\/10\/1761586569_549_64d7f2b11d141731c095b883e612b1a325f0fc4171b2ad6db546f08c553079c5.jpg\" alt=\"\"\/><\/p>\n<p>Tallink M\/S Megastar. HeliFoto Oy<\/p>\n<p><a href=\"https:\/\/www.iltalehti.fi\/kirjoittajat\/Olli Vainio\" rel=\"nofollow noopener\" target=\"_blank\"><img decoding=\"async\" class=\"author-image-img\" alt=\"Tekij\u00e4n kuva\" src=\"https:\/\/www.europesays.com\/fi\/wp-content\/uploads\/2025\/10\/15356ef996c9f6562b061093757dc6df2a2366a0ac2bff161011fd143a9f5bdf.png\"\/><\/a><a href=\"https:\/\/www.iltalehti.fi\/kirjoittajat\/Mikael Kaivanto\" rel=\"nofollow noopener\" target=\"_blank\"><img decoding=\"async\" class=\"author-image-img\" alt=\"Tekij\u00e4n kuva\" src=\"https:\/\/www.europesays.com\/fi\/wp-content\/uploads\/2025\/10\/86c3377dffd5ad7c04302e9f7cfdcb34a9d2ee53b6d1fe5da22439e93196975f.png\"\/><\/a><\/p>\n<p>T\u00e4n\u00e4\u00e4n klo 19:01 (p\u00e4ivitetty klo 19:18)<\/p>\n<p class=\"paragraph\">Ihminen on kuollut Tallinkin M\/S Megastar-aluksella maanantai-iltana.<\/p>\n<p class=\"paragraph\">Asian vahvistaa Iltalehdelle meripelastusjohtaja <strong>Jarkko Takala<\/strong> Suomenlahden merivartiostosta.<\/p>\n<p class=\"paragraph\">Rajavartiolaitoksen helikopteri h\u00e4lytettiin teht\u00e4v\u00e4lle puoli kuuden aikaan. Takalan mukaan kopteri k\u00e4vi aluksella.<\/p>\n<p class=\"paragraph\">\u2013 Henkil\u00f6 valitettavasti menehtyi ja h\u00e4n tulee laivan kyydiss\u00e4 rantaan, Takala kertoo.<\/p>\n<p class=\"paragraph\">Tallinkin viestinn\u00e4st\u00e4 vahvistetaan Iltalehdelle, ett\u00e4 henkil\u00f6 kuoli sairauskohtaukseen.<\/p>\n<p class=\"paragraph\">H\u00e4lytysteht\u00e4v\u00e4n aikaan alus oli ulkomerell\u00e4 Helsingin etel\u00e4puolella. Tapauksesta oli ilmoittanut merivartiostolle aluksen miehist\u00f6. Alus saapui Tallinnasta Helsingin L\u00e4nsisatamaan kello 18.30.<\/p>\n<p class=\"paragraph\">Takala kertoo, ett\u00e4 asia on siirtynyt tutkittavaksi poliisille.<\/p>\n<p class=\"paragraph\">Tallinkin viestint\u00e4johtaja <strong>Marika N\u00f6jd<\/strong> sanoo, ettei sairauskohtaus vaikuttanut laivan risteilyaikatauluun.<\/p>\n<p class=\"paragraph\">\u2013 Helsingin p\u00e4\u00e4ss\u00e4 on ollut vastassa tarvittavat viranomaistahot.<\/p>\n<p class=\"paragraph\">N\u00f6jd sanoo, ett\u00e4 laiva l\u00e4htee L\u00e4nsiterminaalista aikataulun mukaisesti kello 19 takaisin Tallinnaan.<\/p>\n","protected":false},"excerpt":{"rendered":"Tallinkin M\/S Megastar-aluksella on tapahtunut kuolemantapaus. Tallink M\/S Megastar. HeliFoto Oy T\u00e4n\u00e4\u00e4n klo 19:01 (p\u00e4ivitetty klo 19:18) Ihminen&hellip;\n","protected":false},"author":2,"featured_media":73820,"comment_status":"","ping_status":"","sticky":false,"template":"","format":"standard","meta":{"footnotes":""},"categories":[12],"tags":[35,22,23,26,27,33,31,30,17,2187,24,25,121,28,29,15,18,21,32,19,20,16,2569,2568,2570],"class_list":{"0":"post-73819","1":"post","2":"type-post","3":"status-publish","4":"format-standard","5":"has-post-thumbnail","7":"category-suomi","8":"tag-24h","9":"tag-breaking-news","10":"tag-breakingnews","11":"tag-featured-news","12":"tag-featurednews","13":"tag-fi","14":"tag-finland","15":"tag-finnish","16":"tag-headlines","17":"tag-kulkuneuvot","18":"tag-latest-news","19":"tag-latestnews","20":"tag-liikenne-ja-kuljetus","21":"tag-main-news","22":"tag-mainnews","23":"tag-news","24":"tag-otsikot","25":"tag-paauutiset","26":"tag-suomi","27":"tag-top-stories","28":"tag-topstories","29":"tag-uutiset","30":"tag-vesikulkuneuvot","31":"tag-vesiliikenne","32":"tag-vesiliikennneonnettomuus"},"share_on_mastodon":{"url":"https:\/\/pubeurope.com\/@fi\/115447345146198116","error":""},"_links":{"self":[{"href":"https:\/\/www.europesays.com\/fi\/wp-json\/wp\/v2\/posts\/73819","targetHints":{"allow":["GET"]}}],"collection":[{"href":"https:\/\/www.europesays.com\/fi\/wp-json\/wp\/v2\/posts"}],"about":[{"href":"https:\/\/www.europesays.com\/fi\/wp-json\/wp\/v2\/types\/post"}],"author":[{"embeddable":true,"href":"https:\/\/www.europesays.com\/fi\/wp-json\/wp\/v2\/users\/2"}],"replies":[{"embeddable":true,"href":"https:\/\/www.europesays.com\/fi\/wp-json\/wp\/v2\/comments?post=73819"}],"version-history":[{"count":0,"href":"https:\/\/www.europesays.com\/fi\/wp-json\/wp\/v2\/posts\/73819\/revisions"}],"wp:featuredmedia":[{"embeddable":true,"href":"https:\/\/www.europesays.com\/fi\/wp-json\/wp\/v2\/media\/73820"}],"wp:attachment":[{"href":"https:\/\/www.europesays.com\/fi\/wp-json\/wp\/v2\/media?parent=73819"}],"wp:term":[{"taxonomy":"category","embeddable":true,"href":"https:\/\/www.europesays.com\/fi\/wp-json\/wp\/v2\/categories?post=73819"},{"taxonomy":"post_tag","embeddable":true,"href":"https:\/\/www.europesays.com\/fi\/wp-json\/wp\/v2\/tags?post=73819"}],"curies":[{"name":"wp","href":"https:\/\/api.w.org\/{rel}","templated":true}]}}