{"id":73821,"date":"2025-10-27T17:37:08","date_gmt":"2025-10-27T17:37:08","guid":{"rendered":"https:\/\/www.europesays.com\/fi\/73821\/"},"modified":"2025-10-27T17:37:08","modified_gmt":"2025-10-27T17:37:08","slug":"venalainen-lukoil-aikoo-myyda-kansainvalisia-omistuksiaan-omistaa-teboilin-uutissuomalainen","status":"publish","type":"post","link":"https:\/\/www.europesays.com\/fi\/73821\/","title":{"rendered":"Ven\u00e4l\u00e4inen Lukoil aikoo myyd\u00e4 kansainv\u00e4lisi\u00e4 omistuksiaan \u2013 omistaa Teboilin | Uutissuomalainen"},"content":{"rendered":"<p>Ven\u00e4l\u00e4inen \u00f6ljy-yhti\u00f6 Lukoil ilmoittaa aikovansa myyd\u00e4 kansainv\u00e4lisi\u00e4 omistuksiaan. Se kertoo <a href=\"https:\/\/www.lukoil.com\/PressCenter\/Pressreleases\/Pressrelease\/on-international-assets-of-lukoil-group\" rel=\"nofollow noopener\" target=\"_blank\">tiedotteessaan<\/a>, ett\u00e4 syyn\u00e4 myyntiin ovat er\u00e4iden valtioiden yhti\u00f6t\u00e4 vastaan asettamat pakotteet.<\/p>\n<p>Lukoil omistaa Suomessa toimivan Teboilin. STT uutisoi viime viikolla, ett\u00e4 Neste on keskeytt\u00e4nyt polttoainetoimitukset Teboilille.&#13;<\/p>\n<p>Tiedotteessa ei yksiselitteisesti kerrota sit\u00e4, onko Lukoilin tavoitteena myyd\u00e4 kaikki ulkomaiset omistuksensa vai pelk\u00e4st\u00e4\u00e4n osa niist\u00e4.&#13;<\/p>\n<p>Lukoil kertoo aloittaneensa ostotarjousten harkinnan. Menettely tehd\u00e4\u00e4n yhti\u00f6n mukaan Yhdysvaltain asettaman siirtym\u00e4ajan puitteissa. Yhdysvaltain pakotep\u00e4\u00e4t\u00f6ksess\u00e4 m\u00e4\u00e4r\u00e4tty kuukauden siirtym\u00e4aika p\u00e4\u00e4ttyy 21. marraskuuta. Lukoil kertoo voivansa hakea jatkoaikaa ulkomaisten liiketoimintojen jatkuvuuden turvaamiseksi.&#13;<\/p>\n<p>Yhdysvallat kertoi viime viikolla asettavansa pakotteita Lukoilille ja toiselle ven\u00e4l\u00e4iselle \u00f6ljyj\u00e4tille Rosneftille. Aiemmin my\u00f6s Britannia kertoi asettavansa uusia Ven\u00e4j\u00e4-pakotteita, jotka kohdistuvat samoihin yrityksiin.&#13;<\/p>\n<p>Teboil kertoi viikonloppuna asiakkailleen suunnatussa tiedotteessa, ett\u00e4 tilausten toimituksissa saattaa esiinty\u00e4 viiveit\u00e4, joiden syyn\u00e4 on nykytilanne.&#13;<\/p>\n<p>Yhti\u00f6 sanoo verkkosivuillaan tekev\u00e4ns\u00e4 kaikkensa varmistaakseen, ett\u00e4 toimitukset sujuvat mahdollisimman h\u00e4iri\u00f6tt\u00f6m\u00e4sti. Jos viiv\u00e4styksi\u00e4 ilmenee, niiden tarkkaa kestoa ei pystyt\u00e4 t\u00e4ss\u00e4 vaiheessa arvioimaan.<\/p>\n","protected":false},"excerpt":{"rendered":"Ven\u00e4l\u00e4inen \u00f6ljy-yhti\u00f6 Lukoil ilmoittaa aikovansa myyd\u00e4 kansainv\u00e4lisi\u00e4 omistuksiaan. Se kertoo tiedotteessaan, ett\u00e4 syyn\u00e4 myyntiin ovat er\u00e4iden valtioiden yhti\u00f6t\u00e4&hellip;\n","protected":false},"author":2,"featured_media":73822,"comment_status":"","ping_status":"","sticky":false,"template":"","format":"standard","meta":{"footnotes":""},"categories":[5],"tags":[22,23,124,1628,26,27,33,31,30,6639,17,104,2870,24,25,28,29,15,2538,2536,18,21,32,19,20,16],"class_list":{"0":"post-73821","1":"post","2":"type-post","3":"status-publish","4":"format-standard","5":"has-post-thumbnail","7":"category-otsikot","8":"tag-breaking-news","9":"tag-breakingnews","10":"tag-energia-sektori","11":"tag-energia-ja-energiavarat","12":"tag-featured-news","13":"tag-featurednews","14":"tag-fi","15":"tag-finland","16":"tag-finnish","17":"tag-fossiiliset-polttoaineet","18":"tag-headlines","19":"tag-helsinki","20":"tag-kaupankaynti","21":"tag-latest-news","22":"tag-latestnews","23":"tag-main-news","24":"tag-mainnews","25":"tag-news","26":"tag-oljy-fossiilinen-polttoaine","27":"tag-oljy-ja-kaasu","28":"tag-otsikot","29":"tag-paauutiset","30":"tag-suomi","31":"tag-top-stories","32":"tag-topstories","33":"tag-uutiset"},"share_on_mastodon":{"url":"https:\/\/pubeurope.com\/@fi\/115447348821056537","error":""},"_links":{"self":[{"href":"https:\/\/www.europesays.com\/fi\/wp-json\/wp\/v2\/posts\/73821","targetHints":{"allow":["GET"]}}],"collection":[{"href":"https:\/\/www.europesays.com\/fi\/wp-json\/wp\/v2\/posts"}],"about":[{"href":"https:\/\/www.europesays.com\/fi\/wp-json\/wp\/v2\/types\/post"}],"author":[{"embeddable":true,"href":"https:\/\/www.europesays.com\/fi\/wp-json\/wp\/v2\/users\/2"}],"replies":[{"embeddable":true,"href":"https:\/\/www.europesays.com\/fi\/wp-json\/wp\/v2\/comments?post=73821"}],"version-history":[{"count":0,"href":"https:\/\/www.europesays.com\/fi\/wp-json\/wp\/v2\/posts\/73821\/revisions"}],"wp:featuredmedia":[{"embeddable":true,"href":"https:\/\/www.europesays.com\/fi\/wp-json\/wp\/v2\/media\/73822"}],"wp:attachment":[{"href":"https:\/\/www.europesays.com\/fi\/wp-json\/wp\/v2\/media?parent=73821"}],"wp:term":[{"taxonomy":"category","embeddable":true,"href":"https:\/\/www.europesays.com\/fi\/wp-json\/wp\/v2\/categories?post=73821"},{"taxonomy":"post_tag","embeddable":true,"href":"https:\/\/www.europesays.com\/fi\/wp-json\/wp\/v2\/tags?post=73821"}],"curies":[{"name":"wp","href":"https:\/\/api.w.org\/{rel}","templated":true}]}}