{"id":73827,"date":"2025-10-27T17:54:08","date_gmt":"2025-10-27T17:54:08","guid":{"rendered":"https:\/\/www.europesays.com\/fi\/73827\/"},"modified":"2025-10-27T17:54:08","modified_gmt":"2025-10-27T17:54:08","slug":"animaation-ikarajaa-nostettiin-tassa-syy","status":"publish","type":"post","link":"https:\/\/www.europesays.com\/fi\/73827\/","title":{"rendered":"Animaation ik\u00e4rajaa nostettiin \u2013 T\u00e4ss\u00e4 syy"},"content":{"rendered":"<p>Japanilaisen animaation ik\u00e4rajaa nostettiin. <\/p>\n<p><img decoding=\"async\" class=\"image image-show image-preview\" src=\"https:\/\/www.europesays.com\/fi\/wp-content\/uploads\/2025\/10\/fcf18dadfadddb19cdc56e07a20cbdaf37d70a5b50e9cf60b594f3ed60c18331.jpg\" alt=\"\"\/><img decoding=\"async\" class=\"image image-show\" src=\"https:\/\/www.europesays.com\/fi\/wp-content\/uploads\/2025\/10\/1761587648_638_fcf18dadfadddb19cdc56e07a20cbdaf37d70a5b50e9cf60b594f3ed60c18331.jpg\" alt=\"\"\/><\/p>\n<p>Elokuvan ik\u00e4rajaa nostettiin. Kuvituskuva.  Mostphotos<\/p>\n<p class=\"paragraph\">Japanilaisen animaatioelokuvan Demon Slayer: Kimetsu no Yaiba Infinity Castle (Gekij\u00f4-ban Kimetsu no Yaiba Mugen J\u00f4-hen, 2025) ik\u00e4rajaa on nostettu yleis\u00f6palautteen perusteella.<\/p>\n<p class=\"paragraph\">Elokuvan entinen ik\u00e4raja oli 12 vuotta. Haitallisuusperusteina oli v\u00e4kivalta ja ahdistus. Kansallinen audiovisuaalinen instituutti (KAVI) kertoo tiedotteessaan nostaneensa ik\u00e4rajaa 16 vuoteen.<\/p>\n<p class=\"paragraph\">Ik\u00e4rajan nostoa perustellaan sill\u00e4, ett\u00e4 elokuva sis\u00e4lt\u00e4\u00e4 runsaasti fiktiivist\u00e4, yksityiskohtaista ja verist\u00e4 v\u00e4kivaltaa. Manga-animaation kontekstissa tapahtuva raju v\u00e4kivalta kohdistuu my\u00f6s lapsihahmoihin.<\/p>\n<p class=\"paragraph\">Ahdistavuuden arviointiin vaikuttivat l\u00e4pi elokuvan jatkuva, intensiivinen v\u00e4kivallan ja kuoleman uhka sek\u00e4 perheenj\u00e4seniin kohdistuneiden v\u00e4kivaltaisten kuolemien aiheuttama koston kierre.<\/p>\n","protected":false},"excerpt":{"rendered":"Japanilaisen animaation ik\u00e4rajaa nostettiin. Elokuvan ik\u00e4rajaa nostettiin. Kuvituskuva. Mostphotos Japanilaisen animaatioelokuvan Demon Slayer: Kimetsu no Yaiba Infinity Castle&hellip;\n","protected":false},"author":2,"featured_media":73828,"comment_status":"","ping_status":"","sticky":false,"template":"","format":"standard","meta":{"footnotes":""},"categories":[131],"tags":[35,623,155,137,33,173,31,30,1928,1616,172,32,485,484,140,109],"class_list":{"0":"post-73827","1":"post","2":"type-post","3":"status-publish","4":"format-standard","5":"has-post-thumbnail","7":"category-elokuvat","8":"tag-24h","9":"tag-elokuva","10":"tag-elokuvat","11":"tag-entertainment","12":"tag-fi","13":"tag-film","14":"tag-finland","15":"tag-finnish","16":"tag-kirjallisuus-ja-audiovisuaalinen-media","17":"tag-media-viestinta","18":"tag-movies","19":"tag-suomi","20":"tag-taide-yleista","21":"tag-taiteellinen-ilmaisu-ja-mediat","22":"tag-tv-ja-elokuvat","23":"tag-viihde"},"share_on_mastodon":{"url":"https:\/\/pubeurope.com\/@fi\/115447415707770471","error":""},"_links":{"self":[{"href":"https:\/\/www.europesays.com\/fi\/wp-json\/wp\/v2\/posts\/73827","targetHints":{"allow":["GET"]}}],"collection":[{"href":"https:\/\/www.europesays.com\/fi\/wp-json\/wp\/v2\/posts"}],"about":[{"href":"https:\/\/www.europesays.com\/fi\/wp-json\/wp\/v2\/types\/post"}],"author":[{"embeddable":true,"href":"https:\/\/www.europesays.com\/fi\/wp-json\/wp\/v2\/users\/2"}],"replies":[{"embeddable":true,"href":"https:\/\/www.europesays.com\/fi\/wp-json\/wp\/v2\/comments?post=73827"}],"version-history":[{"count":0,"href":"https:\/\/www.europesays.com\/fi\/wp-json\/wp\/v2\/posts\/73827\/revisions"}],"wp:featuredmedia":[{"embeddable":true,"href":"https:\/\/www.europesays.com\/fi\/wp-json\/wp\/v2\/media\/73828"}],"wp:attachment":[{"href":"https:\/\/www.europesays.com\/fi\/wp-json\/wp\/v2\/media?parent=73827"}],"wp:term":[{"taxonomy":"category","embeddable":true,"href":"https:\/\/www.europesays.com\/fi\/wp-json\/wp\/v2\/categories?post=73827"},{"taxonomy":"post_tag","embeddable":true,"href":"https:\/\/www.europesays.com\/fi\/wp-json\/wp\/v2\/tags?post=73827"}],"curies":[{"name":"wp","href":"https:\/\/api.w.org\/{rel}","templated":true}]}}