{"id":73854,"date":"2025-10-27T18:29:07","date_gmt":"2025-10-27T18:29:07","guid":{"rendered":"https:\/\/www.europesays.com\/fi\/73854\/"},"modified":"2025-10-27T18:29:07","modified_gmt":"2025-10-27T18:29:07","slug":"lapsi-jai-auton-alle-espoossa","status":"publish","type":"post","link":"https:\/\/www.europesays.com\/fi\/73854\/","title":{"rendered":"Lapsi j\u00e4i auton alle Espoossa"},"content":{"rendered":"<p>Onnettomuudet|Lapsi on toimitettu sairaalahoitoon. Auton kuljettajaa ep\u00e4ill\u00e4\u00e4n t\u00f6rke\u00e4st\u00e4 vammantuottamuksesta.<\/p>\n<p class=\"article-body mb-nof-24 px-nof-16\">Lapsi j\u00e4i auton alle Kaitaantiell\u00e4 Espoossa maanantaina. L\u00e4nsi-Uudenmaan poliisi tiedottaa, ett\u00e4 se sai h\u00e4lytyksen onnettomuudesta noin kello 17.<\/p>\n<p class=\"article-body mb-nof-24 px-nof-16\">Tytt\u00f6 on poliisin mukaan toimitettu sairaalahoitoon.<\/p>\n<p class=\"article-body mb-nof-24 px-nof-16\">Henkil\u00f6auton kuljettajaa ep\u00e4ill\u00e4\u00e4n t\u00e4ll\u00e4 hetkell\u00e4 t\u00f6rke\u00e4st\u00e4 liikenneturvallisuuden vaarantamisesta ja t\u00f6rke\u00e4st\u00e4 vammantuottamuksesta, poliisi kertoo. Rikosnimikkeet voivat muuttua tai tarkentua esitutkinnan edetess\u00e4.<\/p>\n<p class=\"article-body mb-nof-24 px-nof-16\">Poliisi selvitt\u00e4\u00e4 t\u00e4ll\u00e4 hetkell\u00e4 onnettomuuteen johtaneita syit\u00e4.<\/p>\n<p class=\"article-body mb-nof-24 px-nof-16\">HS ei ole tavoittanut poliisia kommentoimaan onnettomuutta tarkemmin.<\/p>\n","protected":false},"excerpt":{"rendered":"Onnettomuudet|Lapsi on toimitettu sairaalahoitoon. Auton kuljettajaa ep\u00e4ill\u00e4\u00e4n t\u00f6rke\u00e4st\u00e4 vammantuottamuksesta. Lapsi j\u00e4i auton alle Kaitaantiell\u00e4 Espoossa maanantaina. L\u00e4nsi-Uudenmaan poliisi&hellip;\n","protected":false},"author":2,"featured_media":83,"comment_status":"","ping_status":"","sticky":false,"template":"","format":"standard","meta":{"footnotes":""},"categories":[5],"tags":[22,23,26,27,33,31,30,17,46,24,25,28,29,15,18,21,32,19,20,16],"class_list":{"0":"post-73854","1":"post","2":"type-post","3":"status-publish","4":"format-standard","5":"has-post-thumbnail","7":"category-otsikot","8":"tag-breaking-news","9":"tag-breakingnews","10":"tag-featured-news","11":"tag-featurednews","12":"tag-fi","13":"tag-finland","14":"tag-finnish","15":"tag-headlines","16":"tag-helsingin-sanomat","17":"tag-latest-news","18":"tag-latestnews","19":"tag-main-news","20":"tag-mainnews","21":"tag-news","22":"tag-otsikot","23":"tag-paauutiset","24":"tag-suomi","25":"tag-top-stories","26":"tag-topstories","27":"tag-uutiset"},"share_on_mastodon":{"url":"https:\/\/pubeurope.com\/@fi\/115447553269962714","error":""},"_links":{"self":[{"href":"https:\/\/www.europesays.com\/fi\/wp-json\/wp\/v2\/posts\/73854","targetHints":{"allow":["GET"]}}],"collection":[{"href":"https:\/\/www.europesays.com\/fi\/wp-json\/wp\/v2\/posts"}],"about":[{"href":"https:\/\/www.europesays.com\/fi\/wp-json\/wp\/v2\/types\/post"}],"author":[{"embeddable":true,"href":"https:\/\/www.europesays.com\/fi\/wp-json\/wp\/v2\/users\/2"}],"replies":[{"embeddable":true,"href":"https:\/\/www.europesays.com\/fi\/wp-json\/wp\/v2\/comments?post=73854"}],"version-history":[{"count":0,"href":"https:\/\/www.europesays.com\/fi\/wp-json\/wp\/v2\/posts\/73854\/revisions"}],"wp:featuredmedia":[{"embeddable":true,"href":"https:\/\/www.europesays.com\/fi\/wp-json\/wp\/v2\/media\/83"}],"wp:attachment":[{"href":"https:\/\/www.europesays.com\/fi\/wp-json\/wp\/v2\/media?parent=73854"}],"wp:term":[{"taxonomy":"category","embeddable":true,"href":"https:\/\/www.europesays.com\/fi\/wp-json\/wp\/v2\/categories?post=73854"},{"taxonomy":"post_tag","embeddable":true,"href":"https:\/\/www.europesays.com\/fi\/wp-json\/wp\/v2\/tags?post=73854"}],"curies":[{"name":"wp","href":"https:\/\/api.w.org\/{rel}","templated":true}]}}