{"id":73859,"date":"2025-10-27T18:49:11","date_gmt":"2025-10-27T18:49:11","guid":{"rendered":"https:\/\/www.europesays.com\/fi\/73859\/"},"modified":"2025-10-27T18:49:11","modified_gmt":"2025-10-27T18:49:11","slug":"valkoinen-talo-juhlisti-konsolisotien-paattymista-hyvin-erikoisella-tekoalykuvalla-trump-lopetti-tamankin-sodan","status":"publish","type":"post","link":"https:\/\/www.europesays.com\/fi\/73859\/","title":{"rendered":"Valkoinen talo juhlisti &#8221;konsolisotien p\u00e4\u00e4ttymist\u00e4&#8221; hyvin erikoisella teko\u00e4lykuvalla \u2013\u00a0&#8221;Trump lopetti t\u00e4m\u00e4nkin sodan&#8221;"},"content":{"rendered":"<p>Valkoinen talo juhlisti \u201dkonsolisodan p\u00e4\u00e4ttymist\u00e4\u201d teko\u00e4lykuvalla Trumpista Master Chiefin\u00e4.<\/p>\n<p>Yhdysvaltain Valkoinen talo on her\u00e4tt\u00e4nyt h\u00e4mmennyst\u00e4 julkaisemalla teko\u00e4lyll\u00e4 luodun kuvan, jossa presidentti Donald Trump on kuvattu <a href=\"https:\/\/muropaketti.com\/avainsana\/halo\/\" rel=\"nofollow noopener\" target=\"_blank\">Halo<\/a>-sarjan sankarina, Master Chiefin\u00e4, tervehtim\u00e4ss\u00e4 Yhdysvaltain lippua energiamiekka k\u00e4dess\u00e4\u00e4n.<\/p>\n<p>Julkaisu liittyi GameStopin lausuntoon, jonka mukaan \u201ckonsolisodat ovat ohi\u201d, kun <a href=\"https:\/\/muropaketti.com\/pelit\/peliuutiset\/halo-saapuu-vihdoin-myos-playstationille\/\" rel=\"nofollow noopener\" target=\"_blank\">Halo julkaistaan ensimm\u00e4ist\u00e4 kertaa PlayStationille<\/a>. Valkoisen talon postaus vihjasi leikillisesti, ett\u00e4 Trump olisi \u201clopettanut t\u00e4m\u00e4nkin sodan\u201d. <\/p>\n<p>T\u00e4m\u00e4 ei ole ensimm\u00e4inen kerta, kun Trumpin nime\u00e4 on k\u00e4ytetty teko\u00e4lyll\u00e4 luodussa sis\u00e4ll\u00f6ss\u00e4: aiemmin presidentti jakoi videon, jossa h\u00e4n lent\u00e4\u00e4 h\u00e4vitt\u00e4j\u00e4ll\u00e4 ja pudottaa ruskeaa nestett\u00e4 mielenosoittajien p\u00e4\u00e4lle. <\/p>\n<blockquote class=\"twitter-tweet\">\n<p lang=\"en\" dir=\"ltr\">Power to the Players <a href=\"https:\/\/t.co\/GqNu0qdgmw\" rel=\"nofollow\">https:\/\/t.co\/GqNu0qdgmw<\/a> <a href=\"https:\/\/t.co\/4Hw6G7i7aW\" rel=\"nofollow\">pic.twitter.com\/4Hw6G7i7aW<\/a><\/p>\n<p>\u2014 The White House (@WhiteHouse) <a href=\"https:\/\/twitter.com\/WhiteHouse\/status\/1982638578913206632?ref_src=twsrc%5Etfw\" rel=\"nofollow noopener\" target=\"_blank\">October 27, 2025<\/a><\/p><\/blockquote>\n<p><script async src=\"https:\/\/platform.twitter.com\/widgets.js\" charset=\"utf-8\"><\/script><\/p>\n","protected":false},"excerpt":{"rendered":"Valkoinen talo juhlisti \u201dkonsolisodan p\u00e4\u00e4ttymist\u00e4\u201d teko\u00e4lykuvalla Trumpista Master Chiefin\u00e4. Yhdysvaltain Valkoinen talo on her\u00e4tt\u00e4nyt h\u00e4mmennyst\u00e4 julkaisemalla teko\u00e4lyll\u00e4 luodun&hellip;\n","protected":false},"author":2,"featured_media":73860,"comment_status":"","ping_status":"","sticky":false,"template":"","format":"standard","meta":{"footnotes":""},"categories":[130],"tags":[585,137,33,31,30,15997,32,109],"class_list":{"0":"post-73859","1":"post","2":"type-post","3":"status-publish","4":"format-standard","5":"has-post-thumbnail","7":"category-viihde","8":"tag-donald-trump","9":"tag-entertainment","10":"tag-fi","11":"tag-finland","12":"tag-finnish","13":"tag-halo","14":"tag-suomi","15":"tag-viihde"},"share_on_mastodon":{"url":"https:\/\/pubeurope.com\/@fi\/115447631933900878","error":""},"_links":{"self":[{"href":"https:\/\/www.europesays.com\/fi\/wp-json\/wp\/v2\/posts\/73859","targetHints":{"allow":["GET"]}}],"collection":[{"href":"https:\/\/www.europesays.com\/fi\/wp-json\/wp\/v2\/posts"}],"about":[{"href":"https:\/\/www.europesays.com\/fi\/wp-json\/wp\/v2\/types\/post"}],"author":[{"embeddable":true,"href":"https:\/\/www.europesays.com\/fi\/wp-json\/wp\/v2\/users\/2"}],"replies":[{"embeddable":true,"href":"https:\/\/www.europesays.com\/fi\/wp-json\/wp\/v2\/comments?post=73859"}],"version-history":[{"count":0,"href":"https:\/\/www.europesays.com\/fi\/wp-json\/wp\/v2\/posts\/73859\/revisions"}],"wp:featuredmedia":[{"embeddable":true,"href":"https:\/\/www.europesays.com\/fi\/wp-json\/wp\/v2\/media\/73860"}],"wp:attachment":[{"href":"https:\/\/www.europesays.com\/fi\/wp-json\/wp\/v2\/media?parent=73859"}],"wp:term":[{"taxonomy":"category","embeddable":true,"href":"https:\/\/www.europesays.com\/fi\/wp-json\/wp\/v2\/categories?post=73859"},{"taxonomy":"post_tag","embeddable":true,"href":"https:\/\/www.europesays.com\/fi\/wp-json\/wp\/v2\/tags?post=73859"}],"curies":[{"name":"wp","href":"https:\/\/api.w.org\/{rel}","templated":true}]}}