{"id":73910,"date":"2025-10-27T20:07:07","date_gmt":"2025-10-27T20:07:07","guid":{"rendered":"https:\/\/www.europesays.com\/fi\/73910\/"},"modified":"2025-10-27T20:07:07","modified_gmt":"2025-10-27T20:07:07","slug":"syopaan-sairastunut-uutiskasvo-milla-madetoja-pysayttava-paivitys","status":"publish","type":"post","link":"https:\/\/www.europesays.com\/fi\/73910\/","title":{"rendered":"Sy\u00f6p\u00e4\u00e4n sairastunut uutiskasvo Milla Madetoja &#8211; pys\u00e4ytt\u00e4v\u00e4 p\u00e4ivitys"},"content":{"rendered":"<p>Ylen uutisankkuri Milla Madetoja sairastui viime helmikuussa leukemiaan.<\/p>\n<p>H\u00e4n vietti sen j\u00e4lkeen sairaalassa puoli vuotta. El\u00e4m\u00e4 pys\u00e4htyi t\u00e4ysin.<\/p>\n<p>Avuksi tuli kuitenkin kantasolusiirto. Luovuttajaksi k\u00e4vi lopulta oma sisar.<\/p>\n<p>Nyt Milla on summannut kokemuksiaan sy\u00f6p\u00e4\u00e4n sairastumisensa j\u00e4lkeen, ja tehnyt koskettavan ja pys\u00e4ytt\u00e4v\u00e4n somep\u00e4ivityksen.<\/p>\n<p>Millan l\u00e4heisille suuri kiitos<\/p>\n<p>-En tied\u00e4 miss\u00e4 olisin ilman teit\u00e4, Milla kirjoittaa omalla tilill\u00e4\u00e4n ja kertoo, ett\u00e4 h\u00e4nt\u00e4 on kannatellut ja pit\u00e4nyt koossa ihmeellinen joukko l\u00e4heisi\u00e4 ihmisi\u00e4.<\/p>\n<p>H\u00e4n sanoo olleensa eilen mukana juhlissa, joissa juhlittiin el\u00e4m\u00e4\u00e4.<\/p>\n<p>\u2013 Eilen sy\u00f6tiin, juotiin ja juhlittiin el\u00e4m\u00e4\u00e4!<\/p>\n<p>Paikalle olivat kokoontuneet Millan tukijoukot.<\/p>\n<p>-Kiitos, ett\u00e4 olette olleet puhelimen p\u00e4\u00e4ss\u00e4 ihan koko ajan! Milla kiittelee, sitten h\u00e4n luettelee koskettavasti ja yksityiskohtaisesti mit\u00e4 l\u00e4heiset ovat h\u00e4nen eteens\u00e4 tehneet:<\/p>\n<p>-Te toitte porkkanas\u00e4mpyl\u00f6it\u00e4 ovelle, tulitte sairaalaan maski kasvoilla ja toitte smoothieta, luettavaa, karkkia ja lankoja neulomista varten. Te veitte mua k\u00e4velylle, py\u00f6r\u00e4ilylle, labraan, sairaalaan ja takaisin, ostamaan peruukkia. Te rukoilitte illalla mun puolesta. Te veitte lapsia paikkoihin, joihin en itse viel\u00e4 voinut menn\u00e4. Laitoitte tsemppiviestej\u00e4, l\u00e4hetitte kukkia ja toitte suklaata. Itkitte mun kanssa. Laitoitte viesti\u00e4, silti, vaikka en aina jaksanut vastata. Pelasitte mun kanssa yatzia ja shakkia, l\u00e4hetitte mulle biisej\u00e4. Te nukuitte mun kanssa \u00f6it\u00e4 ja valvoitte vierell\u00e4 ja keititte kahvit aamulla. Te veitte mut Turkuun sairaalaan kantasolusiirtoon, aloittamaan uutta el\u00e4m\u00e4\u00e4. Huutaen Turkuun ja liftaten takas. Te nappasitte musta kiinni kun olin pudota.<\/p>\n<p>Somekirjoituksesta voi aistia suuren rakkauden. <\/p>\n<p>Lue my\u00f6s: <a href=\"https:\/\/www.como.fi\/uutiset\/syopaa-sairastava-uutisankkuri-milla-madetoja-julkaisi-kuvan-hoitojen-jalkeen\/\" title=\"Sy\u00f6p\u00e4\u00e4 sairastava uutisankkuri Milla Madetoja julkaisi kuvan hoitojen j\u00e4lkeen\" class=\"underline-custom !font-montserrat !font-bold !underline-offset-4 !decoration-4 !decoration-red-600 !text-md\" rel=\"nofollow noopener\" target=\"_blank\">Sy\u00f6p\u00e4\u00e4 sairastava uutisankkuri Milla Madetoja julkaisi kuvan hoitojen j\u00e4lkeen<\/a><\/p>\n<p>Lue my\u00f6s: <a href=\"https:\/\/www.como.fi\/uutiset\/uutisankkuri-milla-madetoja-sai-pelkaamansa-soiton-syopalaakarilta\/\" title=\"Uutisankkuri Milla Madetoja sai pelk\u00e4\u00e4m\u00e4ns\u00e4 soiton sy\u00f6p\u00e4l\u00e4\u00e4k\u00e4rilt\u00e4\" class=\"underline-custom !font-montserrat !font-bold !underline-offset-4 !decoration-4 !decoration-red-600 !text-md\" rel=\"nofollow noopener\" target=\"_blank\">Uutisankkuri Milla Madetoja sai pelk\u00e4\u00e4m\u00e4ns\u00e4 soiton sy\u00f6p\u00e4l\u00e4\u00e4k\u00e4rilt\u00e4<\/a><\/p>\n<p>Lue my\u00f6s: <a href=\"https:\/\/www.como.fi\/tilaa-comon-uutiskirje\/\" title=\"Tilaa Comon uutiskirje ja tied\u00e4t mist\u00e4 kahvitauolla puhutaan! Nappaa kotimaan tv-vinkit ja puheenaiheet suoraan s\u00e4hk\u00f6postiin t\u00e4st\u00e4.\" class=\"underline-custom !font-montserrat !font-bold !underline-offset-4 !decoration-4 !decoration-red-600 !text-md\" rel=\"nofollow noopener\" target=\"_blank\">Tilaa Comon uutiskirje ja tied\u00e4t mist\u00e4 kahvitauolla puhutaan! Nappaa kotimaan tv-vinkit ja puheenaiheet suoraan s\u00e4hk\u00f6postiin t\u00e4st\u00e4.<\/a><\/p>\n","protected":false},"excerpt":{"rendered":"Ylen uutisankkuri Milla Madetoja sairastui viime helmikuussa leukemiaan. H\u00e4n vietti sen j\u00e4lkeen sairaalassa puoli vuotta. El\u00e4m\u00e4 pys\u00e4htyi t\u00e4ysin.&hellip;\n","protected":false},"author":2,"featured_media":73911,"comment_status":"","ping_status":"","sticky":false,"template":"","format":"standard","meta":{"footnotes":""},"categories":[130],"tags":[137,33,31,30,9401,32,109],"class_list":{"0":"post-73910","1":"post","2":"type-post","3":"status-publish","4":"format-standard","5":"has-post-thumbnail","7":"category-viihde","8":"tag-entertainment","9":"tag-fi","10":"tag-finland","11":"tag-finnish","12":"tag-milla-madetoja","13":"tag-suomi","14":"tag-viihde"},"share_on_mastodon":{"url":"https:\/\/pubeurope.com\/@fi\/115447938744456374","error":""},"_links":{"self":[{"href":"https:\/\/www.europesays.com\/fi\/wp-json\/wp\/v2\/posts\/73910","targetHints":{"allow":["GET"]}}],"collection":[{"href":"https:\/\/www.europesays.com\/fi\/wp-json\/wp\/v2\/posts"}],"about":[{"href":"https:\/\/www.europesays.com\/fi\/wp-json\/wp\/v2\/types\/post"}],"author":[{"embeddable":true,"href":"https:\/\/www.europesays.com\/fi\/wp-json\/wp\/v2\/users\/2"}],"replies":[{"embeddable":true,"href":"https:\/\/www.europesays.com\/fi\/wp-json\/wp\/v2\/comments?post=73910"}],"version-history":[{"count":0,"href":"https:\/\/www.europesays.com\/fi\/wp-json\/wp\/v2\/posts\/73910\/revisions"}],"wp:featuredmedia":[{"embeddable":true,"href":"https:\/\/www.europesays.com\/fi\/wp-json\/wp\/v2\/media\/73911"}],"wp:attachment":[{"href":"https:\/\/www.europesays.com\/fi\/wp-json\/wp\/v2\/media?parent=73910"}],"wp:term":[{"taxonomy":"category","embeddable":true,"href":"https:\/\/www.europesays.com\/fi\/wp-json\/wp\/v2\/categories?post=73910"},{"taxonomy":"post_tag","embeddable":true,"href":"https:\/\/www.europesays.com\/fi\/wp-json\/wp\/v2\/tags?post=73910"}],"curies":[{"name":"wp","href":"https:\/\/api.w.org\/{rel}","templated":true}]}}