{"id":73912,"date":"2025-10-27T20:08:11","date_gmt":"2025-10-27T20:08:11","guid":{"rendered":"https:\/\/www.europesays.com\/fi\/73912\/"},"modified":"2025-10-27T20:08:11","modified_gmt":"2025-10-27T20:08:11","slug":"lintu-joutui-liian-pahaan-pinteeseen-merikarvialla","status":"publish","type":"post","link":"https:\/\/www.europesays.com\/fi\/73912\/","title":{"rendered":"Lintu joutui liian pahaan pinteeseen Merikarvialla"},"content":{"rendered":"<p>Pelastuslaitos kutsuttiin apuun koulukeskukselle.<\/p>\n<p class=\"article-body mb-nof-24 px-nof-16\">Merikarvia<\/p>\n<p class=\"article-body mb-nof-24 px-nof-16\">Pikkulintu joutui erikoiseen pinteeseen maanantaina Merikarvian koulukeskuksella, kun se ajautui syv\u00e4lle sis\u00e4\u00e4n leikkipuiston kiipeilytelineen putkeen.<\/p>\n<p class=\"article-body mb-nof-24 px-nof-16\">Pelastuslaitos kutsuttiin apuun ennen ilta kuutta.<\/p>\n<p class=\"article-body mb-nof-24 px-nof-16\">\u201dLintu saatiin kaivettua sielt\u00e4 pois, mutta se oli niin pahoin loukkaantunut, ett\u00e4 se jouduttiin lopettamaan\u201d, kertoo p\u00e4ivyst\u00e4v\u00e4 palomestari<a class=\"article-personlink\" href=\"https:\/\/www.satakunnankansa.fi\/haku\/?query=%20Perttu%20Kuhanen\" rel=\"nofollow noopener\" target=\"_blank\"> Perttu Kuhanen<\/a>.<\/p>\n","protected":false},"excerpt":{"rendered":"Pelastuslaitos kutsuttiin apuun koulukeskukselle. Merikarvia Pikkulintu joutui erikoiseen pinteeseen maanantaina Merikarvian koulukeskuksella, kun se ajautui syv\u00e4lle sis\u00e4\u00e4n leikkipuiston&hellip;\n","protected":false},"author":2,"featured_media":73913,"comment_status":"","ping_status":"","sticky":false,"template":"","format":"standard","meta":{"footnotes":""},"categories":[112],"tags":[33,31,30,80,118,32,119],"class_list":{"0":"post-73912","1":"post","2":"type-post","3":"status-publish","4":"format-standard","5":"has-post-thumbnail","7":"category-tiede","8":"tag-fi","9":"tag-finland","10":"tag-finnish","11":"tag-satakunnan-kansa","12":"tag-science","13":"tag-suomi","14":"tag-tiede"},"share_on_mastodon":{"url":"https:\/\/pubeurope.com\/@fi\/115447942516564806","error":""},"_links":{"self":[{"href":"https:\/\/www.europesays.com\/fi\/wp-json\/wp\/v2\/posts\/73912","targetHints":{"allow":["GET"]}}],"collection":[{"href":"https:\/\/www.europesays.com\/fi\/wp-json\/wp\/v2\/posts"}],"about":[{"href":"https:\/\/www.europesays.com\/fi\/wp-json\/wp\/v2\/types\/post"}],"author":[{"embeddable":true,"href":"https:\/\/www.europesays.com\/fi\/wp-json\/wp\/v2\/users\/2"}],"replies":[{"embeddable":true,"href":"https:\/\/www.europesays.com\/fi\/wp-json\/wp\/v2\/comments?post=73912"}],"version-history":[{"count":0,"href":"https:\/\/www.europesays.com\/fi\/wp-json\/wp\/v2\/posts\/73912\/revisions"}],"wp:featuredmedia":[{"embeddable":true,"href":"https:\/\/www.europesays.com\/fi\/wp-json\/wp\/v2\/media\/73913"}],"wp:attachment":[{"href":"https:\/\/www.europesays.com\/fi\/wp-json\/wp\/v2\/media?parent=73912"}],"wp:term":[{"taxonomy":"category","embeddable":true,"href":"https:\/\/www.europesays.com\/fi\/wp-json\/wp\/v2\/categories?post=73912"},{"taxonomy":"post_tag","embeddable":true,"href":"https:\/\/www.europesays.com\/fi\/wp-json\/wp\/v2\/tags?post=73912"}],"curies":[{"name":"wp","href":"https:\/\/api.w.org\/{rel}","templated":true}]}}