{"id":73917,"date":"2025-10-27T20:12:08","date_gmt":"2025-10-27T20:12:08","guid":{"rendered":"https:\/\/www.europesays.com\/fi\/73917\/"},"modified":"2025-10-27T20:12:08","modified_gmt":"2025-10-27T20:12:08","slug":"mediat-ihminen-kuoli-tallinkin-laivalla-uutissuomalainen","status":"publish","type":"post","link":"https:\/\/www.europesays.com\/fi\/73917\/","title":{"rendered":"Mediat: Ihminen kuoli Tallinkin laivalla | Uutissuomalainen"},"content":{"rendered":"<p>Ihminen kuoli sairaskohtaukseen Tallinkin Megastar-laivalla maanantaina. Asiasta uutisoivat ainakin <a href=\"https:\/\/www.iltalehti.fi\/kotimaa\/a\/e0501291-c284-4618-92f3-72839a356167\" rel=\"nofollow noopener\" target=\"_blank\">Iltalehti<\/a>, <a href=\"https:\/\/www.is.fi\/kotimaa\/art-2000011587629.html\" rel=\"nofollow noopener\" target=\"_blank\">Ilta-Sanomat<\/a> ja <a href=\"https:\/\/www.mtvuutiset.fi\/artikkeli\/ihminen-kuoli-tallinkin-risteilylla\/9246602\" rel=\"nofollow noopener\" target=\"_blank\">MTV:n uutiset<\/a>.<\/p>\n<p>Tallinkin viestint\u00e4johtaja Marika N\u00f6jd vahvisti tapauksen medioille. Sairaskohtauksen saanutta ihmist\u00e4 yritettiin elvytt\u00e4\u00e4, mutta t\u00e4m\u00e4 kuoli laivalla.<\/p>\n<p>Iltalehden mukaan h\u00e4lytyksen aikaan alus oli ulkomerell\u00e4 Helsingin etel\u00e4puolella. Aluksen miehist\u00f6 ilmoitti tapauksesta Suomenlahden merivartiostolle, ja laivalle l\u00e4hetettiin my\u00f6s rajavartiolaitoksen helikopteri.<\/p>\n<p>Laiva oli palaamassa Tallinnasta Helsinkiin, minne se saapui kello 18.30. Laiva l\u00e4hti aikataulun mukaisesti kello 19 Helsingist\u00e4 takaisin Tallinnaan.<\/p>\n","protected":false},"excerpt":{"rendered":"Ihminen kuoli sairaskohtaukseen Tallinkin Megastar-laivalla maanantaina. Asiasta uutisoivat ainakin Iltalehti, Ilta-Sanomat ja MTV:n uutiset. Tallinkin viestint\u00e4johtaja Marika N\u00f6jd&hellip;\n","protected":false},"author":2,"featured_media":73918,"comment_status":"","ping_status":"","sticky":false,"template":"","format":"standard","meta":{"footnotes":""},"categories":[12],"tags":[22,23,26,27,33,31,30,17,104,24,25,121,28,29,3036,15,18,21,32,3131,3129,19,20,16,2569,2568],"class_list":{"0":"post-73917","1":"post","2":"type-post","3":"status-publish","4":"format-standard","5":"has-post-thumbnail","7":"category-suomi","8":"tag-breaking-news","9":"tag-breakingnews","10":"tag-featured-news","11":"tag-featurednews","12":"tag-fi","13":"tag-finland","14":"tag-finnish","15":"tag-headlines","16":"tag-helsinki","17":"tag-latest-news","18":"tag-latestnews","19":"tag-liikenne-ja-kuljetus","20":"tag-main-news","21":"tag-mainnews","22":"tag-meri-ja-rannikkoliikenne","23":"tag-news","24":"tag-otsikot","25":"tag-paauutiset","26":"tag-suomi","27":"tag-tallink-group","28":"tag-tallinna","29":"tag-top-stories","30":"tag-topstories","31":"tag-uutiset","32":"tag-vesikulkuneuvot","33":"tag-vesiliikenne"},"share_on_mastodon":{"url":"https:\/\/pubeurope.com\/@fi\/115447958406344111","error":""},"_links":{"self":[{"href":"https:\/\/www.europesays.com\/fi\/wp-json\/wp\/v2\/posts\/73917","targetHints":{"allow":["GET"]}}],"collection":[{"href":"https:\/\/www.europesays.com\/fi\/wp-json\/wp\/v2\/posts"}],"about":[{"href":"https:\/\/www.europesays.com\/fi\/wp-json\/wp\/v2\/types\/post"}],"author":[{"embeddable":true,"href":"https:\/\/www.europesays.com\/fi\/wp-json\/wp\/v2\/users\/2"}],"replies":[{"embeddable":true,"href":"https:\/\/www.europesays.com\/fi\/wp-json\/wp\/v2\/comments?post=73917"}],"version-history":[{"count":0,"href":"https:\/\/www.europesays.com\/fi\/wp-json\/wp\/v2\/posts\/73917\/revisions"}],"wp:featuredmedia":[{"embeddable":true,"href":"https:\/\/www.europesays.com\/fi\/wp-json\/wp\/v2\/media\/73918"}],"wp:attachment":[{"href":"https:\/\/www.europesays.com\/fi\/wp-json\/wp\/v2\/media?parent=73917"}],"wp:term":[{"taxonomy":"category","embeddable":true,"href":"https:\/\/www.europesays.com\/fi\/wp-json\/wp\/v2\/categories?post=73917"},{"taxonomy":"post_tag","embeddable":true,"href":"https:\/\/www.europesays.com\/fi\/wp-json\/wp\/v2\/tags?post=73917"}],"curies":[{"name":"wp","href":"https:\/\/api.w.org\/{rel}","templated":true}]}}