{"id":73919,"date":"2025-10-27T20:13:11","date_gmt":"2025-10-27T20:13:11","guid":{"rendered":"https:\/\/www.europesays.com\/fi\/73919\/"},"modified":"2025-10-27T20:13:11","modified_gmt":"2025-10-27T20:13:11","slug":"pitka-ennuste-julki-talta-nayttaa-marraskuun-saa","status":"publish","type":"post","link":"https:\/\/www.europesays.com\/fi\/73919\/","title":{"rendered":"Pitk\u00e4 ennuste julki \u2013 T\u00e4lt\u00e4 n\u00e4ytt\u00e4\u00e4 marraskuun s\u00e4\u00e4"},"content":{"rendered":"<p>Forecan mukaan tulevien viikkojen s\u00e4\u00e4 n\u00e4ytt\u00e4\u00e4 kuukausiennusteessa    \u201dhyvinkin harmaalta\u201d.<\/p>\n<p><img decoding=\"async\" class=\"image image-show image-preview\" src=\"https:\/\/www.europesays.com\/fi\/wp-content\/uploads\/2025\/10\/0000694f800c9f9fd83b7dfcac96f87365ae97e59432fee1d97b4ad6092db1da.jpg\" alt=\"\"\/><img decoding=\"async\" class=\"image image-show\" src=\"https:\/\/www.europesays.com\/fi\/wp-content\/uploads\/2025\/10\/1761366068_388_0000694f800c9f9fd83b7dfcac96f87365ae97e59432fee1d97b4ad6092db1da.jpg\" alt=\"\"\/><\/p>\n<p>Sateenvarjo lienee tarpeellinen ulkoiluvaruste kautta maan tulevina viikkoina. Niina Isokoski<\/p>\n<p class=\"paragraph\">Euroopan keskipitkien s\u00e4\u00e4ennusteiden keskus ECMWF julkaisi sunnuntaina tuoreen kuukausiennusteen. Foreca perkaa ennustetta <a href=\"https:\/\/www.foreca.fi\/meteorologilta\/io6t4581\" target=\"_blank\" rel=\"noopener nofollow\">s\u00e4\u00e4blogissaan<\/a>.<\/p>\n<p class=\"paragraph\">Forecan mukaan tulevien viikkojen ennuste n\u00e4ytt\u00e4\u00e4 v\u00e4rilt\u00e4\u00e4n \u201dhyvinkin harmaalta\u201d. S\u00e4\u00e4n ennustetaan olevan suuren osan ajasta lauha, pilvinen ja ajoittain sateinen.<\/p>\n<p class=\"paragraph\">Forecan vuosien 1991\u20132020 tilastojen mukaan terminen talvi alkoi Suomessa suuressa osassa maata keskim\u00e4\u00e4rin marraskuun aikana. Tuoreen kuukausiennusteen mukaan talvi ei ala t\u00e4n\u00e4 vuonna ainakaan tavanomaista aiemmin.<\/p>\n<p class=\"paragraph\">\u2013 Syksy ei n\u00e4yt\u00e4 vaihtuvan Suomessa talveksi marraskuun aikana ainakaan etuajassa aikataulusta, Forecan meteorologi <strong>Joanna Rinne<\/strong> kirjoittaa blogissa.<\/p>\n<p class=\"paragraph\">Foreca kertoo, ett\u00e4 lyhytaikaisia r\u00e4nt\u00e4- ja lumisateita on kuitenkin odotettavissa marraskuun aikana yh\u00e4 useammin Pohjois-Suomessa ja v\u00e4hitellen my\u00f6s etel\u00e4mp\u00e4n\u00e4.<\/p>\n<p>Termisen talven keskim\u00e4\u00e4r\u00e4inen alkamisp\u00e4iv\u00e4 tilastoissa 1991\u20132020. Talvi alkaa, kun vuorokauden keskil\u00e4mp\u00f6tila laskee pysyv\u00e4mmin 0 asteen alapuolelle. Foreca<\/p>\n<p>Kuluva viikko<\/p>\n<p class=\"paragraph\">T\u00e4n\u00e4\u00e4n maanantaina alkanut viikko on Forecan mukaan tavanomaista l\u00e4mpim\u00e4mpi. L\u00e4mp\u00f6tilat ovat p\u00e4ivin ja \u00f6in noin viiden asteen tuntumassa. Pohjois-Lapissa voi olla ajoittain pikkupakkasia.<\/p>\n<p class=\"paragraph\">Forecan mukaan sateita on ennusteen mukaan luvassa tavanomaista runsaammin maan etel\u00e4- ja keskiosassa sek\u00e4 k\u00e4sivarren Lapissa.<\/p>\n<p class=\"paragraph\">Syyn\u00e4 sateisiin on arkip\u00e4ivien aikana Suomen yll\u00e4 oleva hyvin laaja matalapainealue, jonka my\u00f6t\u00e4 s\u00e4\u00e4 on hyvinkin pilvist\u00e4.<\/p>\n<p class=\"paragraph\">\u2013 Kuukausiennusteen karttojen perusteella Suomessa puhaltaa viikolla keskim\u00e4\u00e4rin lounainen ilmavirtaus, ja meille virtaa lauhaa ilmaa ja sateita l\u00e4nnen puolelta, Rinne kirjoittaa.<\/p>\n<p>Tulevat viikot<\/p>\n<p class=\"paragraph\">Ensi viikko on kuukausiennusteen mukaan tavanomaista l\u00e4mpim\u00e4mpi. Sama tilanne on kuukausiennusteen mukaan l\u00e4hes koko Euroopassa.<\/p>\n<p class=\"paragraph\">Ennusteen mukaan Suomessa vallitsee yh\u00e4 etel\u00e4npuoleinen ilmavirtaus, jonka my\u00f6t\u00e4 odotettavissa on todenn\u00e4k\u00f6isesti pilvist\u00e4 s\u00e4\u00e4t\u00e4 ja sateisia p\u00e4ivi\u00e4.<\/p>\n<p class=\"paragraph\">Runsaimpien sateiden ennustetaan kohdistuvan Pohjois-Suomeen. Maan etel\u00e4puoliskolla sadem\u00e4\u00e4rien ennustetaan puolestaan olevan tavanomaisia ajankohtaan n\u00e4hden.<\/p>\n<p class=\"paragraph\">Kuukausiennusteessa kurkistetaan varovaisesti my\u00f6s marraskuun puoliv\u00e4lin viikkojen s\u00e4\u00e4h\u00e4n.<\/p>\n<p class=\"paragraph\">Marraskuun 10. p\u00e4iv\u00e4n\u00e4 alkavalla viikolla s\u00e4\u00e4 jatkuu ennusteen mukaan tavanomaista l\u00e4mpim\u00e4mp\u00e4n\u00e4.<\/p>\n<p class=\"paragraph\">\u2013 Sade-ennuste kallistuu Suomessa juuri ja juuri pikemmin sateiseen kuin v\u00e4h\u00e4sateiseen p\u00e4in, mutta erot keskiarvoon ovat hyvin pieni\u00e4, Rinne kirjoittaa.<\/p>\n<p class=\"paragraph\">Marraskuun 17. p\u00e4iv\u00e4n\u00e4 alkavalla viikolla s\u00e4\u00e4 n\u00e4ytt\u00e4ytyy ennusteen mukaan yh\u00e4 tavanomaista l\u00e4mpim\u00e4mm\u00e4lt\u00e4. Foreca toteaa, ett\u00e4 ennuste kyseiselle viikolle on heikko.<\/p>\n<p><a href=\"https:\/\/www.iltalehti.fi\/parassaa?storeCampaign=ArticleBottomBanner\" rel=\"nofollow noopener\" target=\"_blank\"><img decoding=\"async\" src=\"https:\/\/www.europesays.com\/fi\/wp-content\/uploads\/2025\/08\/d0fd7860228df4fdd5fd0367e49d769aa09b08189080ddc5ccdd8c31ad63aca9.png\" alt=\"IL Paras S\u00e4\u00e4 - S\u00e4\u00e4tiedot ja s\u00e4\u00e4ennusteet\"\/><\/a><\/p>\n","protected":false},"excerpt":{"rendered":"Forecan mukaan tulevien viikkojen s\u00e4\u00e4 n\u00e4ytt\u00e4\u00e4 kuukausiennusteessa \u201dhyvinkin harmaalta\u201d. Sateenvarjo lienee tarpeellinen ulkoiluvaruste kautta maan tulevina viikkoina. Niina&hellip;\n","protected":false},"author":2,"featured_media":71597,"comment_status":"","ping_status":"","sticky":false,"template":"","format":"standard","meta":{"footnotes":""},"categories":[5],"tags":[35,22,23,26,27,33,31,30,17,713,24,25,28,29,715,15,18,21,710,714,1942,32,19,20,16],"class_list":{"0":"post-73919","1":"post","2":"type-post","3":"status-publish","4":"format-standard","5":"has-post-thumbnail","7":"category-otsikot","8":"tag-24h","9":"tag-breaking-news","10":"tag-breakingnews","11":"tag-featured-news","12":"tag-featurednews","13":"tag-fi","14":"tag-finland","15":"tag-finnish","16":"tag-headlines","17":"tag-lampotila-saa","18":"tag-latest-news","19":"tag-latestnews","20":"tag-main-news","21":"tag-mainnews","22":"tag-meteorologia","23":"tag-news","24":"tag-otsikot","25":"tag-paauutiset","26":"tag-saa","27":"tag-saaennustus","28":"tag-sateinen-saa","29":"tag-suomi","30":"tag-top-stories","31":"tag-topstories","32":"tag-uutiset"},"share_on_mastodon":{"url":"https:\/\/pubeurope.com\/@fi\/115447962321215383","error":""},"_links":{"self":[{"href":"https:\/\/www.europesays.com\/fi\/wp-json\/wp\/v2\/posts\/73919","targetHints":{"allow":["GET"]}}],"collection":[{"href":"https:\/\/www.europesays.com\/fi\/wp-json\/wp\/v2\/posts"}],"about":[{"href":"https:\/\/www.europesays.com\/fi\/wp-json\/wp\/v2\/types\/post"}],"author":[{"embeddable":true,"href":"https:\/\/www.europesays.com\/fi\/wp-json\/wp\/v2\/users\/2"}],"replies":[{"embeddable":true,"href":"https:\/\/www.europesays.com\/fi\/wp-json\/wp\/v2\/comments?post=73919"}],"version-history":[{"count":0,"href":"https:\/\/www.europesays.com\/fi\/wp-json\/wp\/v2\/posts\/73919\/revisions"}],"wp:featuredmedia":[{"embeddable":true,"href":"https:\/\/www.europesays.com\/fi\/wp-json\/wp\/v2\/media\/71597"}],"wp:attachment":[{"href":"https:\/\/www.europesays.com\/fi\/wp-json\/wp\/v2\/media?parent=73919"}],"wp:term":[{"taxonomy":"category","embeddable":true,"href":"https:\/\/www.europesays.com\/fi\/wp-json\/wp\/v2\/categories?post=73919"},{"taxonomy":"post_tag","embeddable":true,"href":"https:\/\/www.europesays.com\/fi\/wp-json\/wp\/v2\/tags?post=73919"}],"curies":[{"name":"wp","href":"https:\/\/api.w.org\/{rel}","templated":true}]}}