{"id":73920,"date":"2025-10-27T20:25:08","date_gmt":"2025-10-27T20:25:08","guid":{"rendered":"https:\/\/www.europesays.com\/fi\/73920\/"},"modified":"2025-10-27T20:25:08","modified_gmt":"2025-10-27T20:25:08","slug":"kiss-leirista-jalleen-surullinen-uutinen","status":"publish","type":"post","link":"https:\/\/www.europesays.com\/fi\/73920\/","title":{"rendered":"Kiss-leirist\u00e4 j\u00e4lleen surullinen uutinen"},"content":{"rendered":"<p>Kiss-yhtyeen pitk\u00e4aikainen turvallisuusp\u00e4\u00e4llikk\u00f6 on kuollut.<\/p>\n<p><img decoding=\"async\" class=\"image image-show image-preview\" src=\"https:\/\/www.europesays.com\/fi\/wp-content\/uploads\/2025\/10\/67016140fe42f9b0405d9d931ac24a202656127cab78baa2d01e9c88d865d85a.jpg\" alt=\"\"\/><img decoding=\"async\" class=\"image image-show\" src=\"https:\/\/www.europesays.com\/fi\/wp-content\/uploads\/2025\/10\/1761596708_781_67016140fe42f9b0405d9d931ac24a202656127cab78baa2d01e9c88d865d85a.jpg\" alt=\"\"\/><\/p>\n<p>Kiss-yhtyeen leirist\u00e4 on kantautunut viime aikoina surullisia uutisia. AOP<\/p>\n<p class=\"paragraph\">Kiss-yhtyeen turvallisuusp\u00e4\u00e4llikk\u00f6 <strong>Danny Francis<\/strong> on kuollut, kertoo <a href=\"https:\/\/www.mirror.co.uk\/3am\/celebrity-news\/breaking-kiss-security-manager-dies-36141811\" rel=\"noopener nofollow\" target=\"_blank\">Mirror<\/a>.<\/p>\n<p class=\"paragraph\">Yhtyeen kitaristi <a href=\"https:\/\/www.iltalehti.fi\/henkilot\/Paul Stanley\" class=\"article-link-person-page\" rel=\"nofollow noopener\" target=\"_blank\">Paul Stanley<\/a> kertoo Francisin kuolemasta sosiaalisessa mediassa.<\/p>\n<p class=\"paragraph\">\u2013 Danny Francis, rakas yst\u00e4v\u00e4ni, assistenttini ja niin paljon enemm\u00e4n 30 vuotta kest\u00e4neiden kiertueiden ja el\u00e4m\u00e4n aikana on kuollut raivokkaan taistelun j\u00e4lkeen maksasy\u00f6p\u00e4\u00e4 vastaan. Erin ja kaikki lapseni rakastivat h\u00e4nt\u00e4 ja h\u00e4nen yst\u00e4v\u00e4llisyytens\u00e4 v\u00e4littyi jokaiselle, jonka kanssa h\u00e4n oli tekemisiss\u00e4. Osanottoni h\u00e4nen koko perheelleen, Stanley kirjoittaa.<\/p>\n<p class=\"paragraph\">Jos julkaisu ei n\u00e4y, voit katsoa sen <a href=\"https:\/\/x.com\/PaulStanleyLive\/status\/1982609247738441772?ref_src=twsrc%5Etfw%7Ctwcamp%5Etweetembed%7Ctwterm%5E1982609247738441772%7Ctwgr%5E25ed5741f02fd5e341d6d070a9ce2b4fbda15722%7Ctwcon%5Es1_&amp;ref_url=https%3A%2F%2Fpeople.com%2Fembed%3Furl%3Dhttps3A2F2Fx.com2FPaulStanleyLive2Fstatus2F1982609247738441772id%3Dmntl-sc-block_8-0-iframeoptions%3De303DdocId%3D11837804\" rel=\"noopener nofollow\">t\u00e4st\u00e4 linkist\u00e4<\/a>.<\/p>\n<p class=\"paragraph\">Francis on ty\u00f6skennellyt Kissin kanssa 1980-luvulta l\u00e4htien. Vuosien varrella h\u00e4n on ty\u00f6skennellyt my\u00f6s <a href=\"https:\/\/www.iltalehti.fi\/henkilot\/Paul McCartney\" class=\"article-link-person-page\" rel=\"nofollow noopener\" target=\"_blank\">Paul McCartneyn<\/a>, Led Zeppelinin, <a href=\"https:\/\/www.iltalehti.fi\/henkilot\/Paul Rodgers\" class=\"article-link-person-page\" rel=\"nofollow noopener\" target=\"_blank\">Paul Rodgersin<\/a>, Bon Jovin ja <a href=\"https:\/\/www.iltalehti.fi\/henkilot\/Cher\" class=\"article-link-person-page\" rel=\"nofollow noopener\" target=\"_blank\">Cherin<\/a> kanssa.<\/p>\n<p class=\"paragraph\">Hiljattain Kiss-leirist\u00e4 kerrottiin my\u00f6s toinen suru-uutinen. Yhtyeen kitaristi <a href=\"https:\/\/www.iltalehti.fi\/henkilot\/Ace Frehley\" class=\"article-link-person-page\" rel=\"nofollow noopener\" target=\"_blank\">Ace Frehley<\/a> <a href=\"https:\/\/www.iltalehti.fi\/viihdeuutiset\/2572ed64-3c00-4cfa-9780-e31693c794da\" rel=\"nofollow noopener\" target=\"_blank\">kuoli<\/a> 74-vuotiaana lokakuun puoliv\u00e4liss\u00e4.<\/p>\n","protected":false},"excerpt":{"rendered":"Kiss-yhtyeen pitk\u00e4aikainen turvallisuusp\u00e4\u00e4llikk\u00f6 on kuollut. Kiss-yhtyeen leirist\u00e4 on kantautunut viime aikoina surullisia uutisia. AOP Kiss-yhtyeen turvallisuusp\u00e4\u00e4llikk\u00f6 Danny Francis&hellip;\n","protected":false},"author":2,"featured_media":73921,"comment_status":"","ping_status":"","sticky":false,"template":"","format":"standard","meta":{"footnotes":""},"categories":[136],"tags":[35,138,407,137,33,31,30,408,763,47,141,32,397,484,109],"class_list":{"0":"post-73920","1":"post","2":"type-post","3":"status-publish","4":"format-standard","5":"has-post-thumbnail","7":"category-julkkikset","8":"tag-24h","9":"tag-audio","10":"tag-celebrities","11":"tag-entertainment","12":"tag-fi","13":"tag-finland","14":"tag-finnish","15":"tag-julkkikset","16":"tag-kulttuuri-ja-viihde","17":"tag-musiikki","18":"tag-muusikot-bandit","19":"tag-suomi","20":"tag-taide","21":"tag-taiteellinen-ilmaisu-ja-mediat","22":"tag-viihde"},"share_on_mastodon":{"url":"https:\/\/pubeurope.com\/@fi\/115448009494901661","error":""},"_links":{"self":[{"href":"https:\/\/www.europesays.com\/fi\/wp-json\/wp\/v2\/posts\/73920","targetHints":{"allow":["GET"]}}],"collection":[{"href":"https:\/\/www.europesays.com\/fi\/wp-json\/wp\/v2\/posts"}],"about":[{"href":"https:\/\/www.europesays.com\/fi\/wp-json\/wp\/v2\/types\/post"}],"author":[{"embeddable":true,"href":"https:\/\/www.europesays.com\/fi\/wp-json\/wp\/v2\/users\/2"}],"replies":[{"embeddable":true,"href":"https:\/\/www.europesays.com\/fi\/wp-json\/wp\/v2\/comments?post=73920"}],"version-history":[{"count":0,"href":"https:\/\/www.europesays.com\/fi\/wp-json\/wp\/v2\/posts\/73920\/revisions"}],"wp:featuredmedia":[{"embeddable":true,"href":"https:\/\/www.europesays.com\/fi\/wp-json\/wp\/v2\/media\/73921"}],"wp:attachment":[{"href":"https:\/\/www.europesays.com\/fi\/wp-json\/wp\/v2\/media?parent=73920"}],"wp:term":[{"taxonomy":"category","embeddable":true,"href":"https:\/\/www.europesays.com\/fi\/wp-json\/wp\/v2\/categories?post=73920"},{"taxonomy":"post_tag","embeddable":true,"href":"https:\/\/www.europesays.com\/fi\/wp-json\/wp\/v2\/tags?post=73920"}],"curies":[{"name":"wp","href":"https:\/\/api.w.org\/{rel}","templated":true}]}}