{"id":73924,"date":"2025-10-27T20:30:08","date_gmt":"2025-10-27T20:30:08","guid":{"rendered":"https:\/\/www.europesays.com\/fi\/73924\/"},"modified":"2025-10-27T20:30:08","modified_gmt":"2025-10-27T20:30:08","slug":"nahdaanko-sydney-sweeney-bond-tyttona-nayttelija-kommentoi-huhuja-en-voi","status":"publish","type":"post","link":"https:\/\/www.europesays.com\/fi\/73924\/","title":{"rendered":"N\u00e4hd\u00e4\u00e4nk\u00f6 Sydney Sweeney Bond-tytt\u00f6n\u00e4? N\u00e4yttelij\u00e4 kommentoi huhuja: &#8221;En voi&#8230;&#8221;"},"content":{"rendered":"<p><a href=\"https:\/\/variety.com\/2025\/film\/news\/sydney-sweeney-christy-sex-symbol-bond-girl-rumors-1236560769\/\" rel=\"nofollow noopener\" target=\"_blank\">Variety<\/a> haastatteli n\u00e4yttelij\u00e4 <strong>Sydney Sweeneya<\/strong>, joka kommentoi sitkeit\u00e4 huhuja, joiden mukaan h\u00e4nest\u00e4 tulisi seuraavan James Bond -elokuvan naisp\u00e4\u00e4osa.<\/p>\n<p>Kun toimittaja kysyy, onko huhuilla per\u00e4\u00e4, Sweeney takeltelee.<\/p>\n<p>\u201dEn voi\u201d, Sweeney sanoi, ennen kuin piti seitsem\u00e4n sekunnin tauon.<\/p>\n<p>\u201dEn tied\u00e4\u201d, n\u00e4yttelij\u00e4 jatkaa ja pit\u00e4\u00e4 kymmenen sekunnin tauon.<\/p>\n<p>\u201dRehellisesti, en tied\u00e4 kaikkia Bond-huhuja, mutta olen aina ollut elokuvasarjan suuri fani ja innoissani ja utelias n\u00e4kem\u00e4\u00e4n, mit\u00e4 jatkossa tapahtuu.\u201d<\/p>\n<p>Mutta haluaisiko Sweeney olla Bond-tytt\u00f6?<\/p>\n<p>\u201dRiippuu k\u00e4sikirjoituksesta. Uskon, ett\u00e4 minulla olisi hauskempaa James Bondina\u201d, h\u00e4n vastaa.<\/p>\n<p><a href=\"https:\/\/www.episodi.fi\/uutiset\/glen-powellin-exa-kritisoi-medialle-syotettyja-romanssihuhuja-sydney-sweeneyn-kanssa-nain-nayttelija-vastaa\/\" rel=\"nofollow noopener\" target=\"_blank\">Lue my\u00f6s: Glen Powellin ex\u00e4 kritisoi medialle sy\u00f6tettyj\u00e4 romanssihuhuja Sydney Sweeneyn kanssa \u2013\u00a0N\u00e4in n\u00e4yttelij\u00e4 vastaa<\/a><\/p>\n<p>Lue my\u00f6s: <a href=\"https:\/\/www.episodi.fi\/uutiskirje\/?uutiskirjemainos=tekstilinkkimainos\" title=\"Tilaa Episodin uutiskirje ja voit voittaa leffalippuja! Nappaa tv-vinkit suoraan s\u00e4hk\u00f6postiin t\u00e4st\u00e4.\" class=\"underline-custom !font-montserrat !font-bold !underline-offset-4 !decoration-4 !decoration-episodi-blue !text-md\" rel=\"nofollow noopener\" target=\"_blank\">Tilaa Episodin uutiskirje ja voit voittaa leffalippuja! Nappaa katseluvinkit suoraan s\u00e4hk\u00f6postiin t\u00e4st\u00e4.<\/a><\/p>\n<p>\t\t\tAiheeseen liittyvi\u00e4 elokuvia<\/p>\n","protected":false},"excerpt":{"rendered":"Variety haastatteli n\u00e4yttelij\u00e4 Sydney Sweeneya, joka kommentoi sitkeit\u00e4 huhuja, joiden mukaan h\u00e4nest\u00e4 tulisi seuraavan James Bond -elokuvan naisp\u00e4\u00e4osa.&hellip;\n","protected":false},"author":2,"featured_media":73925,"comment_status":"","ping_status":"","sticky":false,"template":"","format":"standard","meta":{"footnotes":""},"categories":[131],"tags":[155,137,33,173,31,30,6302,1971,172,32,4184,109],"class_list":{"0":"post-73924","1":"post","2":"type-post","3":"status-publish","4":"format-standard","5":"has-post-thumbnail","7":"category-elokuvat","8":"tag-elokuvat","9":"tag-entertainment","10":"tag-fi","11":"tag-film","12":"tag-finland","13":"tag-finnish","14":"tag-ignostot","15":"tag-james-bond","16":"tag-movies","17":"tag-suomi","18":"tag-sydney-sweeney","19":"tag-viihde"},"share_on_mastodon":{"url":"https:\/\/pubeurope.com\/@fi\/115448029179567196","error":""},"_links":{"self":[{"href":"https:\/\/www.europesays.com\/fi\/wp-json\/wp\/v2\/posts\/73924","targetHints":{"allow":["GET"]}}],"collection":[{"href":"https:\/\/www.europesays.com\/fi\/wp-json\/wp\/v2\/posts"}],"about":[{"href":"https:\/\/www.europesays.com\/fi\/wp-json\/wp\/v2\/types\/post"}],"author":[{"embeddable":true,"href":"https:\/\/www.europesays.com\/fi\/wp-json\/wp\/v2\/users\/2"}],"replies":[{"embeddable":true,"href":"https:\/\/www.europesays.com\/fi\/wp-json\/wp\/v2\/comments?post=73924"}],"version-history":[{"count":0,"href":"https:\/\/www.europesays.com\/fi\/wp-json\/wp\/v2\/posts\/73924\/revisions"}],"wp:featuredmedia":[{"embeddable":true,"href":"https:\/\/www.europesays.com\/fi\/wp-json\/wp\/v2\/media\/73925"}],"wp:attachment":[{"href":"https:\/\/www.europesays.com\/fi\/wp-json\/wp\/v2\/media?parent=73924"}],"wp:term":[{"taxonomy":"category","embeddable":true,"href":"https:\/\/www.europesays.com\/fi\/wp-json\/wp\/v2\/categories?post=73924"},{"taxonomy":"post_tag","embeddable":true,"href":"https:\/\/www.europesays.com\/fi\/wp-json\/wp\/v2\/tags?post=73924"}],"curies":[{"name":"wp","href":"https:\/\/api.w.org\/{rel}","templated":true}]}}